{"id":19274,"date":"2012-06-12T09:38:04","date_gmt":"2012-06-12T13:38:04","guid":{"rendered":"http:\/\/www.eltrabajo.cl\/portal\/?p=19274"},"modified":"2012-06-12T09:38:04","modified_gmt":"2012-06-12T13:38:04","slug":"intensas-lluvias-y-vientos-por-sobre-40-kmhora-se-espera-deje-temporal","status":"publish","type":"post","link":"https:\/\/eltrabajo.cl\/portal\/intensas-lluvias-y-vientos-por-sobre-40-kmhora-se-espera-deje-temporal\/","title":{"rendered":"Intensas lluvias y vientos por sobre 40 Km\/hora se espera deje temporal"},"content":{"rendered":"<figure id=\"attachment_19275\" aria-describedby=\"caption-attachment-19275\" style=\"width: 600px\" class=\"wp-caption alignnone\"><a href=\"http:\/\/www.eltrabajo.cl\/portal\/2012\/06\/intensas-lluvias-y-vientos-por-sobre-40-kmhora-se-espera-deje-temporal\/temporal-arbol-caido\/\" rel=\"attachment wp-att-19275\"><img data-recalc-dims=\"1\" loading=\"lazy\" decoding=\"async\" class=\"size-full wp-image-19275\" title=\"temporal arbol caido\" src=\"https:\/\/i0.wp.com\/www.eltrabajo.cl\/portal\/wp-content\/uploads\/2012\/06\/temporal-arbol-caido.jpg?resize=600%2C450\" alt=\"\" width=\"600\" height=\"450\" srcset=\"https:\/\/i0.wp.com\/eltrabajo.cl\/portal\/wp-content\/uploads\/2012\/06\/temporal-arbol-caido.jpg?w=600&amp;ssl=1 600w, https:\/\/i0.wp.com\/eltrabajo.cl\/portal\/wp-content\/uploads\/2012\/06\/temporal-arbol-caido.jpg?resize=200%2C150&amp;ssl=1 200w, https:\/\/i0.wp.com\/eltrabajo.cl\/portal\/wp-content\/uploads\/2012\/06\/temporal-arbol-caido.jpg?resize=300%2C225&amp;ssl=1 300w, https:\/\/i0.wp.com\/eltrabajo.cl\/portal\/wp-content\/uploads\/2012\/06\/temporal-arbol-caido.jpg?resize=150%2C112&amp;ssl=1 150w, https:\/\/i0.wp.com\/eltrabajo.cl\/portal\/wp-content\/uploads\/2012\/06\/temporal-arbol-caido.jpg?resize=400%2C300&amp;ssl=1 400w\" sizes=\"auto, (max-width: 600px) 100vw, 600px\" \/><\/a><figcaption id=\"caption-attachment-19275\" class=\"wp-caption-text\">El temporal pasado caus\u00f3 estragos en todo el valle de Aconcagua por los fuertes vientos, situaci\u00f3n que se repetir\u00e1 aunque de una fuerza levemente inferior.<\/figcaption><\/figure>\n<p>Precipitaciones por sobre los 40 mil\u00edmetros, nevadas de hasta 50 cent\u00edmetros en la alta cordillera y vientos de cerca de 50 kil\u00f3metros por hora se espera que afecten a las provincias de San Felipe y Los Andes desde hoy y hasta el jueves de acuerdo al reporte de la Direcci\u00f3n Meteorol\u00f3gica de Chile.<\/p>\n<p>A fin de enfrentar adecuadamente este sistema frontal, en Los Andes, el Comit\u00e9 Provincial de Emergencia se encuentra activado y en coordinaci\u00f3n con los diferentes servicios a fin de estar alerta ante cualquier imprevisto.<\/p>\n<p>El Coordinador Provincial de Emergencias y Seguridad P\u00fablica, Carlos \u00c1lamos, se\u00f1al\u00f3 que existe natural preocupaci\u00f3n por las intensas precipitaciones que se espera caigan entre hoy martes y este jueves, existiendo tambi\u00e9n la posibilidad de chubascos para el s\u00e1bado.<\/p>\n<p>\u201cComo medida provincial nosotros hemos coordinado con los municipio y los servicios p\u00fablicos adem\u00e1s de las empresas de servicios b\u00e1sicos, distintas actividades, en particular con los municipios prevenci\u00f3n, limpieza de cursos de agua, cortes de ramas que est\u00e9n en peligro de caer, y a Vialidad le hemos solicitado que se nos mantenga informado de cualquier corte de ruta que se produzca a los servicios b\u00e1sicos\u201d, expres\u00f3 \u00c1lamos.<\/p>\n<p>Agreg\u00f3 que est\u00e1n coordinando con Esval a fin de tener la cantidad suficiente de camiones aljibes disponibles, y en el caso de Chilquinta un n\u00famero adecuado de cuadrillas a fin de reponer en el menor tiempo posible el suministro de electricidad.<\/p>\n<p>\u201cA ambas empresas se les ha solicitado m\u00e1s que la rapidez, ya que se entiende que hay un factor humano donde no se puede exigir m\u00e1s, pero la idea es informar a la comunidad, ya que la desinformaci\u00f3n causa muchas veces que la comunidad se preocupe y que empiecen a circular rumores infundados\u201d, plante\u00f3 el coordinador provincial.<\/p>\n<p>De igual forma, asegur\u00f3 que se mantiene la coordinaci\u00f3n con los distintos estamentos de emergencia a trav\u00e9s de los sistemas radiales en caso de que los sistemas telef\u00f3nicos puedan colapsar.<\/p>\n<p>Asimismo, \u00c1lamos sostuvo que mantendr\u00e1n un monitoreo permanente del cauce del r\u00edo Aconcagua para alertar en caso de desbordes que puedan inundar los campamentos ubicados en la ribera.<\/p>\n<p>\u201cTendremos una vigilancia personal permanente del cauce del r\u00edo, pues recordemos que en el \u00faltimo temporal cayeron 34 mil\u00edmetros de lluvia y el r\u00edo alcanz\u00f3 un m\u00e1ximo de 150 Mts. c\u00fabicos por segundo, por lo tanto esperamos que en esta oportunidad el r\u00edo pueda presentar una alza de su caudal\u201d, asever\u00f3.<\/p>\n<p>&nbsp;<\/p>\n<p><strong>CIERRAN PASO FRONTERIZO<\/strong><\/p>\n<p>Por otra parte, el Coordinador del Complejo Los Libertadores, Alex Ram\u00edrez, inform\u00f3 que a contar de las 8 de la ma\u00f1ana de este martes ser\u00e1 suspendido el tr\u00e1nsito de veh\u00edculos por el paso Cristo Redentor debido a este sistema frontal.<\/p>\n<p>Su reapertura s\u00f3lo ser\u00e1 posible en la medida que mejoren las condiciones clim\u00e1ticas en los pr\u00f3ximos d\u00edas.<\/p>\n","protected":false},"excerpt":{"rendered":"<p>Precipitaciones por sobre los 40 mil\u00edmetros, nevadas de hasta 50 cent\u00edmetros en la alta cordillera y vientos de cerca de 50 kil\u00f3metros por hora se espera que afecten a las provincias de&#8230;<\/p>\n","protected":false},"author":1,"featured_media":19275,"comment_status":"open","ping_status":"closed","sticky":false,"template":"","format":"standard","meta":{"advanced_seo_description":"","jetpack_seo_html_title":"","jetpack_seo_noindex":false,"_jetpack_memberships_contains_paid_content":false,"footnotes":""},"categories":[1],"tags":[],"class_list":["post-19274","post","type-post","status-publish","format-standard","has-post-thumbnail","hentry","category-cronica"],"jetpack_featured_media_url":"https:\/\/i0.wp.com\/eltrabajo.cl\/portal\/wp-content\/uploads\/2012\/06\/temporal-arbol-caido.jpg?fit=600%2C450&ssl=1","jetpack_sharing_enabled":true,"jetpack_likes_enabled":true,"jetpack-related-posts":[],"_links":{"self":[{"href":"https:\/\/eltrabajo.cl\/portal\/wp-json\/wp\/v2\/posts\/19274","targetHints":{"allow":["GET"]}}],"collection":[{"href":"https:\/\/eltrabajo.cl\/portal\/wp-json\/wp\/v2\/posts"}],"about":[{"href":"https:\/\/eltrabajo.cl\/portal\/wp-json\/wp\/v2\/types\/post"}],"author":[{"embeddable":true,"href":"https:\/\/eltrabajo.cl\/portal\/wp-json\/wp\/v2\/users\/1"}],"replies":[{"embeddable":true,"href":"https:\/\/eltrabajo.cl\/portal\/wp-json\/wp\/v2\/comments?post=19274"}],"version-history":[{"count":0,"href":"https:\/\/eltrabajo.cl\/portal\/wp-json\/wp\/v2\/posts\/19274\/revisions"}],"wp:featuredmedia":[{"embeddable":true,"href":"https:\/\/eltrabajo.cl\/portal\/wp-json\/wp\/v2\/media\/19275"}],"wp:attachment":[{"href":"https:\/\/eltrabajo.cl\/portal\/wp-json\/wp\/v2\/media?parent=19274"}],"wp:term":[{"taxonomy":"category","embeddable":true,"href":"https:\/\/eltrabajo.cl\/portal\/wp-json\/wp\/v2\/categories?post=19274"},{"taxonomy":"post_tag","embeddable":true,"href":"https:\/\/eltrabajo.cl\/portal\/wp-json\/wp\/v2\/tags?post=19274"}],"curies":[{"name":"wp","href":"https:\/\/api.w.org\/{rel}","templated":true}]}}