{"id":19335,"date":"2012-06-13T09:45:16","date_gmt":"2012-06-13T13:45:16","guid":{"rendered":"http:\/\/www.eltrabajo.cl\/portal\/?p=19335"},"modified":"2012-06-13T09:45:16","modified_gmt":"2012-06-13T13:45:16","slug":"estudiantes-de-enfermeria-de-la-uv-son-investidos-con-su-uniforme-profesional","status":"publish","type":"post","link":"https:\/\/eltrabajo.cl\/portal\/estudiantes-de-enfermeria-de-la-uv-son-investidos-con-su-uniforme-profesional\/","title":{"rendered":"Estudiantes de Enfermer\u00eda de la UV son investidos con su uniforme profesional"},"content":{"rendered":"<figure id=\"attachment_19336\" aria-describedby=\"caption-attachment-19336\" style=\"width: 600px\" class=\"wp-caption alignnone\"><a href=\"http:\/\/www.eltrabajo.cl\/portal\/2012\/06\/estudiantes-de-enfermeria-de-la-uv-son-investidos-con-su-uniforme-profesional\/estudiantes-enfermeria\/\" rel=\"attachment wp-att-19336\"><img data-recalc-dims=\"1\" loading=\"lazy\" decoding=\"async\" class=\"size-full wp-image-19336\" title=\"estudiantes enfermeria\" src=\"https:\/\/i0.wp.com\/www.eltrabajo.cl\/portal\/wp-content\/uploads\/2012\/06\/estudiantes-enfermeria.jpg?resize=600%2C450\" alt=\"\" width=\"600\" height=\"450\" srcset=\"https:\/\/i0.wp.com\/eltrabajo.cl\/portal\/wp-content\/uploads\/2012\/06\/estudiantes-enfermeria.jpg?w=600&amp;ssl=1 600w, https:\/\/i0.wp.com\/eltrabajo.cl\/portal\/wp-content\/uploads\/2012\/06\/estudiantes-enfermeria.jpg?resize=200%2C150&amp;ssl=1 200w, https:\/\/i0.wp.com\/eltrabajo.cl\/portal\/wp-content\/uploads\/2012\/06\/estudiantes-enfermeria.jpg?resize=300%2C225&amp;ssl=1 300w, https:\/\/i0.wp.com\/eltrabajo.cl\/portal\/wp-content\/uploads\/2012\/06\/estudiantes-enfermeria.jpg?resize=150%2C112&amp;ssl=1 150w, https:\/\/i0.wp.com\/eltrabajo.cl\/portal\/wp-content\/uploads\/2012\/06\/estudiantes-enfermeria.jpg?resize=400%2C300&amp;ssl=1 400w\" sizes=\"auto, (max-width: 600px) 100vw, 600px\" \/><\/a><figcaption id=\"caption-attachment-19336\" class=\"wp-caption-text\">Un total de 38 estudiantes de Enfermer\u00eda fueron investidos con su uniforme profesional.<\/figcaption><\/figure>\n<ul>\n<li><strong>Previo al inicio a sus pr\u00e1cticos en centros de salud primaria y hospitales, los alumnos fueron investidos en una emotiva ceremonia.<\/strong><\/li>\n<\/ul>\n<p>En el marco de una ceremonia a la que asistieron directivos y profesores del campus San Felipe, as\u00ed como padres, amigos y familiares, 38 estudiantes de la carrera de Enfermer\u00eda fueron investidos con su uniforme profesional.<\/p>\n<p>Seg\u00fan explic\u00f3 la secretaria acad\u00e9mica de Enfermer\u00eda, Ang\u00e9lica Colvin, este es un ritual que de paso marca el inicio de los pr\u00e1cticos de los alumnos en los campos cl\u00ednicos.<\/p>\n<figure id=\"attachment_19337\" aria-describedby=\"caption-attachment-19337\" style=\"width: 300px\" class=\"wp-caption alignright\"><a href=\"http:\/\/www.eltrabajo.cl\/portal\/2012\/06\/estudiantes-de-enfermeria-de-la-uv-son-investidos-con-su-uniforme-profesional\/investidura\/\" rel=\"attachment wp-att-19337\"><img data-recalc-dims=\"1\" loading=\"lazy\" decoding=\"async\" class=\"size-medium wp-image-19337\" title=\"investidura\" src=\"https:\/\/i0.wp.com\/www.eltrabajo.cl\/portal\/wp-content\/uploads\/2012\/06\/investidura-300x225.jpg?resize=300%2C225\" alt=\"\" width=\"300\" height=\"225\" srcset=\"https:\/\/i0.wp.com\/eltrabajo.cl\/portal\/wp-content\/uploads\/2012\/06\/investidura.jpg?resize=300%2C225&amp;ssl=1 300w, https:\/\/i0.wp.com\/eltrabajo.cl\/portal\/wp-content\/uploads\/2012\/06\/investidura.jpg?resize=200%2C150&amp;ssl=1 200w, https:\/\/i0.wp.com\/eltrabajo.cl\/portal\/wp-content\/uploads\/2012\/06\/investidura.jpg?resize=150%2C112&amp;ssl=1 150w, https:\/\/i0.wp.com\/eltrabajo.cl\/portal\/wp-content\/uploads\/2012\/06\/investidura.jpg?resize=400%2C300&amp;ssl=1 400w, https:\/\/i0.wp.com\/eltrabajo.cl\/portal\/wp-content\/uploads\/2012\/06\/investidura.jpg?w=600&amp;ssl=1 600w\" sizes=\"auto, (max-width: 300px) 100vw, 300px\" \/><\/a><figcaption id=\"caption-attachment-19337\" class=\"wp-caption-text\">Las futuras profesionales reciben la \u2018cofia\u2019 que da el toque final a su uniforme de enfermeras.<\/figcaption><\/figure>\n<p>\u201cA nivel del segundo a\u00f1o de Enfermer\u00eda, se realiza una ceremonia de investidura, donde por primera vez los estudiantes visten su uniforme que van a usar entrando a los hospitales y a la atenci\u00f3n primaria. De eso se trata, ellos a\u00fan no han ido a hacer pr\u00e1ctica, pero en los pr\u00f3ximos d\u00edas comienzan a ir\u201d, explic\u00f3 la acad\u00e9mica.<\/p>\n<p>Agreg\u00f3 que este es un hito importante en el proceso formativo de los estudiantes, dado que a la ceremonia de investidura invitan a sus padres y cercanos, para hacerlos part\u00edcipes de este momento tan especial.<\/p>\n<p>\u201cEllos ya se est\u00e1n sintiendo un poco m\u00e1s enfermeros\u201d, precis\u00f3 Colvin.<\/p>\n<p>En el marco de la asignatura de Adulto, los alumnos y alumnas de la carrera de Enfermer\u00eda comienzan sus pr\u00e1cticos en los hospitales y centros de salud, lo que est\u00e1 fijado para el 25 de junio.<\/p>\n<p>\u201cEste es un momento muy especial, lleno de emoci\u00f3n, porque sus pap\u00e1s est\u00e1n ac\u00e1, sus familiares y amigos, mientras que nosotros estamos muy esperanzados de que sea \u00e9ste un grupo humano bueno. Este curso es muy bueno, muy estudioso, tiene muy buenos antecedentes acad\u00e9micos, as\u00ed que nosotros esperamos que les vaya muy bien en lo que sigue\u201d, puntualiz\u00f3 la secretaria acad\u00e9mica.<\/p>\n","protected":false},"excerpt":{"rendered":"<p>Previo al inicio a sus pr\u00e1cticos en centros de salud primaria y hospitales, los alumnos fueron investidos en una emotiva ceremonia. En el marco de una ceremonia a la que asistieron directivos&#8230;<\/p>\n","protected":false},"author":482,"featured_media":19336,"comment_status":"open","ping_status":"closed","sticky":false,"template":"","format":"standard","meta":{"advanced_seo_description":"","jetpack_seo_html_title":"","jetpack_seo_noindex":false,"_jetpack_memberships_contains_paid_content":false,"footnotes":""},"categories":[15],"tags":[],"class_list":["post-19335","post","type-post","status-publish","format-standard","has-post-thumbnail","hentry","category-comunidad"],"jetpack_featured_media_url":"https:\/\/i0.wp.com\/eltrabajo.cl\/portal\/wp-content\/uploads\/2012\/06\/estudiantes-enfermeria.jpg?fit=600%2C450&ssl=1","jetpack_sharing_enabled":true,"jetpack_likes_enabled":true,"jetpack-related-posts":[],"_links":{"self":[{"href":"https:\/\/eltrabajo.cl\/portal\/wp-json\/wp\/v2\/posts\/19335","targetHints":{"allow":["GET"]}}],"collection":[{"href":"https:\/\/eltrabajo.cl\/portal\/wp-json\/wp\/v2\/posts"}],"about":[{"href":"https:\/\/eltrabajo.cl\/portal\/wp-json\/wp\/v2\/types\/post"}],"author":[{"embeddable":true,"href":"https:\/\/eltrabajo.cl\/portal\/wp-json\/wp\/v2\/users\/482"}],"replies":[{"embeddable":true,"href":"https:\/\/eltrabajo.cl\/portal\/wp-json\/wp\/v2\/comments?post=19335"}],"version-history":[{"count":0,"href":"https:\/\/eltrabajo.cl\/portal\/wp-json\/wp\/v2\/posts\/19335\/revisions"}],"wp:featuredmedia":[{"embeddable":true,"href":"https:\/\/eltrabajo.cl\/portal\/wp-json\/wp\/v2\/media\/19336"}],"wp:attachment":[{"href":"https:\/\/eltrabajo.cl\/portal\/wp-json\/wp\/v2\/media?parent=19335"}],"wp:term":[{"taxonomy":"category","embeddable":true,"href":"https:\/\/eltrabajo.cl\/portal\/wp-json\/wp\/v2\/categories?post=19335"},{"taxonomy":"post_tag","embeddable":true,"href":"https:\/\/eltrabajo.cl\/portal\/wp-json\/wp\/v2\/tags?post=19335"}],"curies":[{"name":"wp","href":"https:\/\/api.w.org\/{rel}","templated":true}]}}