{"id":19340,"date":"2012-06-13T09:49:33","date_gmt":"2012-06-13T13:49:33","guid":{"rendered":"http:\/\/www.eltrabajo.cl\/portal\/?p=19340"},"modified":"2012-06-13T09:49:33","modified_gmt":"2012-06-13T13:49:33","slug":"club-alon-eli-y-senda-previene-santa-maria-marcharon-en-dia-mundial-sin-fumar","status":"publish","type":"post","link":"https:\/\/eltrabajo.cl\/portal\/club-alon-eli-y-senda-previene-santa-maria-marcharon-en-dia-mundial-sin-fumar\/","title":{"rendered":"Club Al\u00f3n El\u00ed y Senda Previene Santa Mar\u00eda marcharon en D\u00eda Mundial sin Fumar"},"content":{"rendered":"<figure id=\"attachment_19341\" aria-describedby=\"caption-attachment-19341\" style=\"width: 600px\" class=\"wp-caption alignnone\"><a href=\"http:\/\/www.eltrabajo.cl\/portal\/2012\/06\/club-alon-eli-y-senda-previene-santa-maria-marcharon-en-dia-mundial-sin-fumar\/dia-mundial-sin-fumar-3\/\" rel=\"attachment wp-att-19341\"><img data-recalc-dims=\"1\" loading=\"lazy\" decoding=\"async\" class=\"size-full wp-image-19341\" title=\"dia mundial sin fumar (3)\" src=\"https:\/\/i0.wp.com\/www.eltrabajo.cl\/portal\/wp-content\/uploads\/2012\/06\/dia-mundial-sin-fumar-3.jpg?resize=600%2C450\" alt=\"\" width=\"600\" height=\"450\" srcset=\"https:\/\/i0.wp.com\/eltrabajo.cl\/portal\/wp-content\/uploads\/2012\/06\/dia-mundial-sin-fumar-3.jpg?w=600&amp;ssl=1 600w, https:\/\/i0.wp.com\/eltrabajo.cl\/portal\/wp-content\/uploads\/2012\/06\/dia-mundial-sin-fumar-3.jpg?resize=200%2C150&amp;ssl=1 200w, https:\/\/i0.wp.com\/eltrabajo.cl\/portal\/wp-content\/uploads\/2012\/06\/dia-mundial-sin-fumar-3.jpg?resize=300%2C225&amp;ssl=1 300w, https:\/\/i0.wp.com\/eltrabajo.cl\/portal\/wp-content\/uploads\/2012\/06\/dia-mundial-sin-fumar-3.jpg?resize=150%2C112&amp;ssl=1 150w, https:\/\/i0.wp.com\/eltrabajo.cl\/portal\/wp-content\/uploads\/2012\/06\/dia-mundial-sin-fumar-3.jpg?resize=400%2C300&amp;ssl=1 400w\" sizes=\"auto, (max-width: 600px) 100vw, 600px\" \/><\/a><figcaption id=\"caption-attachment-19341\" class=\"wp-caption-text\">La actividad busca despertar conciencia en los vecinos sobre los da\u00f1os irreversibles que produce el cigarrillo y que solo conduce a diversas enfermedades y posteriormente a la muerte.<\/figcaption><\/figure>\n<p>Como ya es tradicional, el Club de Conquistadores y Aventureros Al\u00f3n El\u00ed y el Programa Senda Previene celebraron el \u2018D\u00eda Mundial Sin Fumar\u2019. Esta iniciativa se lleva realizando dos a\u00f1os consecutivos y ha sido patrocinada durante los \u00faltimos por la municipalidad de Santa Mar\u00eda y la Iglesia Adventista, con el apoyo de Senda Previene.<\/p>\n<p>&nbsp;<\/p>\n<figure id=\"attachment_19343\" aria-describedby=\"caption-attachment-19343\" style=\"width: 300px\" class=\"wp-caption alignright\"><a href=\"http:\/\/www.eltrabajo.cl\/portal\/2012\/06\/club-alon-eli-y-senda-previene-santa-maria-marcharon-en-dia-mundial-sin-fumar\/dia-mundial-sin-fumar-2-2\/\" rel=\"attachment wp-att-19343\"><img data-recalc-dims=\"1\" loading=\"lazy\" decoding=\"async\" class=\"size-medium wp-image-19343\" title=\"dia mundial sin fumar (2)\" src=\"https:\/\/i0.wp.com\/www.eltrabajo.cl\/portal\/wp-content\/uploads\/2012\/06\/dia-mundial-sin-fumar-21-300x225.jpg?resize=300%2C225\" alt=\"\" width=\"300\" height=\"225\" srcset=\"https:\/\/i0.wp.com\/eltrabajo.cl\/portal\/wp-content\/uploads\/2012\/06\/dia-mundial-sin-fumar-21.jpg?resize=300%2C225&amp;ssl=1 300w, https:\/\/i0.wp.com\/eltrabajo.cl\/portal\/wp-content\/uploads\/2012\/06\/dia-mundial-sin-fumar-21.jpg?resize=200%2C150&amp;ssl=1 200w, https:\/\/i0.wp.com\/eltrabajo.cl\/portal\/wp-content\/uploads\/2012\/06\/dia-mundial-sin-fumar-21.jpg?resize=150%2C112&amp;ssl=1 150w, https:\/\/i0.wp.com\/eltrabajo.cl\/portal\/wp-content\/uploads\/2012\/06\/dia-mundial-sin-fumar-21.jpg?resize=400%2C300&amp;ssl=1 400w, https:\/\/i0.wp.com\/eltrabajo.cl\/portal\/wp-content\/uploads\/2012\/06\/dia-mundial-sin-fumar-21.jpg?w=600&amp;ssl=1 600w\" sizes=\"auto, (max-width: 300px) 100vw, 300px\" \/><\/a><figcaption id=\"caption-attachment-19343\" class=\"wp-caption-text\">La actividad involucr\u00f3 a ni\u00f1os, ni\u00f1as y adolescentes, con los cuales se trabaja en el reconocimiento y empoderamiento de una vida saludable.<\/figcaption><\/figure>\n<p>&nbsp;<\/p>\n<p>Viviana Sep\u00falveda Espinoza, miembro activo de la Iglesia y el Centro Cultural Al\u00f3n El\u00ed, nos se\u00f1alo que \u201ccomo ya es tradicional, todos los 31 de mayo de cada a\u00f1o, se celebra el d\u00eda mundial sin fumar, por lo tanto nuestra congregaci\u00f3n no quiere estar ajena a esta actividad y el d\u00eda 2 de junio realizamos una marcha de sensibilizaci\u00f3n para la ciudadan\u00eda, la idea es impactar a los habitantes de la comuna de Santa Mar\u00eda para que sepan y tomen conciencia de los da\u00f1os irreversibles que produce el cigarrillo y que solo conduce a diversas enfermedades y posteriormente a la muerte. Asimismo involucrar a ni\u00f1os, ni\u00f1as y adolescentes, con los cuales trabajamos en el reconocimiento y empoderamiento de una vida saludable\u201d.<\/p>\n<p>La marcha se inici\u00f3 en la plaza de armas y posteriormente se dirigieron a las principales intersecciones del centro de la comuna, donde se ubican los sem\u00e1foros, terminando en la concurrida feria de frutas y verduras que se realiza los d\u00edas s\u00e1bados.<\/p>\n<p>En la actividad se realizaron proclamas alusivas a los da\u00f1os que produce el cigarrillo y se intercambiaron deliciosas brochetas de frutas por cigarrillos.<\/p>\n","protected":false},"excerpt":{"rendered":"<p>Como ya es tradicional, el Club de Conquistadores y Aventureros Al\u00f3n El\u00ed y el Programa Senda Previene celebraron el \u2018D\u00eda Mundial Sin Fumar\u2019. Esta iniciativa se lleva realizando dos a\u00f1os consecutivos y&#8230;<\/p>\n","protected":false},"author":482,"featured_media":19341,"comment_status":"open","ping_status":"closed","sticky":false,"template":"","format":"standard","meta":{"advanced_seo_description":"","jetpack_seo_html_title":"","jetpack_seo_noindex":false,"_jetpack_memberships_contains_paid_content":false,"footnotes":""},"categories":[15],"tags":[],"class_list":["post-19340","post","type-post","status-publish","format-standard","has-post-thumbnail","hentry","category-comunidad"],"jetpack_featured_media_url":"https:\/\/i0.wp.com\/eltrabajo.cl\/portal\/wp-content\/uploads\/2012\/06\/dia-mundial-sin-fumar-3.jpg?fit=600%2C450&ssl=1","jetpack_sharing_enabled":true,"jetpack_likes_enabled":true,"jetpack-related-posts":[],"_links":{"self":[{"href":"https:\/\/eltrabajo.cl\/portal\/wp-json\/wp\/v2\/posts\/19340","targetHints":{"allow":["GET"]}}],"collection":[{"href":"https:\/\/eltrabajo.cl\/portal\/wp-json\/wp\/v2\/posts"}],"about":[{"href":"https:\/\/eltrabajo.cl\/portal\/wp-json\/wp\/v2\/types\/post"}],"author":[{"embeddable":true,"href":"https:\/\/eltrabajo.cl\/portal\/wp-json\/wp\/v2\/users\/482"}],"replies":[{"embeddable":true,"href":"https:\/\/eltrabajo.cl\/portal\/wp-json\/wp\/v2\/comments?post=19340"}],"version-history":[{"count":0,"href":"https:\/\/eltrabajo.cl\/portal\/wp-json\/wp\/v2\/posts\/19340\/revisions"}],"wp:featuredmedia":[{"embeddable":true,"href":"https:\/\/eltrabajo.cl\/portal\/wp-json\/wp\/v2\/media\/19341"}],"wp:attachment":[{"href":"https:\/\/eltrabajo.cl\/portal\/wp-json\/wp\/v2\/media?parent=19340"}],"wp:term":[{"taxonomy":"category","embeddable":true,"href":"https:\/\/eltrabajo.cl\/portal\/wp-json\/wp\/v2\/categories?post=19340"},{"taxonomy":"post_tag","embeddable":true,"href":"https:\/\/eltrabajo.cl\/portal\/wp-json\/wp\/v2\/tags?post=19340"}],"curies":[{"name":"wp","href":"https:\/\/api.w.org\/{rel}","templated":true}]}}