{"id":19346,"date":"2012-06-13T09:52:27","date_gmt":"2012-06-13T13:52:27","guid":{"rendered":"http:\/\/www.eltrabajo.cl\/portal\/?p=19346"},"modified":"2012-06-13T09:52:27","modified_gmt":"2012-06-13T13:52:27","slug":"en-diciembre-entregaran-cesfam-cordillera-andina-al-uso-de-30-mil-personas","status":"publish","type":"post","link":"https:\/\/eltrabajo.cl\/portal\/en-diciembre-entregaran-cesfam-cordillera-andina-al-uso-de-30-mil-personas\/","title":{"rendered":"En diciembre entregar\u00e1n Cesfam Cordillera Andina al uso de 30 mil personas"},"content":{"rendered":"<figure id=\"attachment_19347\" aria-describedby=\"caption-attachment-19347\" style=\"width: 600px\" class=\"wp-caption alignnone\"><a href=\"http:\/\/www.eltrabajo.cl\/portal\/2012\/06\/en-diciembre-entregaran-cesfam-cordillera-andina-al-uso-de-30-mil-personas\/obras-cesfamcordillera1\/\" rel=\"attachment wp-att-19347\"><img data-recalc-dims=\"1\" loading=\"lazy\" decoding=\"async\" class=\"size-full wp-image-19347\" title=\"obras-cesfamcordillera1\" src=\"https:\/\/i0.wp.com\/www.eltrabajo.cl\/portal\/wp-content\/uploads\/2012\/06\/obras-cesfamcordillera1.jpg?resize=600%2C450\" alt=\"\" width=\"600\" height=\"450\" srcset=\"https:\/\/i0.wp.com\/eltrabajo.cl\/portal\/wp-content\/uploads\/2012\/06\/obras-cesfamcordillera1.jpg?w=600&amp;ssl=1 600w, https:\/\/i0.wp.com\/eltrabajo.cl\/portal\/wp-content\/uploads\/2012\/06\/obras-cesfamcordillera1.jpg?resize=200%2C150&amp;ssl=1 200w, https:\/\/i0.wp.com\/eltrabajo.cl\/portal\/wp-content\/uploads\/2012\/06\/obras-cesfamcordillera1.jpg?resize=300%2C225&amp;ssl=1 300w, https:\/\/i0.wp.com\/eltrabajo.cl\/portal\/wp-content\/uploads\/2012\/06\/obras-cesfamcordillera1.jpg?resize=150%2C112&amp;ssl=1 150w, https:\/\/i0.wp.com\/eltrabajo.cl\/portal\/wp-content\/uploads\/2012\/06\/obras-cesfamcordillera1.jpg?resize=400%2C300&amp;ssl=1 400w\" sizes=\"auto, (max-width: 600px) 100vw, 600px\" \/><\/a><figcaption id=\"caption-attachment-19347\" class=\"wp-caption-text\">El nuevo Cesfam se entregar\u00e1 al uso de la comunidad en diciembre y atender\u00e1 a m\u00e1s de 30 mil personas.<\/figcaption><\/figure>\n<p><strong>LOS ANDES.-<\/strong> Un 26% de avance presentan las obras de construcci\u00f3n del nuevo Cesfam Cordillera Andina, cuya inversi\u00f3n total supera los 3 mil 500 millones de pesos.<\/p>\n<p>La informaci\u00f3n fue proporcionada por el Director del Servicio de Salud Aconcagua, Rodrigo Infante, quien se\u00f1al\u00f3 que las obras avanzan conforme al cronograma establecido al inicio de los trabajos y deber\u00edan estar concluyendo durante el pr\u00f3ximo mes de diciembre.<\/p>\n<p>Infante declar\u00f3 que la comunidad ha sido testigo de los avances de este proyecto que involucra una superficie construida de cuatro mil metros cuadrados y que una vez que entre funcionamiento atender\u00e1 a m\u00e1s de 30 mil personas.<\/p>\n<p>&nbsp;<\/p>\n<figure id=\"attachment_19348\" aria-describedby=\"caption-attachment-19348\" style=\"width: 300px\" class=\"wp-caption alignright\"><a href=\"http:\/\/www.eltrabajo.cl\/portal\/2012\/06\/en-diciembre-entregaran-cesfam-cordillera-andina-al-uso-de-30-mil-personas\/rodinfante-obrascesfam\/\" rel=\"attachment wp-att-19348\"><img data-recalc-dims=\"1\" loading=\"lazy\" decoding=\"async\" class=\"size-medium wp-image-19348\" title=\"rodinfante-obrascesfam\" src=\"https:\/\/i0.wp.com\/www.eltrabajo.cl\/portal\/wp-content\/uploads\/2012\/06\/rodinfante-obrascesfam-300x234.jpg?resize=300%2C234\" alt=\"\" width=\"300\" height=\"234\" srcset=\"https:\/\/i0.wp.com\/eltrabajo.cl\/portal\/wp-content\/uploads\/2012\/06\/rodinfante-obrascesfam.jpg?resize=300%2C234&amp;ssl=1 300w, https:\/\/i0.wp.com\/eltrabajo.cl\/portal\/wp-content\/uploads\/2012\/06\/rodinfante-obrascesfam.jpg?resize=191%2C150&amp;ssl=1 191w, https:\/\/i0.wp.com\/eltrabajo.cl\/portal\/wp-content\/uploads\/2012\/06\/rodinfante-obrascesfam.jpg?resize=150%2C117&amp;ssl=1 150w, https:\/\/i0.wp.com\/eltrabajo.cl\/portal\/wp-content\/uploads\/2012\/06\/rodinfante-obrascesfam.jpg?resize=400%2C312&amp;ssl=1 400w, https:\/\/i0.wp.com\/eltrabajo.cl\/portal\/wp-content\/uploads\/2012\/06\/rodinfante-obrascesfam.jpg?w=600&amp;ssl=1 600w\" sizes=\"auto, (max-width: 300px) 100vw, 300px\" \/><\/a><figcaption id=\"caption-attachment-19348\" class=\"wp-caption-text\">Conforme al cronograma establecido se encuentran las obras del Cesfam Cordillera Andina, destac\u00f3 el Director de Salud, Rodrigo Infante.<\/figcaption><\/figure>\n<p>&nbsp;<\/p>\n<p>\u201cEsta es la primera obra de atenci\u00f3n primaria en la provincia de Los Andes que hemos administrado como Servicio de Salud, porque esta obra se administra y se ejecuta por nosotros y eso da cuenta cuando las cosas se hacen bien, cuando se ajustan bien los contratos a trav\u00e9s de un proceso de licitaci\u00f3n, y eso nos ha permitido estar encima de la obra verificando que todo se desarrolle conforme a los plazos establecidos\u201d, afirm\u00f3 el directivo.<\/p>\n<p>Agreg\u00f3 que este Cesfam contar\u00e1 con las mejores condiciones tanto para la atenci\u00f3n de los usuarios como tambi\u00e9n para las condiciones de trabajo del personal.<\/p>\n<p>Infante valor\u00f3 tambi\u00e9n el desempe\u00f1o del personal del Cesfam que ha debido adaptarse a condiciones de trabajo m\u00e1s limitadas para atender al p\u00fablico en las dos dependencias que fueron arrendadas de manera transitoria, \u201cpero no obstante ello se han cumplido con todas las metas y todos los programas\u201d.<\/p>\n<p>Por otra parte, el Director del SS Aconcagua emplaz\u00f3 al diputado Marco Antonio N\u00fa\u00f1ez para que muestre los antecedentes t\u00e9cnicos que dice tener en caso de la presencia de la bacteria Clostridium Difficile en los centros de salud de la zona.<\/p>\n<p>\u201cSi \u00e9l dice que no es un tema pol\u00edtico, le exijo que se discuta con nuestros equipos t\u00e9cnicos, ya que nuestro personal tiene la capacidad m\u00e1s que suficiente y es profesional ciento por ciento para sacar adelante el servicio\u201d, asever\u00f3.<\/p>\n","protected":false},"excerpt":{"rendered":"<p>LOS ANDES.- Un 26% de avance presentan las obras de construcci\u00f3n del nuevo Cesfam Cordillera Andina, cuya inversi\u00f3n total supera los 3 mil 500 millones de pesos. La informaci\u00f3n fue proporcionada por&#8230;<\/p>\n","protected":false},"author":482,"featured_media":19347,"comment_status":"open","ping_status":"closed","sticky":false,"template":"","format":"standard","meta":{"advanced_seo_description":"","jetpack_seo_html_title":"","jetpack_seo_noindex":false,"_jetpack_memberships_contains_paid_content":false,"footnotes":""},"categories":[1],"tags":[],"class_list":["post-19346","post","type-post","status-publish","format-standard","has-post-thumbnail","hentry","category-cronica"],"jetpack_featured_media_url":"https:\/\/i0.wp.com\/eltrabajo.cl\/portal\/wp-content\/uploads\/2012\/06\/obras-cesfamcordillera1.jpg?fit=600%2C450&ssl=1","jetpack_sharing_enabled":true,"jetpack_likes_enabled":true,"jetpack-related-posts":[],"_links":{"self":[{"href":"https:\/\/eltrabajo.cl\/portal\/wp-json\/wp\/v2\/posts\/19346","targetHints":{"allow":["GET"]}}],"collection":[{"href":"https:\/\/eltrabajo.cl\/portal\/wp-json\/wp\/v2\/posts"}],"about":[{"href":"https:\/\/eltrabajo.cl\/portal\/wp-json\/wp\/v2\/types\/post"}],"author":[{"embeddable":true,"href":"https:\/\/eltrabajo.cl\/portal\/wp-json\/wp\/v2\/users\/482"}],"replies":[{"embeddable":true,"href":"https:\/\/eltrabajo.cl\/portal\/wp-json\/wp\/v2\/comments?post=19346"}],"version-history":[{"count":0,"href":"https:\/\/eltrabajo.cl\/portal\/wp-json\/wp\/v2\/posts\/19346\/revisions"}],"wp:featuredmedia":[{"embeddable":true,"href":"https:\/\/eltrabajo.cl\/portal\/wp-json\/wp\/v2\/media\/19347"}],"wp:attachment":[{"href":"https:\/\/eltrabajo.cl\/portal\/wp-json\/wp\/v2\/media?parent=19346"}],"wp:term":[{"taxonomy":"category","embeddable":true,"href":"https:\/\/eltrabajo.cl\/portal\/wp-json\/wp\/v2\/categories?post=19346"},{"taxonomy":"post_tag","embeddable":true,"href":"https:\/\/eltrabajo.cl\/portal\/wp-json\/wp\/v2\/tags?post=19346"}],"curies":[{"name":"wp","href":"https:\/\/api.w.org\/{rel}","templated":true}]}}