{"id":19351,"date":"2012-06-13T09:54:11","date_gmt":"2012-06-13T13:54:11","guid":{"rendered":"http:\/\/www.eltrabajo.cl\/portal\/?p=19351"},"modified":"2012-06-13T09:54:11","modified_gmt":"2012-06-13T13:54:11","slug":"despues-de-varios-anos-vecinos-de-villa-cordillera-contaran-con-hermosa-plaza","status":"publish","type":"post","link":"https:\/\/eltrabajo.cl\/portal\/despues-de-varios-anos-vecinos-de-villa-cordillera-contaran-con-hermosa-plaza\/","title":{"rendered":"Despu\u00e9s de varios a\u00f1os vecinos de villa Cordillera contar\u00e1n con hermosa plaza"},"content":{"rendered":"<figure id=\"attachment_19352\" aria-describedby=\"caption-attachment-19352\" style=\"width: 600px\" class=\"wp-caption alignnone\"><a href=\"http:\/\/www.eltrabajo.cl\/portal\/2012\/06\/despues-de-varios-anos-vecinos-de-villa-cordillera-contaran-con-hermosa-plaza\/construccion-de-plaza\/\" rel=\"attachment wp-att-19352\"><img data-recalc-dims=\"1\" loading=\"lazy\" decoding=\"async\" class=\"size-full wp-image-19352\" title=\"construcci\u00f3n de plaza\" src=\"https:\/\/i0.wp.com\/www.eltrabajo.cl\/portal\/wp-content\/uploads\/2012\/06\/construcci%C3%B3n-de-plaza.jpg?resize=600%2C450\" alt=\"\" width=\"600\" height=\"450\" srcset=\"https:\/\/i0.wp.com\/eltrabajo.cl\/portal\/wp-content\/uploads\/2012\/06\/construcci%C3%B3n-de-plaza.jpg?w=600&amp;ssl=1 600w, https:\/\/i0.wp.com\/eltrabajo.cl\/portal\/wp-content\/uploads\/2012\/06\/construcci%C3%B3n-de-plaza.jpg?resize=200%2C150&amp;ssl=1 200w, https:\/\/i0.wp.com\/eltrabajo.cl\/portal\/wp-content\/uploads\/2012\/06\/construcci%C3%B3n-de-plaza.jpg?resize=300%2C225&amp;ssl=1 300w, https:\/\/i0.wp.com\/eltrabajo.cl\/portal\/wp-content\/uploads\/2012\/06\/construcci%C3%B3n-de-plaza.jpg?resize=150%2C112&amp;ssl=1 150w, https:\/\/i0.wp.com\/eltrabajo.cl\/portal\/wp-content\/uploads\/2012\/06\/construcci%C3%B3n-de-plaza.jpg?resize=400%2C300&amp;ssl=1 400w\" sizes=\"auto, (max-width: 600px) 100vw, 600px\" \/><\/a><figcaption id=\"caption-attachment-19352\" class=\"wp-caption-text\">En este sector se construir\u00e1 la plaza en la villa Cordillera, la que contendr\u00e1 \u00e1reas verdes, luminarias y estacionamientos.<\/figcaption><\/figure>\n<p>Despu\u00e9s de tres a\u00f1os de realizar un trabajo en conjunto con los vecinos, finalmente en unos sesenta d\u00edas m\u00e1s se podr\u00edan comenzar a construir dos plazas ubicadas en las villas San Camilo y Cordillera, y que tienen como objetivo que los vecinos de estos sectores vuelvan a ocupar los espacios p\u00fablicos.<\/p>\n<p>Durante todo ese tiempo, la Municipalidad trabaj\u00f3 en conjunto con los vecinos en el marco de los programa de Protecci\u00f3n al Patrimonio Familiar (PPF), que tienen la caracter\u00edstica de ser de apoyo familiar para desarrollar los sectores que los vecinos determinan, y finalmente el municipio ha recibido la aprobaci\u00f3n de parte del Ministerio de Vivienda, cuyo mandato de ejecuci\u00f3n deber\u00eda estar llegando en unos sesenta d\u00edas m\u00e1s.<\/p>\n<p>\u201cTiene sesenta d\u00edas la empresa Motrums para iniciar la ejecuci\u00f3n de las obras, por lo tanto nosotros calculamos que en sesenta d\u00edas m\u00e1s deber\u00eda estar iniciando la ejecuci\u00f3n de las obras\u201d, dijo el Alcalde Jaime Amar.<\/p>\n<p>Los trabajos que se realizar\u00e1n en el lugar corresponden a mobiliario, \u00e1reas verdes, luminarias y zonas de estacionamiento, las que deber\u00edan estar entregadas a los vecinos en un plazo de tres meses desde que se inicien los trabajos.<\/p>\n<p>Este es un lugar que trae muchos recuerdos a los vecinos, ya que hace varios a\u00f1os una peque\u00f1a ni\u00f1a falleci\u00f3 en los juegos infantiles. Por ello la idea es darle otra cara al lugar, adem\u00e1s de que los vecinos vuelvan a utilizar los espacios en com\u00fan y que sea de encuentro familiar.<\/p>\n<p>Y aunque el proyecto demor\u00f3 tres a\u00f1os en ser creado, los vecinos dicen que han esperado alrededor de 20 a\u00f1os en que esto sea una realidad, por ello est\u00e1n a la espera de la ejecuci\u00f3n de las obras.<\/p>\n<p>\u201cNuestros hijos crecieron aqu\u00ed sin tener un espacio recreativo, hubo un accidente, lo que produjo m\u00e1s retraso a nuestra plazuela, y as\u00ed ahora felices con la noticia y ojala que se vean resultados pronto y tengamos una linda \u00e1rea verde\u201d, dijo Ruth Lagos, presidenta de la junta de vecinos villa Cordillera.<\/p>\n<p>Seg\u00fan la dirigente, la idea es que el lugar sea utilizado por los peque\u00f1os que viven en la villa y que no sea ocupada por delincuentes, \u201cque pueden venir a romper nuestros avances que hemos tenido hasta el momento, pero la idea principal es que los adultos mayores vengan a sentarse, que los ni\u00f1os jueguen, que todos disfrutemos nuestra plazuela\u201d.<\/p>\n<p>En este sector se ubican m\u00e1s de 400 casas, por lo que son muchos los vecinos los que se ver\u00e1n beneficiados con la ejecuci\u00f3n de estas obras.<\/p>\n","protected":false},"excerpt":{"rendered":"<p>Despu\u00e9s de tres a\u00f1os de realizar un trabajo en conjunto con los vecinos, finalmente en unos sesenta d\u00edas m\u00e1s se podr\u00edan comenzar a construir dos plazas ubicadas en las villas San Camilo&#8230;<\/p>\n","protected":false},"author":482,"featured_media":19352,"comment_status":"open","ping_status":"closed","sticky":false,"template":"","format":"standard","meta":{"advanced_seo_description":"","jetpack_seo_html_title":"","jetpack_seo_noindex":false,"_jetpack_memberships_contains_paid_content":false,"footnotes":""},"categories":[15],"tags":[],"class_list":["post-19351","post","type-post","status-publish","format-standard","has-post-thumbnail","hentry","category-comunidad"],"jetpack_featured_media_url":"https:\/\/i0.wp.com\/eltrabajo.cl\/portal\/wp-content\/uploads\/2012\/06\/construcci%C3%B3n-de-plaza.jpg?fit=600%2C450&ssl=1","jetpack_sharing_enabled":true,"jetpack_likes_enabled":true,"jetpack-related-posts":[],"_links":{"self":[{"href":"https:\/\/eltrabajo.cl\/portal\/wp-json\/wp\/v2\/posts\/19351","targetHints":{"allow":["GET"]}}],"collection":[{"href":"https:\/\/eltrabajo.cl\/portal\/wp-json\/wp\/v2\/posts"}],"about":[{"href":"https:\/\/eltrabajo.cl\/portal\/wp-json\/wp\/v2\/types\/post"}],"author":[{"embeddable":true,"href":"https:\/\/eltrabajo.cl\/portal\/wp-json\/wp\/v2\/users\/482"}],"replies":[{"embeddable":true,"href":"https:\/\/eltrabajo.cl\/portal\/wp-json\/wp\/v2\/comments?post=19351"}],"version-history":[{"count":0,"href":"https:\/\/eltrabajo.cl\/portal\/wp-json\/wp\/v2\/posts\/19351\/revisions"}],"wp:featuredmedia":[{"embeddable":true,"href":"https:\/\/eltrabajo.cl\/portal\/wp-json\/wp\/v2\/media\/19352"}],"wp:attachment":[{"href":"https:\/\/eltrabajo.cl\/portal\/wp-json\/wp\/v2\/media?parent=19351"}],"wp:term":[{"taxonomy":"category","embeddable":true,"href":"https:\/\/eltrabajo.cl\/portal\/wp-json\/wp\/v2\/categories?post=19351"},{"taxonomy":"post_tag","embeddable":true,"href":"https:\/\/eltrabajo.cl\/portal\/wp-json\/wp\/v2\/tags?post=19351"}],"curies":[{"name":"wp","href":"https:\/\/api.w.org\/{rel}","templated":true}]}}