{"id":19355,"date":"2012-06-13T09:55:53","date_gmt":"2012-06-13T13:55:53","guid":{"rendered":"http:\/\/www.eltrabajo.cl\/portal\/?p=19355"},"modified":"2012-06-13T09:55:54","modified_gmt":"2012-06-13T13:55:54","slug":"no-hay-acuerdo-por-recursos-que-deben-asignarse-al-fondenor","status":"publish","type":"post","link":"https:\/\/eltrabajo.cl\/portal\/no-hay-acuerdo-por-recursos-que-deben-asignarse-al-fondenor\/","title":{"rendered":"No hay acuerdo por recursos que deben asignarse al Fondenor"},"content":{"rendered":"<figure id=\"attachment_19356\" aria-describedby=\"caption-attachment-19356\" style=\"width: 600px\" class=\"wp-caption alignnone\"><a href=\"http:\/\/www.eltrabajo.cl\/portal\/2012\/06\/no-hay-acuerdo-por-recursos-que-deben-asignarse-al-fondenor\/fondenor-reunion1\/\" rel=\"attachment wp-att-19356\"><img data-recalc-dims=\"1\" loading=\"lazy\" decoding=\"async\" class=\"size-full wp-image-19356\" title=\"fondenor-reunion1\" src=\"https:\/\/i0.wp.com\/www.eltrabajo.cl\/portal\/wp-content\/uploads\/2012\/06\/fondenor-reunion1.jpg?resize=600%2C450\" alt=\"\" width=\"600\" height=\"450\" srcset=\"https:\/\/i0.wp.com\/eltrabajo.cl\/portal\/wp-content\/uploads\/2012\/06\/fondenor-reunion1.jpg?w=600&amp;ssl=1 600w, https:\/\/i0.wp.com\/eltrabajo.cl\/portal\/wp-content\/uploads\/2012\/06\/fondenor-reunion1.jpg?resize=200%2C150&amp;ssl=1 200w, https:\/\/i0.wp.com\/eltrabajo.cl\/portal\/wp-content\/uploads\/2012\/06\/fondenor-reunion1.jpg?resize=300%2C225&amp;ssl=1 300w, https:\/\/i0.wp.com\/eltrabajo.cl\/portal\/wp-content\/uploads\/2012\/06\/fondenor-reunion1.jpg?resize=150%2C112&amp;ssl=1 150w, https:\/\/i0.wp.com\/eltrabajo.cl\/portal\/wp-content\/uploads\/2012\/06\/fondenor-reunion1.jpg?resize=400%2C300&amp;ssl=1 400w\" sizes=\"auto, (max-width: 600px) 100vw, 600px\" \/><\/a><figcaption id=\"caption-attachment-19356\" class=\"wp-caption-text\">La Mesa T\u00e9cnica ha servido al menos para incorporar a varias comunas del valle al Fondenor.<\/figcaption><\/figure>\n<p><strong>LOS ANDES.-<\/strong> Sin un acuerdo frente a los montos que deber\u00eda recibir el Fondenor culmin\u00f3 la cuarta reuni\u00f3n de la mesa t\u00e9cnica integrada por los municipios de comunas mineras y las subsecretar\u00edas de Miner\u00eda y Desarrollo Regional.<\/p>\n<p>Al respecto, el alcalde Mauricio Navarro si bien valor\u00f3 los importantes avances que ha tenido esta mesa en cuanto incorporar a otras comunas del valle en la denominaci\u00f3n de \u2018comunas mineras\u2019 y la forma de distribuci\u00f3n del fondo, persisten las diferencias en cuanto al monto a entregar.<\/p>\n<p>El edil sostuvo que mientras los municipios est\u00e1 solicitando recibir anualmente el 5% de la tributaci\u00f3n de las empresas mineras, el Gobierno s\u00f3lo propone un 0,22% cada a\u00f1o equivalente a un mill\u00f3n de d\u00f3lares, cifra que es completamente insuficientes en relaci\u00f3n a las medidas compensatorias para paliar los efectos de la actividad minera.<\/p>\n<p>\u201cDe todas formas acogimos con buenos ojos algunas alternativas que nos ofreci\u00f3 el Gobierno, particularmente el que se pueda entregar a trav\u00e9s de convenio de reprogramaci\u00f3n el desarrollo de grandes obras en las comunas mineras, que para el caso de Los Andes pueden ser una alternativa tremendamente importante para priorizar las grandes obras de desarrollo\u201d, expres\u00f3.<\/p>\n<p>El alcalde coment\u00f3 que otra de las propuestas surgidas desde el gobierno es un fondo de reconversi\u00f3n del Royalty destinado a regiones, \u201cpuesto que el a\u00f1o pasado este fondo signific\u00f3 para la Quinta Regi\u00f3n dos mil 400 millones de pesos, sin embargo, a Los Andes lleg\u00f3 cero peso de este fondo y por eso el acuerdo con el Gobierno es que se priorice para obras de desarrollo en las comunas mineras, de tal forma que Los Andes reciba una participaci\u00f3n importante de estos recursos\u201d.<\/p>\n<p>Navarro puntualiz\u00f3 que esta ley que crea el Fondenor no es de las mejores, \u201cporque debemos dar la gran batalla para crear una nueva institucionalidad minera, pues necesitamos que estos montos no surjan del erario p\u00fablico, sino que se carguen exclusivamente a los costos de producci\u00f3n de las empresas mineras\u201d.<\/p>\n","protected":false},"excerpt":{"rendered":"<p>LOS ANDES.- Sin un acuerdo frente a los montos que deber\u00eda recibir el Fondenor culmin\u00f3 la cuarta reuni\u00f3n de la mesa t\u00e9cnica integrada por los municipios de comunas mineras y las subsecretar\u00edas&#8230;<\/p>\n","protected":false},"author":482,"featured_media":19356,"comment_status":"open","ping_status":"closed","sticky":false,"template":"","format":"standard","meta":{"advanced_seo_description":"","jetpack_seo_html_title":"","jetpack_seo_noindex":false,"_jetpack_memberships_contains_paid_content":false,"footnotes":""},"categories":[1],"tags":[],"class_list":["post-19355","post","type-post","status-publish","format-standard","has-post-thumbnail","hentry","category-cronica"],"jetpack_featured_media_url":"https:\/\/i0.wp.com\/eltrabajo.cl\/portal\/wp-content\/uploads\/2012\/06\/fondenor-reunion1.jpg?fit=600%2C450&ssl=1","jetpack_sharing_enabled":true,"jetpack_likes_enabled":true,"jetpack-related-posts":[],"_links":{"self":[{"href":"https:\/\/eltrabajo.cl\/portal\/wp-json\/wp\/v2\/posts\/19355","targetHints":{"allow":["GET"]}}],"collection":[{"href":"https:\/\/eltrabajo.cl\/portal\/wp-json\/wp\/v2\/posts"}],"about":[{"href":"https:\/\/eltrabajo.cl\/portal\/wp-json\/wp\/v2\/types\/post"}],"author":[{"embeddable":true,"href":"https:\/\/eltrabajo.cl\/portal\/wp-json\/wp\/v2\/users\/482"}],"replies":[{"embeddable":true,"href":"https:\/\/eltrabajo.cl\/portal\/wp-json\/wp\/v2\/comments?post=19355"}],"version-history":[{"count":0,"href":"https:\/\/eltrabajo.cl\/portal\/wp-json\/wp\/v2\/posts\/19355\/revisions"}],"wp:featuredmedia":[{"embeddable":true,"href":"https:\/\/eltrabajo.cl\/portal\/wp-json\/wp\/v2\/media\/19356"}],"wp:attachment":[{"href":"https:\/\/eltrabajo.cl\/portal\/wp-json\/wp\/v2\/media?parent=19355"}],"wp:term":[{"taxonomy":"category","embeddable":true,"href":"https:\/\/eltrabajo.cl\/portal\/wp-json\/wp\/v2\/categories?post=19355"},{"taxonomy":"post_tag","embeddable":true,"href":"https:\/\/eltrabajo.cl\/portal\/wp-json\/wp\/v2\/tags?post=19355"}],"curies":[{"name":"wp","href":"https:\/\/api.w.org\/{rel}","templated":true}]}}