{"id":19360,"date":"2012-06-13T09:58:00","date_gmt":"2012-06-13T13:58:00","guid":{"rendered":"http:\/\/www.eltrabajo.cl\/portal\/?p=19360"},"modified":"2012-06-13T09:58:00","modified_gmt":"2012-06-13T13:58:00","slug":"junaeb-aun-recibe-alumnos-que-no-revalidaron-tne-para-recibir-tarifa-rebajada","status":"publish","type":"post","link":"https:\/\/eltrabajo.cl\/portal\/junaeb-aun-recibe-alumnos-que-no-revalidaron-tne-para-recibir-tarifa-rebajada\/","title":{"rendered":"Junaeb a\u00fan recibe alumnos que no revalidaron TNE para recibir tarifa rebajada"},"content":{"rendered":"<figure id=\"attachment_19361\" aria-describedby=\"caption-attachment-19361\" style=\"width: 300px\" class=\"wp-caption alignleft\"><a href=\"http:\/\/www.eltrabajo.cl\/portal\/2012\/06\/junaeb-aun-recibe-alumnos-que-no-revalidaron-tne-para-recibir-tarifa-rebajada\/marcelo-reyes\/\" rel=\"attachment wp-att-19361\"><img data-recalc-dims=\"1\" loading=\"lazy\" decoding=\"async\" class=\"size-medium wp-image-19361\" title=\"marcelo reyes\" src=\"https:\/\/i0.wp.com\/www.eltrabajo.cl\/portal\/wp-content\/uploads\/2012\/06\/marcelo-reyes-300x224.jpg?resize=300%2C224\" alt=\"\" width=\"300\" height=\"224\" srcset=\"https:\/\/i0.wp.com\/eltrabajo.cl\/portal\/wp-content\/uploads\/2012\/06\/marcelo-reyes.jpg?resize=300%2C224&amp;ssl=1 300w, https:\/\/i0.wp.com\/eltrabajo.cl\/portal\/wp-content\/uploads\/2012\/06\/marcelo-reyes.jpg?resize=200%2C150&amp;ssl=1 200w, https:\/\/i0.wp.com\/eltrabajo.cl\/portal\/wp-content\/uploads\/2012\/06\/marcelo-reyes.jpg?resize=150%2C112&amp;ssl=1 150w, https:\/\/i0.wp.com\/eltrabajo.cl\/portal\/wp-content\/uploads\/2012\/06\/marcelo-reyes.jpg?resize=400%2C299&amp;ssl=1 400w, https:\/\/i0.wp.com\/eltrabajo.cl\/portal\/wp-content\/uploads\/2012\/06\/marcelo-reyes.jpg?w=600&amp;ssl=1 600w\" sizes=\"auto, (max-width: 300px) 100vw, 300px\" \/><\/a><figcaption id=\"caption-attachment-19361\" class=\"wp-caption-text\">Marcelo Reyes se\u00f1al\u00f3 que el tr\u00e1mite de revalidaci\u00f3n de la TNE no tomaba m\u00e1s de dos minutos, ya que al documento s\u00f3lo se le colocaba un sello y no se deb\u00eda confeccionar una nueva, por ello los alumnos que no la porten deber\u00e1n pagar la tarifa adulta.<\/figcaption><\/figure>\n<p>Aunque el plazo de revalidaci\u00f3n de la Tarjeta Nacional Estudiantil (TNE) venci\u00f3 el pasado 31 de mayo, todav\u00eda quedan algunos alumnos que deben realizar el tr\u00e1mite, especialmente de establecimientos de la periferia de San Felipe, a lo que se les ha hecho m\u00e1s dif\u00edcil trasladarse a la comuna.<\/p>\n<p>Ellos, luego del anuncio realizado por los dirigentes del transporte mayor, deber\u00e1n pagar la tarifa adulta, ya que dentro del plazo que venci\u00f3 el pasado 31 de mayo, no se acercaron a realizar el tr\u00e1mite, que seg\u00fan Marcelo Reyes, delegado provincial de Junaeb en San Felipe, no tomaba m\u00e1s de dos minutos.<\/p>\n<p>\u201cEso era f\u00e1cilmente subsanable con la Tarjeta Nacional Estudiantil en Los Andes y San Felipe para los alumnos que no hicieron el tr\u00e1mite, que es un tr\u00e1mite que no dura m\u00e1s all\u00e1 de 2 minutos, donde se adhiere un sello que le permite al estudiante poder seguir utilizando el beneficio en el valle de Aconcagua hasta el 31 de mayo del 2013\u201d.<\/p>\n<p>Debido a la existencia de alumnos que quedaron sin realizar el tr\u00e1mite, la Junaeb a nivel provincial entregar\u00e1 la facilidad a los establecimientos m\u00e1s alejados para que los directores puedan hacer el tr\u00e1mite en forma masiva y sean agrupados los estudiantes que necesiten contar con el beneficio.<\/p>\n<p>La revalidaci\u00f3n del beneficio se realiza solamente con la tarjeta que ya cuenta el alumno, a la que se le coloca un sello que permite seguir pagando la tarifa escolar.<\/p>\n<p>Seg\u00fan explic\u00f3 el encargado provincial, las tarjetas nuevas son entregadas solamente en quinto b\u00e1sico y primero medio, las que duran hasta octavo b\u00e1sico y cuarto medio respectivamente, y aquellos estudiantes que pierden la tarjeta deben solicitar una reposici\u00f3n en la misma oficina TNE, pagando 3 mil 600 pesos, los que se cancelan en el Banco Estado y se le entrega el documento de inmediato.<\/p>\n","protected":false},"excerpt":{"rendered":"<p>Aunque el plazo de revalidaci\u00f3n de la Tarjeta Nacional Estudiantil (TNE) venci\u00f3 el pasado 31 de mayo, todav\u00eda quedan algunos alumnos que deben realizar el tr\u00e1mite, especialmente de establecimientos de la periferia&#8230;<\/p>\n","protected":false},"author":482,"featured_media":19361,"comment_status":"open","ping_status":"closed","sticky":false,"template":"","format":"standard","meta":{"advanced_seo_description":"","jetpack_seo_html_title":"","jetpack_seo_noindex":false,"_jetpack_memberships_contains_paid_content":false,"footnotes":""},"categories":[1],"tags":[],"class_list":["post-19360","post","type-post","status-publish","format-standard","has-post-thumbnail","hentry","category-cronica"],"jetpack_featured_media_url":"https:\/\/i0.wp.com\/eltrabajo.cl\/portal\/wp-content\/uploads\/2012\/06\/marcelo-reyes.jpg?fit=600%2C449&ssl=1","jetpack_sharing_enabled":true,"jetpack_likes_enabled":true,"jetpack-related-posts":[],"_links":{"self":[{"href":"https:\/\/eltrabajo.cl\/portal\/wp-json\/wp\/v2\/posts\/19360","targetHints":{"allow":["GET"]}}],"collection":[{"href":"https:\/\/eltrabajo.cl\/portal\/wp-json\/wp\/v2\/posts"}],"about":[{"href":"https:\/\/eltrabajo.cl\/portal\/wp-json\/wp\/v2\/types\/post"}],"author":[{"embeddable":true,"href":"https:\/\/eltrabajo.cl\/portal\/wp-json\/wp\/v2\/users\/482"}],"replies":[{"embeddable":true,"href":"https:\/\/eltrabajo.cl\/portal\/wp-json\/wp\/v2\/comments?post=19360"}],"version-history":[{"count":0,"href":"https:\/\/eltrabajo.cl\/portal\/wp-json\/wp\/v2\/posts\/19360\/revisions"}],"wp:featuredmedia":[{"embeddable":true,"href":"https:\/\/eltrabajo.cl\/portal\/wp-json\/wp\/v2\/media\/19361"}],"wp:attachment":[{"href":"https:\/\/eltrabajo.cl\/portal\/wp-json\/wp\/v2\/media?parent=19360"}],"wp:term":[{"taxonomy":"category","embeddable":true,"href":"https:\/\/eltrabajo.cl\/portal\/wp-json\/wp\/v2\/categories?post=19360"},{"taxonomy":"post_tag","embeddable":true,"href":"https:\/\/eltrabajo.cl\/portal\/wp-json\/wp\/v2\/tags?post=19360"}],"curies":[{"name":"wp","href":"https:\/\/api.w.org\/{rel}","templated":true}]}}