{"id":19364,"date":"2012-06-13T09:59:02","date_gmt":"2012-06-13T13:59:02","guid":{"rendered":"http:\/\/www.eltrabajo.cl\/portal\/?p=19364"},"modified":"2012-06-13T09:59:02","modified_gmt":"2012-06-13T13:59:02","slug":"omil-de-san-felipe-cuenta-con-amplia-y-llamativa-oferta-laboral","status":"publish","type":"post","link":"https:\/\/eltrabajo.cl\/portal\/omil-de-san-felipe-cuenta-con-amplia-y-llamativa-oferta-laboral\/","title":{"rendered":"OMIL de San Felipe cuenta con amplia y llamativa oferta laboral"},"content":{"rendered":"<figure id=\"attachment_19365\" aria-describedby=\"caption-attachment-19365\" style=\"width: 300px\" class=\"wp-caption alignleft\"><a href=\"http:\/\/www.eltrabajo.cl\/portal\/2012\/06\/omil-de-san-felipe-cuenta-con-amplia-y-llamativa-oferta-laboral\/ketherine-curi-1\/\" rel=\"attachment wp-att-19365\"><img data-recalc-dims=\"1\" loading=\"lazy\" decoding=\"async\" class=\"size-medium wp-image-19365\" title=\"ketherine curi (1)\" src=\"https:\/\/i0.wp.com\/www.eltrabajo.cl\/portal\/wp-content\/uploads\/2012\/06\/ketherine-curi-1-300x224.jpg?resize=300%2C224\" alt=\"\" width=\"300\" height=\"224\" srcset=\"https:\/\/i0.wp.com\/eltrabajo.cl\/portal\/wp-content\/uploads\/2012\/06\/ketherine-curi-1.jpg?resize=300%2C224&amp;ssl=1 300w, https:\/\/i0.wp.com\/eltrabajo.cl\/portal\/wp-content\/uploads\/2012\/06\/ketherine-curi-1.jpg?resize=200%2C150&amp;ssl=1 200w, https:\/\/i0.wp.com\/eltrabajo.cl\/portal\/wp-content\/uploads\/2012\/06\/ketherine-curi-1.jpg?resize=150%2C112&amp;ssl=1 150w, https:\/\/i0.wp.com\/eltrabajo.cl\/portal\/wp-content\/uploads\/2012\/06\/ketherine-curi-1.jpg?resize=400%2C299&amp;ssl=1 400w, https:\/\/i0.wp.com\/eltrabajo.cl\/portal\/wp-content\/uploads\/2012\/06\/ketherine-curi-1.jpg?w=600&amp;ssl=1 600w\" sizes=\"auto, (max-width: 300px) 100vw, 300px\" \/><\/a><figcaption id=\"caption-attachment-19365\" class=\"wp-caption-text\">Katherine Curi dijo que la oferta laboral es amplia y para postular los interesados deben inscribirse en la OMIL de San Felipe.<\/figcaption><\/figure>\n<p>Una importante oferta laboral tiene por estos d\u00edas la OMIL de San Felipe, cargos que van desde el \u00e1rea de la construcci\u00f3n hasta la agricultura, pasando por otros rubros tambi\u00e9n.<\/p>\n<p>Se trata de empresas que han llegado a la comuna a realizar proyectos y deben contar con un n\u00famero de trabajadores.<\/p>\n<p>Espec\u00edficamente en el \u00e1rea de la construcci\u00f3n, las empresas que han realizado llamados est\u00e1n buscando jornales, maestros enfierradores, carpinteros, bodegueros, guardias, ya que tienen como objetivo instalar faenas.<\/p>\n<p>\u201cSe vienen construcciones nuevas a la comuna, entonces se acercan a la OMIL las empresas y nos est\u00e1n pidiendo gente\u201d, se\u00f1al\u00f3 Katherine Curi, encargada de la OMIL.<\/p>\n<p>Asimismo existe una oferta bastante grande para el \u00e1rea de la agricultura, ya que una empresa necesita m\u00e1s de 300 personas para cosechar paltas.<\/p>\n<p>\u201cSus condiciones laborales son bastante buenas, son buenos sueldos tambi\u00e9n, en base a producci\u00f3n, entonces la gente m\u00ednimo parte ganando 250 mil pesos hasta 500 mil pesos, ellos nos est\u00e1n pidiendo preferentemente hombres, pero tenemos ofertas para todo tipo de trabajo en este minuto\u201d, dijo la encargada.<\/p>\n<p>Para favorecer la labor de la OMIL se est\u00e1 desarrollando un trabajo de fortalecimiento, donde se contrat\u00f3 un psic\u00f3logo, y la idea es que el profesional realice un reclutamiento previo.<\/p>\n<p>\u201cLlaman, hacemos entrevistas masivas o individuales, depende del cargo, y los derivamos a las empresas, para evitar el tema de la deserci\u00f3n que la gente no se presenta, porque hay gente que se queja que no hay pega y es un poco irresponsable\u201d, dijo la encargada.<\/p>\n<p>Para aquellas personas que se encuentren interesadas en postular a estos trabajos, deben inscribirse en la OMIL, presentar su carn\u00e9 de identidad y un comprobante de domicilio, que puede ser una boleta de la luz o del agua o un certificado de la junta de vecinos.<\/p>\n<p>\u201cNo necesitamos curr\u00edculum, ac\u00e1 se registran todos los datos para generar su curr\u00edculum y en base a esa informaci\u00f3n nosotros los llamamos a las entrevistas, para luego derivarlos a las empresas. Pueden presentarse desde los 18 a\u00f1os, porque muy pocas empresas contratan menores de edad con permiso notarial, pero desde los 18 a\u00f1os nosotros inscribimos y tenemos ofertas\u201d.<\/p>\n<p>Asimismo la encargada coment\u00f3 que este mi\u00e9rcoles, en la comuna de Los Andes se estar\u00e1n realizando entrevistas para faenas mineras en la ciudad de Calama, espec\u00edficamente para auxiliares de casino y de aseo, y los interesados deben concurrir a una entrevista en O\u00b4Higgins 470 en Los Andes, a las 10 de la ma\u00f1ana.<\/p>\n","protected":false},"excerpt":{"rendered":"<p>Una importante oferta laboral tiene por estos d\u00edas la OMIL de San Felipe, cargos que van desde el \u00e1rea de la construcci\u00f3n hasta la agricultura, pasando por otros rubros tambi\u00e9n. Se trata&#8230;<\/p>\n","protected":false},"author":482,"featured_media":19365,"comment_status":"open","ping_status":"closed","sticky":false,"template":"","format":"standard","meta":{"advanced_seo_description":"","jetpack_seo_html_title":"","jetpack_seo_noindex":false,"_jetpack_memberships_contains_paid_content":false,"footnotes":""},"categories":[1],"tags":[],"class_list":["post-19364","post","type-post","status-publish","format-standard","has-post-thumbnail","hentry","category-cronica"],"jetpack_featured_media_url":"https:\/\/i0.wp.com\/eltrabajo.cl\/portal\/wp-content\/uploads\/2012\/06\/ketherine-curi-1.jpg?fit=600%2C449&ssl=1","jetpack_sharing_enabled":true,"jetpack_likes_enabled":true,"jetpack-related-posts":[],"_links":{"self":[{"href":"https:\/\/eltrabajo.cl\/portal\/wp-json\/wp\/v2\/posts\/19364","targetHints":{"allow":["GET"]}}],"collection":[{"href":"https:\/\/eltrabajo.cl\/portal\/wp-json\/wp\/v2\/posts"}],"about":[{"href":"https:\/\/eltrabajo.cl\/portal\/wp-json\/wp\/v2\/types\/post"}],"author":[{"embeddable":true,"href":"https:\/\/eltrabajo.cl\/portal\/wp-json\/wp\/v2\/users\/482"}],"replies":[{"embeddable":true,"href":"https:\/\/eltrabajo.cl\/portal\/wp-json\/wp\/v2\/comments?post=19364"}],"version-history":[{"count":0,"href":"https:\/\/eltrabajo.cl\/portal\/wp-json\/wp\/v2\/posts\/19364\/revisions"}],"wp:featuredmedia":[{"embeddable":true,"href":"https:\/\/eltrabajo.cl\/portal\/wp-json\/wp\/v2\/media\/19365"}],"wp:attachment":[{"href":"https:\/\/eltrabajo.cl\/portal\/wp-json\/wp\/v2\/media?parent=19364"}],"wp:term":[{"taxonomy":"category","embeddable":true,"href":"https:\/\/eltrabajo.cl\/portal\/wp-json\/wp\/v2\/categories?post=19364"},{"taxonomy":"post_tag","embeddable":true,"href":"https:\/\/eltrabajo.cl\/portal\/wp-json\/wp\/v2\/tags?post=19364"}],"curies":[{"name":"wp","href":"https:\/\/api.w.org\/{rel}","templated":true}]}}