{"id":19376,"date":"2012-06-13T10:07:39","date_gmt":"2012-06-13T14:07:39","guid":{"rendered":"http:\/\/www.eltrabajo.cl\/portal\/?p=19376"},"modified":"2012-06-13T10:07:39","modified_gmt":"2012-06-13T14:07:39","slug":"unos-300-manifestantes-repudiaron-asignacion-de-agua-a-guardia-vieja","status":"publish","type":"post","link":"https:\/\/eltrabajo.cl\/portal\/unos-300-manifestantes-repudiaron-asignacion-de-agua-a-guardia-vieja\/","title":{"rendered":"Unos 300 manifestantes repudiaron asignaci\u00f3n de agua a Guardia Vieja"},"content":{"rendered":"<figure id=\"attachment_19377\" aria-describedby=\"caption-attachment-19377\" style=\"width: 600px\" class=\"wp-caption alignnone\"><a href=\"http:\/\/www.eltrabajo.cl\/portal\/2012\/06\/unos-300-manifestantes-repudiaron-asignacion-de-agua-a-guardia-vieja\/manifestantes-putaendo-embalse\/\" rel=\"attachment wp-att-19377\"><img data-recalc-dims=\"1\" loading=\"lazy\" decoding=\"async\" class=\"size-full wp-image-19377\" title=\"manifestantes putaendo embalse\" src=\"https:\/\/i0.wp.com\/www.eltrabajo.cl\/portal\/wp-content\/uploads\/2012\/06\/manifestantes-putaendo-embalse.jpg?resize=600%2C450\" alt=\"\" width=\"600\" height=\"450\" srcset=\"https:\/\/i0.wp.com\/eltrabajo.cl\/portal\/wp-content\/uploads\/2012\/06\/manifestantes-putaendo-embalse.jpg?w=600&amp;ssl=1 600w, https:\/\/i0.wp.com\/eltrabajo.cl\/portal\/wp-content\/uploads\/2012\/06\/manifestantes-putaendo-embalse.jpg?resize=200%2C150&amp;ssl=1 200w, https:\/\/i0.wp.com\/eltrabajo.cl\/portal\/wp-content\/uploads\/2012\/06\/manifestantes-putaendo-embalse.jpg?resize=300%2C225&amp;ssl=1 300w, https:\/\/i0.wp.com\/eltrabajo.cl\/portal\/wp-content\/uploads\/2012\/06\/manifestantes-putaendo-embalse.jpg?resize=150%2C112&amp;ssl=1 150w, https:\/\/i0.wp.com\/eltrabajo.cl\/portal\/wp-content\/uploads\/2012\/06\/manifestantes-putaendo-embalse.jpg?resize=400%2C300&amp;ssl=1 400w\" sizes=\"auto, (max-width: 600px) 100vw, 600px\" \/><\/a><figcaption id=\"caption-attachment-19377\" class=\"wp-caption-text\">Unas 300 personas se reunieron en la plaza de Putaendo para protestar por los derechos de agua dados a Guardia Vieja.<\/figcaption><\/figure>\n<p><strong>PUTAENDO.-<\/strong> Cerca de las 11.00 de este d\u00eda martes comenzaron a llegar a la plaza de armas los primeros manifestantes que se aprestaban a realizar una marcha pac\u00edfica en contra de la asignaci\u00f3n de derechos de aguas por parte de la DGA a la hidroel\u00e9ctrica Guardia Vieja.<\/p>\n<p>Los manifestantes, quienes portaron banderas negras, carteles, lienzos y textos alusivos, mostraron el descontento y molestia general que existe en la comuna, ya que seg\u00fan se les ha informado, al estar los derechos de agua asignados a un particular, el tan ansiado embalse para la comuna se estar\u00eda quedando sin agua.<\/p>\n<p>La protesta, que se desarroll\u00f3 en total normalidad, comenz\u00f3 con un acto en la plaza de la comuna donde varios dirigentes comunales expusieron sus puntos de vista a los m\u00e1s de 300 manifestantes, con un discurso usando meg\u00e1fonos, iniciando un recorrido que incluy\u00f3 las calles circundantes a la Plaza de Armas, subiendo por calle San Mart\u00edn en direcci\u00f3n a la Avenida Alessandri para luego retornar por calle Sarmiento hacia Aspee, tomando la c\u00e9ntrica calle Comercio, siendo en esta \u00faltima arteria donde la manifestaci\u00f3n se detuvo por algunos minutos, al frente de la Notar\u00eda de la comuna, momento en el cual los manifestantes gritaron a viva voz algunas consignas, expresando su molestia a su vez con la notar\u00eda de Putaendo, a quien tambi\u00e9n los manifestantes hac\u00edan responsable de que el embalse ir\u00f3nicamente ya no podr\u00eda tener agua.<\/p>\n<p>La manifestaci\u00f3n retorn\u00f3 a la plaza donde finalmente el acto termin\u00f3 sin disturbios, sin detenidos, y la presencia de Carabineros se limit\u00f3 solamente a escoltar a los manifestantes, no habiendo ning\u00fan tipo de altercado entre las fuerzas policiales y la comunidad.<\/p>\n<p>Extraoficialmente se pudo conocer que al momento de iniciarse la protesta, arribaba hasta la comuna un equipo de Fuerzas Especiales de Carabineros, los cuales se mantuvieron a la espera de instrucciones en caso de ser necesarios en el sector de Las Quillotanas, informaci\u00f3n que fue entregada por vecinos del lugar que se mostraron preocupados al ver la presencia de dicho contingente en sus alrededores.<\/p>\n<p>La actividad finaliz\u00f3 a eso de las 13:00 horas, no registr\u00e1ndose da\u00f1os ni a la propiedad p\u00fablica ni privada.<\/p>\n<p><strong>Patricio Gallardo M.<\/strong><\/p>\n","protected":false},"excerpt":{"rendered":"<p>PUTAENDO.- Cerca de las 11.00 de este d\u00eda martes comenzaron a llegar a la plaza de armas los primeros manifestantes que se aprestaban a realizar una marcha pac\u00edfica en contra de la&#8230;<\/p>\n","protected":false},"author":482,"featured_media":19377,"comment_status":"open","ping_status":"closed","sticky":false,"template":"","format":"standard","meta":{"advanced_seo_description":"","jetpack_seo_html_title":"","jetpack_seo_noindex":false,"_jetpack_memberships_contains_paid_content":false,"footnotes":""},"categories":[15],"tags":[],"class_list":["post-19376","post","type-post","status-publish","format-standard","has-post-thumbnail","hentry","category-comunidad"],"jetpack_featured_media_url":"https:\/\/i0.wp.com\/eltrabajo.cl\/portal\/wp-content\/uploads\/2012\/06\/manifestantes-putaendo-embalse.jpg?fit=600%2C450&ssl=1","jetpack_sharing_enabled":true,"jetpack_likes_enabled":true,"jetpack-related-posts":[],"_links":{"self":[{"href":"https:\/\/eltrabajo.cl\/portal\/wp-json\/wp\/v2\/posts\/19376","targetHints":{"allow":["GET"]}}],"collection":[{"href":"https:\/\/eltrabajo.cl\/portal\/wp-json\/wp\/v2\/posts"}],"about":[{"href":"https:\/\/eltrabajo.cl\/portal\/wp-json\/wp\/v2\/types\/post"}],"author":[{"embeddable":true,"href":"https:\/\/eltrabajo.cl\/portal\/wp-json\/wp\/v2\/users\/482"}],"replies":[{"embeddable":true,"href":"https:\/\/eltrabajo.cl\/portal\/wp-json\/wp\/v2\/comments?post=19376"}],"version-history":[{"count":0,"href":"https:\/\/eltrabajo.cl\/portal\/wp-json\/wp\/v2\/posts\/19376\/revisions"}],"wp:featuredmedia":[{"embeddable":true,"href":"https:\/\/eltrabajo.cl\/portal\/wp-json\/wp\/v2\/media\/19377"}],"wp:attachment":[{"href":"https:\/\/eltrabajo.cl\/portal\/wp-json\/wp\/v2\/media?parent=19376"}],"wp:term":[{"taxonomy":"category","embeddable":true,"href":"https:\/\/eltrabajo.cl\/portal\/wp-json\/wp\/v2\/categories?post=19376"},{"taxonomy":"post_tag","embeddable":true,"href":"https:\/\/eltrabajo.cl\/portal\/wp-json\/wp\/v2\/tags?post=19376"}],"curies":[{"name":"wp","href":"https:\/\/api.w.org\/{rel}","templated":true}]}}