{"id":19386,"date":"2012-06-13T10:05:39","date_gmt":"2012-06-13T14:05:39","guid":{"rendered":"http:\/\/www.eltrabajo.cl\/portal\/?p=19386"},"modified":"2012-06-13T10:32:40","modified_gmt":"2012-06-13T14:32:40","slug":"realizan-simulacro-de-emergencia-al-interior-del-servicio-de-salud-aconcagua","status":"publish","type":"post","link":"https:\/\/eltrabajo.cl\/portal\/realizan-simulacro-de-emergencia-al-interior-del-servicio-de-salud-aconcagua\/","title":{"rendered":"Realizan simulacro de emergencia al interior del Servicio de Salud Aconcagua"},"content":{"rendered":"<figure id=\"attachment_19387\" aria-describedby=\"caption-attachment-19387\" style=\"width: 600px\" class=\"wp-caption alignnone\"><a href=\"http:\/\/www.eltrabajo.cl\/portal\/2012\/06\/realizan-simulacro-de-emergencia-al-interior-del-servicio-de-salud-aconcagua\/evacuacion-servicio-salud-1\/\" rel=\"attachment wp-att-19387\"><img data-recalc-dims=\"1\" loading=\"lazy\" decoding=\"async\" class=\"size-full wp-image-19387\" title=\"evacuacion servicio salud (1)\" src=\"https:\/\/i0.wp.com\/www.eltrabajo.cl\/portal\/wp-content\/uploads\/2012\/06\/evacuacion-servicio-salud-1.jpg?resize=600%2C362\" alt=\"\" width=\"600\" height=\"362\" srcset=\"https:\/\/i0.wp.com\/eltrabajo.cl\/portal\/wp-content\/uploads\/2012\/06\/evacuacion-servicio-salud-1.jpg?w=600&amp;ssl=1 600w, https:\/\/i0.wp.com\/eltrabajo.cl\/portal\/wp-content\/uploads\/2012\/06\/evacuacion-servicio-salud-1.jpg?resize=200%2C120&amp;ssl=1 200w, https:\/\/i0.wp.com\/eltrabajo.cl\/portal\/wp-content\/uploads\/2012\/06\/evacuacion-servicio-salud-1.jpg?resize=300%2C181&amp;ssl=1 300w, https:\/\/i0.wp.com\/eltrabajo.cl\/portal\/wp-content\/uploads\/2012\/06\/evacuacion-servicio-salud-1.jpg?resize=150%2C90&amp;ssl=1 150w, https:\/\/i0.wp.com\/eltrabajo.cl\/portal\/wp-content\/uploads\/2012\/06\/evacuacion-servicio-salud-1.jpg?resize=400%2C241&amp;ssl=1 400w\" sizes=\"auto, (max-width: 600px) 100vw, 600px\" \/><\/a><figcaption id=\"caption-attachment-19387\" class=\"wp-caption-text\">Con el lema \u2018Estar preparados, es contar con personal capacitado para lograr respuestas acertadas y seguras frente a una emergencia\u2019, se dio inicio a los simulacros de emergencia al interior del Servicio de Salud, permitiendo as\u00ed reaccionar favorablemente en caso de presentarse un desastre.<\/figcaption><\/figure>\n<p>Con la finalidad de estar preparados ante una emergencia, el Servicio de Salud Aconcagua, a trav\u00e9s del \u00e1rea de Prevenci\u00f3n de Riesgos, realiz\u00f3 un simulacro de emergencia a nivel de la Direcci\u00f3n de Salud, abarcando los edificios de Pasaje Juana Ross, Servicio de Bienestar y Auditor\u00eda, ubicados en calle Merced; Centro de la Mujer, ubicado en calle Coimas y edificio de Administraci\u00f3n SAMU.<\/p>\n<p>Este simulacro ten\u00eda por objetivo identificar todas las fortalezas y debilidades que se puedan presentar ante la evacuaci\u00f3n de las personas en estos edificios, destacando la organizaci\u00f3n y coordinaci\u00f3n con los Encargados de evacuaci\u00f3n de emergencias de cada sector y la Jefa de la Unidad de Prevenci\u00f3n de Riesgos del Servicio de Salud Aconcagua, contando adem\u00e1s con el apoyo del Comit\u00e9 Paritario de Higiene y Seguridad de la instituci\u00f3n.<\/p>\n<p>La realizaci\u00f3n de este simulacro se desarroll\u00f3 en perfectas condiciones a contar de las 12:00 horas, con la colaboraci\u00f3n de todos los funcionarios y p\u00fablico que se encontraba presente, destacando el orden y rapidez del personal, logrando la evacuaci\u00f3n de todo el edificio hacia el pasaje en aproximadamente 2 minutos 33 segundos, tiempo considerado razonable para ser la primera vez en realizar una evacuaci\u00f3n y que adem\u00e1s permite motivar la realizaci\u00f3n de otras actividades similares con el objetivo de disminuir los tiempos de respuesta.<\/p>\n<p>Con este simulacro se da inicio a una serie de otras instancias de prevenci\u00f3n de emergencias para darle mayor fuerza a la prevenci\u00f3n y educaci\u00f3n a trav\u00e9s de estas actividades, permitiendo que cada funcionario reconozca sus v\u00edas de evacuaci\u00f3n y tenga presente las medidas a adoptar frente a una emergencia.<\/p>\n","protected":false},"excerpt":{"rendered":"<p>Con la finalidad de estar preparados ante una emergencia, el Servicio de Salud Aconcagua, a trav\u00e9s del \u00e1rea de Prevenci\u00f3n de Riesgos, realiz\u00f3 un simulacro de emergencia a nivel de la Direcci\u00f3n&#8230;<\/p>\n","protected":false},"author":482,"featured_media":19387,"comment_status":"open","ping_status":"closed","sticky":false,"template":"","format":"standard","meta":{"advanced_seo_description":"","jetpack_seo_html_title":"","jetpack_seo_noindex":false,"_jetpack_memberships_contains_paid_content":false,"footnotes":""},"categories":[15],"tags":[],"class_list":["post-19386","post","type-post","status-publish","format-standard","has-post-thumbnail","hentry","category-comunidad"],"jetpack_featured_media_url":"https:\/\/i0.wp.com\/eltrabajo.cl\/portal\/wp-content\/uploads\/2012\/06\/evacuacion-servicio-salud-1.jpg?fit=600%2C362&ssl=1","jetpack_sharing_enabled":true,"jetpack_likes_enabled":true,"jetpack-related-posts":[],"_links":{"self":[{"href":"https:\/\/eltrabajo.cl\/portal\/wp-json\/wp\/v2\/posts\/19386","targetHints":{"allow":["GET"]}}],"collection":[{"href":"https:\/\/eltrabajo.cl\/portal\/wp-json\/wp\/v2\/posts"}],"about":[{"href":"https:\/\/eltrabajo.cl\/portal\/wp-json\/wp\/v2\/types\/post"}],"author":[{"embeddable":true,"href":"https:\/\/eltrabajo.cl\/portal\/wp-json\/wp\/v2\/users\/482"}],"replies":[{"embeddable":true,"href":"https:\/\/eltrabajo.cl\/portal\/wp-json\/wp\/v2\/comments?post=19386"}],"version-history":[{"count":0,"href":"https:\/\/eltrabajo.cl\/portal\/wp-json\/wp\/v2\/posts\/19386\/revisions"}],"wp:featuredmedia":[{"embeddable":true,"href":"https:\/\/eltrabajo.cl\/portal\/wp-json\/wp\/v2\/media\/19387"}],"wp:attachment":[{"href":"https:\/\/eltrabajo.cl\/portal\/wp-json\/wp\/v2\/media?parent=19386"}],"wp:term":[{"taxonomy":"category","embeddable":true,"href":"https:\/\/eltrabajo.cl\/portal\/wp-json\/wp\/v2\/categories?post=19386"},{"taxonomy":"post_tag","embeddable":true,"href":"https:\/\/eltrabajo.cl\/portal\/wp-json\/wp\/v2\/tags?post=19386"}],"curies":[{"name":"wp","href":"https:\/\/api.w.org\/{rel}","templated":true}]}}