{"id":19393,"date":"2012-06-14T09:41:10","date_gmt":"2012-06-14T13:41:10","guid":{"rendered":"http:\/\/www.eltrabajo.cl\/portal\/?p=19393"},"modified":"2012-06-14T09:41:10","modified_gmt":"2012-06-14T13:41:10","slug":"premian-a-liceo-manuel-marin-por-ser-%e2%80%98top-ten%e2%80%99-en-simce-a-nivel-nacional","status":"publish","type":"post","link":"https:\/\/eltrabajo.cl\/portal\/premian-a-liceo-manuel-marin-por-ser-%e2%80%98top-ten%e2%80%99-en-simce-a-nivel-nacional\/","title":{"rendered":"Premian a Liceo Manuel Mar\u00edn por ser \u2018top ten\u2019 en Simce a nivel nacional"},"content":{"rendered":"<figure id=\"attachment_19394\" aria-describedby=\"caption-attachment-19394\" style=\"width: 600px\" class=\"wp-caption alignnone\"><a href=\"http:\/\/www.eltrabajo.cl\/portal\/2012\/06\/premian-a-liceo-manuel-marin-por-ser-%e2%80%98top-ten%e2%80%99-en-simce-a-nivel-nacional\/premiacion-simce-4\/\" rel=\"attachment wp-att-19394\"><img data-recalc-dims=\"1\" loading=\"lazy\" decoding=\"async\" class=\"size-full wp-image-19394\" title=\"Premiacion Simce 4\" src=\"https:\/\/i0.wp.com\/www.eltrabajo.cl\/portal\/wp-content\/uploads\/2012\/06\/Premiacion-Simce-4.jpg?resize=600%2C400\" alt=\"\" width=\"600\" height=\"400\" srcset=\"https:\/\/i0.wp.com\/eltrabajo.cl\/portal\/wp-content\/uploads\/2012\/06\/Premiacion-Simce-4.jpg?w=600&amp;ssl=1 600w, https:\/\/i0.wp.com\/eltrabajo.cl\/portal\/wp-content\/uploads\/2012\/06\/Premiacion-Simce-4.jpg?resize=200%2C133&amp;ssl=1 200w, https:\/\/i0.wp.com\/eltrabajo.cl\/portal\/wp-content\/uploads\/2012\/06\/Premiacion-Simce-4.jpg?resize=300%2C200&amp;ssl=1 300w, https:\/\/i0.wp.com\/eltrabajo.cl\/portal\/wp-content\/uploads\/2012\/06\/Premiacion-Simce-4.jpg?resize=150%2C100&amp;ssl=1 150w, https:\/\/i0.wp.com\/eltrabajo.cl\/portal\/wp-content\/uploads\/2012\/06\/Premiacion-Simce-4.jpg?resize=400%2C266&amp;ssl=1 400w\" sizes=\"auto, (max-width: 600px) 100vw, 600px\" \/><\/a><figcaption id=\"caption-attachment-19394\" class=\"wp-caption-text\">En la Seremi de Educaci\u00f3n en Vi\u00f1a del Mar se desarroll\u00f3 la ceremonia que ubic\u00f3 al Liceo Manuel Mar\u00edn Fritis dentro de los diez mejores establecimientos evaluados a nivel nacional.<\/figcaption><\/figure>\n<p><strong>PUTAENDO.-<\/strong> En una modesta pero significativa ceremonia en la Secretar\u00eda Ministerial de Educaci\u00f3n en la ciudad de Vi\u00f1a de Mar, se desarroll\u00f3 la premiaci\u00f3n nacional SIMCE a los mejores establecimientos de la regi\u00f3n que consiguieron puntajes destacados en esta prueba de evaluaci\u00f3n que mide el aprendizaje de los estudiantes de nuestro pa\u00eds.<\/p>\n<p>Dicha premiaci\u00f3n elev\u00f3 al Liceo Manuel Mar\u00edn Fritis a la categor\u00eda de \u2018top ten\u2019, ubic\u00e1ndolo dentro de los diez mejores establecimientos evaluados a nivel nacional. \u201cNuestro liceo es uno de los 10 mejores de Chile\u201d, indic\u00f3 la profesora Mar\u00eda Jos\u00e9 Rivillos, quien agreg\u00f3 que el premio consigna m\u00e1s de 3 millones de pesos, los que ya fueron utilizados en la implementaci\u00f3n de tecnolog\u00eda, mobiliarios y recreaci\u00f3n para los alumnos de educaci\u00f3n b\u00e1sica del establecimiento.<\/p>\n<figure id=\"attachment_19395\" aria-describedby=\"caption-attachment-19395\" style=\"width: 300px\" class=\"wp-caption alignright\"><a href=\"http:\/\/www.eltrabajo.cl\/portal\/2012\/06\/premian-a-liceo-manuel-marin-por-ser-%e2%80%98top-ten%e2%80%99-en-simce-a-nivel-nacional\/nicolas-ibarra-y-carol-rodriguez\/\" rel=\"attachment wp-att-19395\"><img data-recalc-dims=\"1\" loading=\"lazy\" decoding=\"async\" class=\"size-medium wp-image-19395\" title=\"Nicolas Ibarra y Carol Rodriguez\" src=\"https:\/\/i0.wp.com\/www.eltrabajo.cl\/portal\/wp-content\/uploads\/2012\/06\/Nicolas-Ibarra-y-Carol-Rodriguez-300x183.jpg?resize=300%2C183\" alt=\"\" width=\"300\" height=\"183\" srcset=\"https:\/\/i0.wp.com\/eltrabajo.cl\/portal\/wp-content\/uploads\/2012\/06\/Nicolas-Ibarra-y-Carol-Rodriguez.jpg?resize=300%2C183&amp;ssl=1 300w, https:\/\/i0.wp.com\/eltrabajo.cl\/portal\/wp-content\/uploads\/2012\/06\/Nicolas-Ibarra-y-Carol-Rodriguez.jpg?resize=200%2C122&amp;ssl=1 200w, https:\/\/i0.wp.com\/eltrabajo.cl\/portal\/wp-content\/uploads\/2012\/06\/Nicolas-Ibarra-y-Carol-Rodriguez.jpg?resize=150%2C91&amp;ssl=1 150w, https:\/\/i0.wp.com\/eltrabajo.cl\/portal\/wp-content\/uploads\/2012\/06\/Nicolas-Ibarra-y-Carol-Rodriguez.jpg?resize=400%2C244&amp;ssl=1 400w, https:\/\/i0.wp.com\/eltrabajo.cl\/portal\/wp-content\/uploads\/2012\/06\/Nicolas-Ibarra-y-Carol-Rodriguez.jpg?w=600&amp;ssl=1 600w\" sizes=\"auto, (max-width: 300px) 100vw, 300px\" \/><\/a><figcaption id=\"caption-attachment-19395\" class=\"wp-caption-text\">Los alumnos Nicol\u00e1s Ibarra y Carol Rodr\u00edguez representaron a todos sus compa\u00f1eros en la ceremonia realizada en Vi\u00f1a del Mar.<\/figcaption><\/figure>\n<p>Un premio que seg\u00fan indic\u00f3 el administrador municipal, Patricio Gonz\u00e1lez, m\u00e1s all\u00e1 de las distinciones y reconocimientos, es una muestra clara del constante compromiso, esfuerzo y dedicaci\u00f3n de los docentes y el trabajo met\u00f3dico que est\u00e1 haciendo el municipio y la administraci\u00f3n del alcalde Guillermo Reyes para mejorar la educaci\u00f3n en la comuna. \u201cSi uno empieza a sumar todas la iniciativas que hemos desarrollado, como el programa de integraci\u00f3n, becas para estudiantes, casa de acogida, Putaendo Iluminado, las nuevas especialidades del liceo, empezamos a entender que detr\u00e1s de esto hay un plan y definici\u00f3n sobre la educaci\u00f3n en Putaendo, una educaci\u00f3n que es vista como un eje prioritario para el desarrollo de la comuna\u201d, manifest\u00f3 Gonz\u00e1lez.<\/p>\n<p>Por su parte, el Director del Liceo Manuel Mar\u00edn Fritis, H\u00e9ctor Fa\u00fandez, se mostr\u00f3 muy contento por este premio, el que potencia el importante trabajo \u201cque estamos haciendo a nivel de educaci\u00f3n, encabezado por el alcalde y el Concejo Municipal, que hacen posible que el liceo pueda ir superando etapas y plantearse nuevos desaf\u00edos\u201d, expres\u00f3 el docente, quien ejemplific\u00f3 este buen momento que vive la educaci\u00f3n de Putaendo, contando como todos los egresados de su establecimiento el \u00faltimo a\u00f1o, hoy en d\u00eda se encuentran estudiando en educaci\u00f3n superior, situaci\u00f3n in\u00e9dita en la historia de la comuna.<\/p>\n<p>Significativa premiaci\u00f3n que fue reconocida y valorada por la Municipalidad de Putaendo y todo el cuerpo docente del Liceo Manuel Mar\u00edn Fritis, quienes felicitaron a los alumnos Nicol\u00e1s Ibarra y Carol Rodr\u00edguez, quienes por sus buenas calificaciones representaron a todos sus compa\u00f1eros en esta ceremonia en la ciudad de Vi\u00f1a del Mar.<\/p>\n","protected":false},"excerpt":{"rendered":"<p>PUTAENDO.- En una modesta pero significativa ceremonia en la Secretar\u00eda Ministerial de Educaci\u00f3n en la ciudad de Vi\u00f1a de Mar, se desarroll\u00f3 la premiaci\u00f3n nacional SIMCE a los mejores establecimientos de la&#8230;<\/p>\n","protected":false},"author":482,"featured_media":19394,"comment_status":"open","ping_status":"closed","sticky":false,"template":"","format":"standard","meta":{"advanced_seo_description":"","jetpack_seo_html_title":"","jetpack_seo_noindex":false,"_jetpack_memberships_contains_paid_content":false,"footnotes":""},"categories":[15],"tags":[],"class_list":["post-19393","post","type-post","status-publish","format-standard","has-post-thumbnail","hentry","category-comunidad"],"jetpack_featured_media_url":"https:\/\/i0.wp.com\/eltrabajo.cl\/portal\/wp-content\/uploads\/2012\/06\/Premiacion-Simce-4.jpg?fit=600%2C400&ssl=1","jetpack_sharing_enabled":true,"jetpack_likes_enabled":true,"jetpack-related-posts":[],"_links":{"self":[{"href":"https:\/\/eltrabajo.cl\/portal\/wp-json\/wp\/v2\/posts\/19393","targetHints":{"allow":["GET"]}}],"collection":[{"href":"https:\/\/eltrabajo.cl\/portal\/wp-json\/wp\/v2\/posts"}],"about":[{"href":"https:\/\/eltrabajo.cl\/portal\/wp-json\/wp\/v2\/types\/post"}],"author":[{"embeddable":true,"href":"https:\/\/eltrabajo.cl\/portal\/wp-json\/wp\/v2\/users\/482"}],"replies":[{"embeddable":true,"href":"https:\/\/eltrabajo.cl\/portal\/wp-json\/wp\/v2\/comments?post=19393"}],"version-history":[{"count":0,"href":"https:\/\/eltrabajo.cl\/portal\/wp-json\/wp\/v2\/posts\/19393\/revisions"}],"wp:featuredmedia":[{"embeddable":true,"href":"https:\/\/eltrabajo.cl\/portal\/wp-json\/wp\/v2\/media\/19394"}],"wp:attachment":[{"href":"https:\/\/eltrabajo.cl\/portal\/wp-json\/wp\/v2\/media?parent=19393"}],"wp:term":[{"taxonomy":"category","embeddable":true,"href":"https:\/\/eltrabajo.cl\/portal\/wp-json\/wp\/v2\/categories?post=19393"},{"taxonomy":"post_tag","embeddable":true,"href":"https:\/\/eltrabajo.cl\/portal\/wp-json\/wp\/v2\/tags?post=19393"}],"curies":[{"name":"wp","href":"https:\/\/api.w.org\/{rel}","templated":true}]}}