{"id":19398,"date":"2012-06-14T09:45:57","date_gmt":"2012-06-14T13:45:57","guid":{"rendered":"http:\/\/www.eltrabajo.cl\/portal\/?p=19398"},"modified":"2012-06-14T09:45:57","modified_gmt":"2012-06-14T13:45:57","slug":"nina-de-9-anos-gano-primer-lugar-en-campeonato-regional-de-patinaje","status":"publish","type":"post","link":"https:\/\/eltrabajo.cl\/portal\/nina-de-9-anos-gano-primer-lugar-en-campeonato-regional-de-patinaje\/","title":{"rendered":"Ni\u00f1a de 9 a\u00f1os gan\u00f3 primer lugar en campeonato regional de patinaje"},"content":{"rendered":"<figure id=\"attachment_19399\" aria-describedby=\"caption-attachment-19399\" style=\"width: 600px\" class=\"wp-caption alignnone\"><a href=\"http:\/\/www.eltrabajo.cl\/portal\/2012\/06\/nina-de-9-anos-gano-primer-lugar-en-campeonato-regional-de-patinaje\/grupatin\/\" rel=\"attachment wp-att-19399\"><img data-recalc-dims=\"1\" loading=\"lazy\" decoding=\"async\" class=\"size-full wp-image-19399\" title=\"Grupat\u00edn\" src=\"https:\/\/i0.wp.com\/www.eltrabajo.cl\/portal\/wp-content\/uploads\/2012\/06\/Grupat%C3%ADn.jpg?resize=600%2C450\" alt=\"\" width=\"600\" height=\"450\" srcset=\"https:\/\/i0.wp.com\/eltrabajo.cl\/portal\/wp-content\/uploads\/2012\/06\/Grupat%C3%ADn.jpg?w=600&amp;ssl=1 600w, https:\/\/i0.wp.com\/eltrabajo.cl\/portal\/wp-content\/uploads\/2012\/06\/Grupat%C3%ADn.jpg?resize=200%2C150&amp;ssl=1 200w, https:\/\/i0.wp.com\/eltrabajo.cl\/portal\/wp-content\/uploads\/2012\/06\/Grupat%C3%ADn.jpg?resize=300%2C225&amp;ssl=1 300w, https:\/\/i0.wp.com\/eltrabajo.cl\/portal\/wp-content\/uploads\/2012\/06\/Grupat%C3%ADn.jpg?resize=150%2C112&amp;ssl=1 150w, https:\/\/i0.wp.com\/eltrabajo.cl\/portal\/wp-content\/uploads\/2012\/06\/Grupat%C3%ADn.jpg?resize=400%2C300&amp;ssl=1 400w\" sizes=\"auto, (max-width: 600px) 100vw, 600px\" \/><\/a><figcaption id=\"caption-attachment-19399\" class=\"wp-caption-text\">El Club de Patinaje Rolito pos\u00f3 para Diario El Trabajo luego de que se realiz\u00f3 este campeonato en Santiago.<\/figcaption><\/figure>\n<p>Roberto Gonz\u00e1lez Short &#8211; <a href=\"mailto:rgonzalez@eltrabajo.cl\">rgonzalez@eltrabajo.cl<\/a><\/p>\n<p>Una nueva monarca de la categor\u00eda Art\u00edstico y T\u00e9cnico del patinaje chileno, reclam\u00f3 por derecho el primer lugar que bien se gan\u00f3 al participar en el Campeonato Regional realizado en Santiago este fin de semana pasado.<\/p>\n<p>La \u00e1gil y diestra patinadora de apenas 9 a\u00f1os se midi\u00f3 en la pista contra las mejores del pa\u00eds, en un evento organizado por el Club de Patinaje Estrellas de Pe\u00f1alol\u00e9n y que reuni\u00f3 a siete clubes de patinaje de Chile, donde ella fue la mejor en su categor\u00eda.<\/p>\n<p>&nbsp;<\/p>\n<figure id=\"attachment_19401\" aria-describedby=\"caption-attachment-19401\" style=\"width: 210px\" class=\"wp-caption alignright\"><a href=\"http:\/\/www.eltrabajo.cl\/portal\/2012\/06\/nina-de-9-anos-gano-primer-lugar-en-campeonato-regional-de-patinaje\/ganadora1\/\" rel=\"attachment wp-att-19401\"><img data-recalc-dims=\"1\" loading=\"lazy\" decoding=\"async\" class=\"size-medium wp-image-19401 \" title=\"Ganadora1\" src=\"https:\/\/i0.wp.com\/www.eltrabajo.cl\/portal\/wp-content\/uploads\/2012\/06\/Ganadora1-300x236.jpg?resize=210%2C165\" alt=\"\" width=\"210\" height=\"165\" srcset=\"https:\/\/i0.wp.com\/eltrabajo.cl\/portal\/wp-content\/uploads\/2012\/06\/Ganadora1.jpg?resize=300%2C236&amp;ssl=1 300w, https:\/\/i0.wp.com\/eltrabajo.cl\/portal\/wp-content\/uploads\/2012\/06\/Ganadora1.jpg?resize=190%2C150&amp;ssl=1 190w, https:\/\/i0.wp.com\/eltrabajo.cl\/portal\/wp-content\/uploads\/2012\/06\/Ganadora1.jpg?resize=150%2C118&amp;ssl=1 150w, https:\/\/i0.wp.com\/eltrabajo.cl\/portal\/wp-content\/uploads\/2012\/06\/Ganadora1.jpg?resize=400%2C315&amp;ssl=1 400w, https:\/\/i0.wp.com\/eltrabajo.cl\/portal\/wp-content\/uploads\/2012\/06\/Ganadora1.jpg?w=600&amp;ssl=1 600w\" sizes=\"auto, (max-width: 210px) 100vw, 210px\" \/><\/a><figcaption id=\"caption-attachment-19401\" class=\"wp-caption-text\">Daniela Meneses, patinadora infantil.<\/figcaption><\/figure>\n<p>&nbsp;<\/p>\n<p>Se trata de Antonella Meneses, estudiante de la Escuela Jos\u00e9 de San Mart\u00edn, miembro del Club de Patinaje \u2018Rolito\u2019, agrupaci\u00f3n deportiva que est\u00e1 conformada por m\u00e1s de 20 patinadores desde los 3 hasta los 21 a\u00f1os de edad.<\/p>\n<p>\u201cEste es el primer campeonato en el que yo participo en este a\u00f1o, el patinaje es lo m\u00edo, desde mis cuatro a\u00f1os me sent\u00ed atra\u00edda por este deporte\u201d, comenta Antonella a Diario El Trabajo.<\/p>\n<p>Esta ni\u00f1a de 4\u00ba B\u00e1sico ya se ha acostumbrado a las competencias: \u201cLa sensaci\u00f3n de dominar mi cuerpo y los patines es algo que me encanta, todo esto lo he aprendido del profesor Andr\u00e9s Figaris y tambi\u00e9n de algunas compa\u00f1era que me ense\u00f1an sus t\u00e9cnicas de patinaje\u201d, a\u00f1adi\u00f3 la joven campeona.<\/p>\n<p>Nuestro medio habl\u00f3 con Nelson Meneses, padre de Antonella y uno de sus fans m\u00e1s fieles.<\/p>\n<figure id=\"attachment_19402\" aria-describedby=\"caption-attachment-19402\" style=\"width: 210px\" class=\"wp-caption alignleft\"><a href=\"http:\/\/www.eltrabajo.cl\/portal\/2012\/06\/nina-de-9-anos-gano-primer-lugar-en-campeonato-regional-de-patinaje\/nelson1\/\" rel=\"attachment wp-att-19402\"><img data-recalc-dims=\"1\" loading=\"lazy\" decoding=\"async\" class=\"size-medium wp-image-19402 \" title=\"Nelson1\" src=\"https:\/\/i0.wp.com\/www.eltrabajo.cl\/portal\/wp-content\/uploads\/2012\/06\/Nelson1-300x230.jpg?resize=210%2C161\" alt=\"\" width=\"210\" height=\"161\" srcset=\"https:\/\/i0.wp.com\/eltrabajo.cl\/portal\/wp-content\/uploads\/2012\/06\/Nelson1.jpg?resize=300%2C230&amp;ssl=1 300w, https:\/\/i0.wp.com\/eltrabajo.cl\/portal\/wp-content\/uploads\/2012\/06\/Nelson1.jpg?resize=195%2C150&amp;ssl=1 195w, https:\/\/i0.wp.com\/eltrabajo.cl\/portal\/wp-content\/uploads\/2012\/06\/Nelson1.jpg?resize=150%2C115&amp;ssl=1 150w, https:\/\/i0.wp.com\/eltrabajo.cl\/portal\/wp-content\/uploads\/2012\/06\/Nelson1.jpg?resize=400%2C306&amp;ssl=1 400w, https:\/\/i0.wp.com\/eltrabajo.cl\/portal\/wp-content\/uploads\/2012\/06\/Nelson1.jpg?w=600&amp;ssl=1 600w\" sizes=\"auto, (max-width: 210px) 100vw, 210px\" \/><\/a><figcaption id=\"caption-attachment-19402\" class=\"wp-caption-text\">Nelson Meneses, padre de nuestra vigorosa deportista sobre ruedas.<\/figcaption><\/figure>\n<p>\u201cMi esposa y yo estamos m\u00e1s que orgullosos con los triunfos de Antonella, aunque los implementos deportivos que ella requiere son caros, con mucho cari\u00f1o se los compramos (\u2026) en ella naci\u00f3 el inter\u00e9s por el patinaje desde que la llevamos a la Plaza de Armas a sus cuatro a\u00f1os (\u2026) aunque la animamos a seguir adelante, buscamos tambi\u00e9n que la ni\u00f1a no pierda el inter\u00e9s por sus estudios\u201d, explic\u00f3 Daniel a Diario El Trabajo.<\/p>\n","protected":false},"excerpt":{"rendered":"<p>Roberto Gonz\u00e1lez Short &#8211; rgonzalez@eltrabajo.cl Una nueva monarca de la categor\u00eda Art\u00edstico y T\u00e9cnico del patinaje chileno, reclam\u00f3 por derecho el primer lugar que bien se gan\u00f3 al participar en el Campeonato&#8230;<\/p>\n","protected":false},"author":482,"featured_media":19399,"comment_status":"open","ping_status":"closed","sticky":false,"template":"","format":"standard","meta":{"advanced_seo_description":"","jetpack_seo_html_title":"","jetpack_seo_noindex":false,"_jetpack_memberships_contains_paid_content":false,"footnotes":""},"categories":[15],"tags":[],"class_list":["post-19398","post","type-post","status-publish","format-standard","has-post-thumbnail","hentry","category-comunidad"],"jetpack_featured_media_url":"https:\/\/i0.wp.com\/eltrabajo.cl\/portal\/wp-content\/uploads\/2012\/06\/Grupat%C3%ADn.jpg?fit=600%2C450&ssl=1","jetpack_sharing_enabled":true,"jetpack_likes_enabled":true,"jetpack-related-posts":[],"_links":{"self":[{"href":"https:\/\/eltrabajo.cl\/portal\/wp-json\/wp\/v2\/posts\/19398","targetHints":{"allow":["GET"]}}],"collection":[{"href":"https:\/\/eltrabajo.cl\/portal\/wp-json\/wp\/v2\/posts"}],"about":[{"href":"https:\/\/eltrabajo.cl\/portal\/wp-json\/wp\/v2\/types\/post"}],"author":[{"embeddable":true,"href":"https:\/\/eltrabajo.cl\/portal\/wp-json\/wp\/v2\/users\/482"}],"replies":[{"embeddable":true,"href":"https:\/\/eltrabajo.cl\/portal\/wp-json\/wp\/v2\/comments?post=19398"}],"version-history":[{"count":0,"href":"https:\/\/eltrabajo.cl\/portal\/wp-json\/wp\/v2\/posts\/19398\/revisions"}],"wp:featuredmedia":[{"embeddable":true,"href":"https:\/\/eltrabajo.cl\/portal\/wp-json\/wp\/v2\/media\/19399"}],"wp:attachment":[{"href":"https:\/\/eltrabajo.cl\/portal\/wp-json\/wp\/v2\/media?parent=19398"}],"wp:term":[{"taxonomy":"category","embeddable":true,"href":"https:\/\/eltrabajo.cl\/portal\/wp-json\/wp\/v2\/categories?post=19398"},{"taxonomy":"post_tag","embeddable":true,"href":"https:\/\/eltrabajo.cl\/portal\/wp-json\/wp\/v2\/tags?post=19398"}],"curies":[{"name":"wp","href":"https:\/\/api.w.org\/{rel}","templated":true}]}}