{"id":19411,"date":"2012-06-14T09:48:39","date_gmt":"2012-06-14T13:48:39","guid":{"rendered":"http:\/\/www.eltrabajo.cl\/portal\/?p=19411"},"modified":"2012-06-14T09:48:39","modified_gmt":"2012-06-14T13:48:39","slug":"personas-censadas-en-la-provincia-llegarian-a-un-98-a-dias-de-culminar-proceso","status":"publish","type":"post","link":"https:\/\/eltrabajo.cl\/portal\/personas-censadas-en-la-provincia-llegarian-a-un-98-a-dias-de-culminar-proceso\/","title":{"rendered":"Personas censadas en la provincia llegar\u00edan a un 98% a d\u00edas de culminar proceso"},"content":{"rendered":"<figure id=\"attachment_19412\" aria-describedby=\"caption-attachment-19412\" style=\"width: 600px\" class=\"wp-caption alignnone\"><a href=\"http:\/\/www.eltrabajo.cl\/portal\/2012\/06\/personas-censadas-en-la-provincia-llegarian-a-un-98-a-dias-de-culminar-proceso\/censo-munillay-cl\/\" rel=\"attachment wp-att-19412\"><img data-recalc-dims=\"1\" loading=\"lazy\" decoding=\"async\" class=\"size-full wp-image-19412\" title=\"censo-munillay.cl\" src=\"https:\/\/i0.wp.com\/www.eltrabajo.cl\/portal\/wp-content\/uploads\/2012\/06\/censo-munillay.cl_.jpg?resize=600%2C451\" alt=\"\" width=\"600\" height=\"451\" srcset=\"https:\/\/i0.wp.com\/eltrabajo.cl\/portal\/wp-content\/uploads\/2012\/06\/censo-munillay.cl_.jpg?w=600&amp;ssl=1 600w, https:\/\/i0.wp.com\/eltrabajo.cl\/portal\/wp-content\/uploads\/2012\/06\/censo-munillay.cl_.jpg?resize=200%2C150&amp;ssl=1 200w, https:\/\/i0.wp.com\/eltrabajo.cl\/portal\/wp-content\/uploads\/2012\/06\/censo-munillay.cl_.jpg?resize=300%2C225&amp;ssl=1 300w, https:\/\/i0.wp.com\/eltrabajo.cl\/portal\/wp-content\/uploads\/2012\/06\/censo-munillay.cl_.jpg?resize=150%2C112&amp;ssl=1 150w, https:\/\/i0.wp.com\/eltrabajo.cl\/portal\/wp-content\/uploads\/2012\/06\/censo-munillay.cl_.jpg?resize=400%2C300&amp;ssl=1 400w\" sizes=\"auto, (max-width: 600px) 100vw, 600px\" \/><\/a><figcaption id=\"caption-attachment-19412\" class=\"wp-caption-text\">Este viernes culmina el Censo, el que se inici\u00f3 el 9 de abril. En la foto, el Alcalde Mario Marillanca es censado.<\/figcaption><\/figure>\n<p>Este viernes 15 de junio culmina oficialmente el proceso de Censo a nivel nacional, catastro que este a\u00f1o tuvo una duraci\u00f3n de tres meses y que cont\u00f3 con personal especialmente destinado para realizar el proceso.<\/p>\n<p>En la provincia de San Felipe, hasta la fecha, habr\u00edan sido encuestadas un 98% de las viviendas, informaci\u00f3n que t\u00e9cnicamente no arrojar\u00eda error en sus resultados, seg\u00fan asegur\u00f3 la Gobernadora Patricia Boffa.<\/p>\n<p>En tanto para todos aquellos hogares que el censista visit\u00f3 en m\u00e1s de una oportunidad y sus moradores no se encontraban presentes, desde el 15 de junio va a comenzar a funcionar una oficina exclusiva del INE, para que sean entregados los datos en esa instancia, una realidad que a nivel provincial llega al 2% seg\u00fan cifras oficiales.<\/p>\n<p>\u201cLa Gobernaci\u00f3n junto con el INE han visto la posibilidad de que dos funcionarios del INE est\u00e9n durante 15 d\u00edas en lo que son la dependencias de la Gobernaci\u00f3n para que ellos (vecinos que falta censar) puedan venir hasta ac\u00e1 para que los censen, para que informen cuanta gente hay en su casa y todas las preguntas que tiene el cuestionario del Censo\u201d, se\u00f1al\u00f3 la autoridad provincial.<\/p>\n<p>Seg\u00fan indic\u00f3 adem\u00e1s la Gobernadora, existe en la provincia de San Felipe un 16% de casas que est\u00e1n desocupadas, siendo Llay-Llay la comuna que tiene m\u00e1s casos, mientras que Panquehue fue la comuna que present\u00f3 m\u00e1s falta de moradores al momento de que las viviendas fueran censadas.<\/p>\n<p>\u201cEn todo horario que han ido, porque han hecho horario diferido, han ido en la ma\u00f1ana, han ido en la tarde y hasta las 10 de la noche aproximadamente\u201d, dijo Boffa.<\/p>\n<p>Tal como explic\u00f3 hace tiempo la encargada provincial del Censo, en la provincia existieron personas que se negaron a ser censadas, situaci\u00f3n que al finalizar el proceso tambi\u00e9n va a ser informada a nivel nacional.<\/p>\n<p>Toda la informaci\u00f3n recogida por los censistas deber\u00eda estar tabulada en el mes de agosto, per\u00edodo en que debe culminar todo el proceso del Censo.<\/p>\n<p>Respecto de informaciones que se\u00f1alaban que a algunos censistas no se les hab\u00eda cancelado sus remuneraciones del mes de mayo, la Gobernadora se\u00f1al\u00f3 que en el primer pago en el mes de abril se les cancel\u00f3 el sueldo a todos los censistas, pero en el mes de mayo la situaci\u00f3n cambi\u00f3 y no se les entreg\u00f3 su cheque a un 5% de los censistas, ya que no hab\u00edan completado la documentaci\u00f3n necesaria que se les exigi\u00f3 al comenzar el proceso.<\/p>\n<p>\u201cHay muchas personas de los censistas que no cumplen con los papeles que tienen que traer, todos estos papeles pasan a la Contralor\u00eda, por lo que el INE no puede hacer vista gorda. El primer pago se hizo el 8 de mayo y est\u00e1 totalmente cancelado, el problema est\u00e1 en el segundo pago, que fue el 8 de junio, porque la gente ya no va a volver a pagarse entonces el INE no puede dejar de recibir los documentos, porque de ahora ya no los ven m\u00e1s\u201d.<\/p>\n<p>Seg\u00fan explic\u00f3 la Gobernadora, en el momento en que los censistas que se encuentran en esta situaci\u00f3n entreguen la documentaci\u00f3n faltante, se liberar\u00e1 el cheque correspondiente.<\/p>\n","protected":false},"excerpt":{"rendered":"<p>Este viernes 15 de junio culmina oficialmente el proceso de Censo a nivel nacional, catastro que este a\u00f1o tuvo una duraci\u00f3n de tres meses y que cont\u00f3 con personal especialmente destinado para&#8230;<\/p>\n","protected":false},"author":482,"featured_media":19412,"comment_status":"open","ping_status":"closed","sticky":false,"template":"","format":"standard","meta":{"advanced_seo_description":"","jetpack_seo_html_title":"","jetpack_seo_noindex":false,"_jetpack_memberships_contains_paid_content":false,"footnotes":""},"categories":[1],"tags":[],"class_list":["post-19411","post","type-post","status-publish","format-standard","has-post-thumbnail","hentry","category-cronica"],"jetpack_featured_media_url":"https:\/\/i0.wp.com\/eltrabajo.cl\/portal\/wp-content\/uploads\/2012\/06\/censo-munillay.cl_.jpg?fit=600%2C451&ssl=1","jetpack_sharing_enabled":true,"jetpack_likes_enabled":true,"jetpack-related-posts":[],"_links":{"self":[{"href":"https:\/\/eltrabajo.cl\/portal\/wp-json\/wp\/v2\/posts\/19411","targetHints":{"allow":["GET"]}}],"collection":[{"href":"https:\/\/eltrabajo.cl\/portal\/wp-json\/wp\/v2\/posts"}],"about":[{"href":"https:\/\/eltrabajo.cl\/portal\/wp-json\/wp\/v2\/types\/post"}],"author":[{"embeddable":true,"href":"https:\/\/eltrabajo.cl\/portal\/wp-json\/wp\/v2\/users\/482"}],"replies":[{"embeddable":true,"href":"https:\/\/eltrabajo.cl\/portal\/wp-json\/wp\/v2\/comments?post=19411"}],"version-history":[{"count":0,"href":"https:\/\/eltrabajo.cl\/portal\/wp-json\/wp\/v2\/posts\/19411\/revisions"}],"wp:featuredmedia":[{"embeddable":true,"href":"https:\/\/eltrabajo.cl\/portal\/wp-json\/wp\/v2\/media\/19412"}],"wp:attachment":[{"href":"https:\/\/eltrabajo.cl\/portal\/wp-json\/wp\/v2\/media?parent=19411"}],"wp:term":[{"taxonomy":"category","embeddable":true,"href":"https:\/\/eltrabajo.cl\/portal\/wp-json\/wp\/v2\/categories?post=19411"},{"taxonomy":"post_tag","embeddable":true,"href":"https:\/\/eltrabajo.cl\/portal\/wp-json\/wp\/v2\/tags?post=19411"}],"curies":[{"name":"wp","href":"https:\/\/api.w.org\/{rel}","templated":true}]}}