{"id":19415,"date":"2012-06-14T09:49:37","date_gmt":"2012-06-14T13:49:37","guid":{"rendered":"http:\/\/www.eltrabajo.cl\/portal\/?p=19415"},"modified":"2012-06-14T09:49:38","modified_gmt":"2012-06-14T13:49:38","slug":"comienzan-trabajo-psicosocial-con-menores-con-conductas-delictivas","status":"publish","type":"post","link":"https:\/\/eltrabajo.cl\/portal\/comienzan-trabajo-psicosocial-con-menores-con-conductas-delictivas\/","title":{"rendered":"Comienzan trabajo psicosocial con menores con conductas delictivas"},"content":{"rendered":"<figure id=\"attachment_19416\" aria-describedby=\"caption-attachment-19416\" style=\"width: 300px\" class=\"wp-caption alignleft\"><a href=\"http:\/\/www.eltrabajo.cl\/portal\/2012\/06\/comienzan-trabajo-psicosocial-con-menores-con-conductas-delictivas\/david-mali-1\/\" rel=\"attachment wp-att-19416\"><img data-recalc-dims=\"1\" loading=\"lazy\" decoding=\"async\" class=\"size-medium wp-image-19416\" title=\"david mali (1)\" src=\"https:\/\/i0.wp.com\/www.eltrabajo.cl\/portal\/wp-content\/uploads\/2012\/06\/david-mali-1-300x225.jpg?resize=300%2C225\" alt=\"\" width=\"300\" height=\"225\" srcset=\"https:\/\/i0.wp.com\/eltrabajo.cl\/portal\/wp-content\/uploads\/2012\/06\/david-mali-1.jpg?resize=300%2C225&amp;ssl=1 300w, https:\/\/i0.wp.com\/eltrabajo.cl\/portal\/wp-content\/uploads\/2012\/06\/david-mali-1.jpg?resize=200%2C150&amp;ssl=1 200w, https:\/\/i0.wp.com\/eltrabajo.cl\/portal\/wp-content\/uploads\/2012\/06\/david-mali-1.jpg?resize=150%2C112&amp;ssl=1 150w, https:\/\/i0.wp.com\/eltrabajo.cl\/portal\/wp-content\/uploads\/2012\/06\/david-mali-1.jpg?resize=400%2C300&amp;ssl=1 400w, https:\/\/i0.wp.com\/eltrabajo.cl\/portal\/wp-content\/uploads\/2012\/06\/david-mali-1.jpg?w=600&amp;ssl=1 600w\" sizes=\"auto, (max-width: 300px) 100vw, 300px\" \/><\/a><figcaption id=\"caption-attachment-19416\" class=\"wp-caption-text\">El trabajo de estos profesionales est\u00e1 enfocado a trabajar con menores en riesgo de tener conductas delictivas, se\u00f1al\u00f3 David Mali.<\/figcaption><\/figure>\n<p>Desde el 4 de junio pasado los profesionales del programa Barrio en Paz Residencial comenzaron una intervenci\u00f3n en distintos establecimientos educacionales de la comuna de San Felipe, el que est\u00e1 enfocado en los factores de riesgo socio-delictuales que tienen algunos estudiantes del sector poblacional que comprende el programa.<\/p>\n<p>Seg\u00fan explic\u00f3 David Mali, coordinador del proyecto, se trata de una intervenci\u00f3n focalizada con los ni\u00f1os, con quienes se trabaja en la ma\u00f1ana durante tres horas en distintos grupos, dependiendo de las edades de los escolares, y por la tarde se realiza un trabajo con los padres, labor que se refuerza en los espacios comunitarios.<\/p>\n<p>La iniciativa ha tenido bastante \u00e9xito entre los vecinos de este sector, ya que de hecho este lunes, a una de las reuniones de trabajo asistieron 40 apoderados en la escuela Bernardo O\u00b4Higgins, una cifra in\u00e9dita para el trabajo que vienen realizando estos profesionales en ese sector y que tiene que ver con una estrategia que est\u00e1n abordando y que es trabajar con ellos en forma previa a las reuniones de apoderados.<\/p>\n<p>En esta intervenci\u00f3n, que contempla el Liceo San Felipe, las escuelas Bernardo O\u00b4Higgins y Manso de Velasco, el jard\u00edn infantil Hormiguitas y la escuela de lenguaje Cumbres de Aconcagua, se trabajan temas desde el punto de vista psic\u00f3logico como el manejo de la frustraci\u00f3n, resoluci\u00f3n pac\u00edfica de conflictos al interior de los establecimientos educacionales y un taller de liderazgo. Mientras que con los padres se est\u00e1 trabajando en un taller de habilidades parentales, donde apoyan el trabajo con profesionales de la OPD, la Dipma y el centro de la Mujer, en temas como violencia intrafamiliar.<\/p>\n<p>Un tema, seg\u00fan Mali, que son realidades encubiertas: \u201cSi bien las personas no manifiestan de lleno que ven o vivencian eso en sus hogares, es una realidad que est\u00e1 latente siempre, y en ese sentido hemos combinado el diagn\u00f3stico del a\u00f1o pasado, que hicimos con los ni\u00f1os, m\u00e1s el trabajo comunitario que hemos hecho con el programa Barrio en Paz Residencial, y nos hemos dado cuenta de violencia intrafamiliar, estilos de crianza, habilidades parentales y comunicaci\u00f3n entre la familia son necesidades siempre presentes en estas familias\u201d.<\/p>\n<p>La intervenci\u00f3n en los establecimientos est\u00e1 contemplada que se extienda hasta el mes de noviembre, ya que en diciembre los alumnos comienzan a realizar otras actividades, \u201cpero como compromiso institucional estamos hasta febrero, como proyecto psicosocial, luego evaluamos y vemos si es conveniente seguir o no dependiendo del estado de avance\u201d, dijo Mali.<\/p>\n<p>En el programa con los menores est\u00e1 trabajando un psic\u00f3logo, dos trabajadoras sociales, un educador y un apoyo administrativo, adem\u00e1s de un soci\u00f3logo.<\/p>\n","protected":false},"excerpt":{"rendered":"<p>Desde el 4 de junio pasado los profesionales del programa Barrio en Paz Residencial comenzaron una intervenci\u00f3n en distintos establecimientos educacionales de la comuna de San Felipe, el que est\u00e1 enfocado en&#8230;<\/p>\n","protected":false},"author":482,"featured_media":19416,"comment_status":"open","ping_status":"closed","sticky":false,"template":"","format":"standard","meta":{"advanced_seo_description":"","jetpack_seo_html_title":"","jetpack_seo_noindex":false,"_jetpack_memberships_contains_paid_content":false,"footnotes":""},"categories":[1],"tags":[],"class_list":["post-19415","post","type-post","status-publish","format-standard","has-post-thumbnail","hentry","category-cronica"],"jetpack_featured_media_url":"https:\/\/i0.wp.com\/eltrabajo.cl\/portal\/wp-content\/uploads\/2012\/06\/david-mali-1.jpg?fit=600%2C451&ssl=1","jetpack_sharing_enabled":true,"jetpack_likes_enabled":true,"jetpack-related-posts":[],"_links":{"self":[{"href":"https:\/\/eltrabajo.cl\/portal\/wp-json\/wp\/v2\/posts\/19415","targetHints":{"allow":["GET"]}}],"collection":[{"href":"https:\/\/eltrabajo.cl\/portal\/wp-json\/wp\/v2\/posts"}],"about":[{"href":"https:\/\/eltrabajo.cl\/portal\/wp-json\/wp\/v2\/types\/post"}],"author":[{"embeddable":true,"href":"https:\/\/eltrabajo.cl\/portal\/wp-json\/wp\/v2\/users\/482"}],"replies":[{"embeddable":true,"href":"https:\/\/eltrabajo.cl\/portal\/wp-json\/wp\/v2\/comments?post=19415"}],"version-history":[{"count":0,"href":"https:\/\/eltrabajo.cl\/portal\/wp-json\/wp\/v2\/posts\/19415\/revisions"}],"wp:featuredmedia":[{"embeddable":true,"href":"https:\/\/eltrabajo.cl\/portal\/wp-json\/wp\/v2\/media\/19416"}],"wp:attachment":[{"href":"https:\/\/eltrabajo.cl\/portal\/wp-json\/wp\/v2\/media?parent=19415"}],"wp:term":[{"taxonomy":"category","embeddable":true,"href":"https:\/\/eltrabajo.cl\/portal\/wp-json\/wp\/v2\/categories?post=19415"},{"taxonomy":"post_tag","embeddable":true,"href":"https:\/\/eltrabajo.cl\/portal\/wp-json\/wp\/v2\/tags?post=19415"}],"curies":[{"name":"wp","href":"https:\/\/api.w.org\/{rel}","templated":true}]}}