{"id":19419,"date":"2012-06-14T09:50:53","date_gmt":"2012-06-14T13:50:53","guid":{"rendered":"http:\/\/www.eltrabajo.cl\/portal\/?p=19419"},"modified":"2012-06-14T09:50:53","modified_gmt":"2012-06-14T13:50:53","slug":"abren-inscripcion-especial-del-programa-%e2%80%98mujer-trabajadora-y-jefa-de-hogar%e2%80%99","status":"publish","type":"post","link":"https:\/\/eltrabajo.cl\/portal\/abren-inscripcion-especial-del-programa-%e2%80%98mujer-trabajadora-y-jefa-de-hogar%e2%80%99\/","title":{"rendered":"Abren inscripci\u00f3n especial del programa \u2018Mujer Trabajadora y Jefa de Hogar\u2019"},"content":{"rendered":"<figure id=\"attachment_19420\" aria-describedby=\"caption-attachment-19420\" style=\"width: 300px\" class=\"wp-caption alignleft\"><a href=\"http:\/\/www.eltrabajo.cl\/portal\/2012\/06\/abren-inscripcion-especial-del-programa-%e2%80%98mujer-trabajadora-y-jefa-de-hogar%e2%80%99\/sandra-pulgar-1\/\" rel=\"attachment wp-att-19420\"><img data-recalc-dims=\"1\" loading=\"lazy\" decoding=\"async\" class=\"size-medium wp-image-19420\" title=\"sandra pulgar (1)\" src=\"https:\/\/i0.wp.com\/www.eltrabajo.cl\/portal\/wp-content\/uploads\/2012\/06\/sandra-pulgar-1-300x258.jpg?resize=300%2C258\" alt=\"\" width=\"300\" height=\"258\" srcset=\"https:\/\/i0.wp.com\/eltrabajo.cl\/portal\/wp-content\/uploads\/2012\/06\/sandra-pulgar-1.jpg?resize=300%2C258&amp;ssl=1 300w, https:\/\/i0.wp.com\/eltrabajo.cl\/portal\/wp-content\/uploads\/2012\/06\/sandra-pulgar-1.jpg?resize=174%2C150&amp;ssl=1 174w, https:\/\/i0.wp.com\/eltrabajo.cl\/portal\/wp-content\/uploads\/2012\/06\/sandra-pulgar-1.jpg?resize=150%2C129&amp;ssl=1 150w, https:\/\/i0.wp.com\/eltrabajo.cl\/portal\/wp-content\/uploads\/2012\/06\/sandra-pulgar-1.jpg?resize=400%2C344&amp;ssl=1 400w, https:\/\/i0.wp.com\/eltrabajo.cl\/portal\/wp-content\/uploads\/2012\/06\/sandra-pulgar-1.jpg?w=600&amp;ssl=1 600w\" sizes=\"auto, (max-width: 300px) 100vw, 300px\" \/><\/a><figcaption id=\"caption-attachment-19420\" class=\"wp-caption-text\">Un proceso especial de inscripci\u00f3n comenz\u00f3 la Oficina de la Mujer para el programa \u2018Mujer Trabajadora y Jefa de Hogar\u2019, el que vence el pr\u00f3ximo 20 de junio.<\/figcaption><\/figure>\n<p>Un proceso especial de inscripci\u00f3n abri\u00f3 el programa \u2018Mujer Trabajadora y Jefa de Hogar\u2019, para las personas interesadas en capacitarse en los distintos cursos que dictar\u00e1n durante el a\u00f1o, el que vence el pr\u00f3ximo 20 de junio.<\/p>\n<p>Seg\u00fan explic\u00f3 Sandra Pulgar, encargada laboral del programa, la idea con esta ampliaci\u00f3n del plazo es darle la oportunidad a las mujeres que no alcanzaron a inscribirse durante el primer per\u00edodo de inscripci\u00f3n, que fue hasta el 15 de abril, para que se acerquen a la oficina de la Mujer que est\u00e1 ubicada en Traslavi\u00f1a 1132.<\/p>\n<p>Las mujeres interesadas en asistir a los cursos deben cumplir con algunos requisitos, como son tener entre 18 a 65 a\u00f1os de edad; ser mujer trabajadora o jefa de hogar; tener hijos a su cargo o nietos, dependiendo de su edad; tener residencia en San Felipe y tener ganas de capacitarse y ser parte de los programas.<\/p>\n<p>\u201cEn el fondo mujeres que quieran capacitarse, que necesiten apoyo para emprender su peque\u00f1o negocio, nosotros tambi\u00e9n entregamos un apoyo en atenci\u00f3n dental, atenci\u00f3n de salud y las enviamos a hacer un curso de computaci\u00f3n a la biblioteca y nivelar estudios\u201d.<\/p>\n<p>Estas capacitaciones est\u00e1n enfocadas a los oficios, duran alrededor de un mes y medio, tiempo durante el cual son preparadas para enfrentar mejor el mundo laboral.<\/p>\n<p>En esta oportunidad se dictar\u00e1n dos cursos que fueron pedidos a Sence, que se extender\u00e1n desde julio a septiembre, que es auxiliar de farmacia y asistente administrativo con menci\u00f3n en ingl\u00e9s.<\/p>\n<p>\u201cLa idea es que ellas puedan trabajar en un buen trabajo, no solamente trabajando en lo mismo que han trabajado toda la vida, que puede ser asesora de hogar, cuidando ni\u00f1os, sino que puedan realmente tener un oficio que les permita a ellas tener un mejor empleo, con mejores ingresos\u201d, indic\u00f3 Pulgar.<\/p>\n<p>En esta oportunidad se abrieron 30 cupos, de los cuales 15 ya est\u00e1n cubiertos, los que se suman a los 180 que se pusieron a disposici\u00f3n durante el a\u00f1o.<\/p>\n<p>\u201cEs un per\u00edodo de postulaci\u00f3n, entonces tambi\u00e9n pueden inscribirse 60 personas, pero nosotros tenemos despu\u00e9s que ir viendo con los requisitos quienes cumplen 100% con el perfil y a esas vamos a dejar en el programa, esas 30 mujeres\u201d, se\u00f1al\u00f3 la encargada.<\/p>\n<p>A\u00f1o tras a\u00f1o las mujeres han presentado mucho mayor inter\u00e9s por ser parte de estos cursos, los que les permiten capacitarse, postular a mejores empleos y mejorar su calidad de vida. De hecho a principio de a\u00f1o inscribieron alrededor de 250 mujeres, algunas de las cuales han ido desertando, ya sea por problemas de salud o por ingresar a trabajar, por lo que no tienen tiempo para asistir a los cursos, pero siempre el inter\u00e9s existe por mejorar su situaci\u00f3n, sostuvo Pulgar.<\/p>\n","protected":false},"excerpt":{"rendered":"<p>Un proceso especial de inscripci\u00f3n abri\u00f3 el programa \u2018Mujer Trabajadora y Jefa de Hogar\u2019, para las personas interesadas en capacitarse en los distintos cursos que dictar\u00e1n durante el a\u00f1o, el que vence&#8230;<\/p>\n","protected":false},"author":482,"featured_media":19420,"comment_status":"open","ping_status":"closed","sticky":false,"template":"","format":"standard","meta":{"advanced_seo_description":"","jetpack_seo_html_title":"","jetpack_seo_noindex":false,"_jetpack_memberships_contains_paid_content":false,"footnotes":""},"categories":[1],"tags":[],"class_list":["post-19419","post","type-post","status-publish","format-standard","has-post-thumbnail","hentry","category-cronica"],"jetpack_featured_media_url":"https:\/\/i0.wp.com\/eltrabajo.cl\/portal\/wp-content\/uploads\/2012\/06\/sandra-pulgar-1.jpg?fit=600%2C517&ssl=1","jetpack_sharing_enabled":true,"jetpack_likes_enabled":true,"jetpack-related-posts":[],"_links":{"self":[{"href":"https:\/\/eltrabajo.cl\/portal\/wp-json\/wp\/v2\/posts\/19419","targetHints":{"allow":["GET"]}}],"collection":[{"href":"https:\/\/eltrabajo.cl\/portal\/wp-json\/wp\/v2\/posts"}],"about":[{"href":"https:\/\/eltrabajo.cl\/portal\/wp-json\/wp\/v2\/types\/post"}],"author":[{"embeddable":true,"href":"https:\/\/eltrabajo.cl\/portal\/wp-json\/wp\/v2\/users\/482"}],"replies":[{"embeddable":true,"href":"https:\/\/eltrabajo.cl\/portal\/wp-json\/wp\/v2\/comments?post=19419"}],"version-history":[{"count":0,"href":"https:\/\/eltrabajo.cl\/portal\/wp-json\/wp\/v2\/posts\/19419\/revisions"}],"wp:featuredmedia":[{"embeddable":true,"href":"https:\/\/eltrabajo.cl\/portal\/wp-json\/wp\/v2\/media\/19420"}],"wp:attachment":[{"href":"https:\/\/eltrabajo.cl\/portal\/wp-json\/wp\/v2\/media?parent=19419"}],"wp:term":[{"taxonomy":"category","embeddable":true,"href":"https:\/\/eltrabajo.cl\/portal\/wp-json\/wp\/v2\/categories?post=19419"},{"taxonomy":"post_tag","embeddable":true,"href":"https:\/\/eltrabajo.cl\/portal\/wp-json\/wp\/v2\/tags?post=19419"}],"curies":[{"name":"wp","href":"https:\/\/api.w.org\/{rel}","templated":true}]}}