{"id":19423,"date":"2012-06-14T10:18:03","date_gmt":"2012-06-14T14:18:03","guid":{"rendered":"http:\/\/www.eltrabajo.cl\/portal\/?p=19423"},"modified":"2012-06-14T10:18:03","modified_gmt":"2012-06-14T14:18:03","slug":"piden-certificado-de-antecedentes-penales-a-extranjeros-que-llegan","status":"publish","type":"post","link":"https:\/\/eltrabajo.cl\/portal\/piden-certificado-de-antecedentes-penales-a-extranjeros-que-llegan\/","title":{"rendered":"Piden certificado de antecedentes penales a extranjeros que llegan"},"content":{"rendered":"<figure id=\"attachment_19424\" aria-describedby=\"caption-attachment-19424\" style=\"width: 300px\" class=\"wp-caption alignleft\"><a href=\"http:\/\/www.eltrabajo.cl\/portal\/2012\/06\/piden-certificado-de-antecedentes-penales-a-extranjeros-que-llegan\/adolfo-pizarro-1\/\" rel=\"attachment wp-att-19424\"><img data-recalc-dims=\"1\" loading=\"lazy\" decoding=\"async\" class=\"size-medium wp-image-19424\" title=\"adolfo pizarro (1)\" src=\"https:\/\/i0.wp.com\/www.eltrabajo.cl\/portal\/wp-content\/uploads\/2012\/06\/adolfo-pizarro-1-300x224.jpg?resize=300%2C224\" alt=\"\" width=\"300\" height=\"224\" srcset=\"https:\/\/i0.wp.com\/eltrabajo.cl\/portal\/wp-content\/uploads\/2012\/06\/adolfo-pizarro-1.jpg?resize=300%2C224&amp;ssl=1 300w, https:\/\/i0.wp.com\/eltrabajo.cl\/portal\/wp-content\/uploads\/2012\/06\/adolfo-pizarro-1.jpg?resize=200%2C150&amp;ssl=1 200w, https:\/\/i0.wp.com\/eltrabajo.cl\/portal\/wp-content\/uploads\/2012\/06\/adolfo-pizarro-1.jpg?resize=150%2C112&amp;ssl=1 150w, https:\/\/i0.wp.com\/eltrabajo.cl\/portal\/wp-content\/uploads\/2012\/06\/adolfo-pizarro-1.jpg?resize=400%2C299&amp;ssl=1 400w, https:\/\/i0.wp.com\/eltrabajo.cl\/portal\/wp-content\/uploads\/2012\/06\/adolfo-pizarro-1.jpg?w=600&amp;ssl=1 600w\" sizes=\"auto, (max-width: 300px) 100vw, 300px\" \/><\/a><figcaption id=\"caption-attachment-19424\" class=\"wp-caption-text\">Adolfo Pizarro se\u00f1al\u00f3 que se ha registrado un aumento en el flujo de extranjeros que han llegado a esta zona, los que son principalmente de Colombia.<\/figcaption><\/figure>\n<p>Debido al flujo contante y abundante de ciudadanos extranjeros que llegan a la provincia de San Felipe con el objetivo de trabajar, por orden del ministerio de Relaciones Exteriores, a estas personas se les est\u00e1 exigiendo un certificado de antecedentes penales consulares de su pa\u00eds.<\/p>\n<p>El documento se est\u00e1 exigiendo espec\u00edficamente a los ciudadanos peruanos, colombianos y dominicanos, y lo que busca es mantener el flujo migratorio de acuerdo a la ley y no tener problemas con fen\u00f3menos de delincuencia u otros delitos que puedan producirse en nuestro pa\u00eds.<\/p>\n<p>La exigencia de este documento comenz\u00f3 a regir este mes, registr\u00e1ndose casos de personas que han tratado de ingresar a Chile y han presentado antecedentes penales en sus pa\u00edses de origen, por lo que se han solicitado de inmediato las correspondientes \u00f3rdenes de expulsi\u00f3n.<\/p>\n<p>La mayor cantidad de extranjeros han llegado desde Colombia, quienes ingresan al pa\u00eds por temas de trabajo, aunque tambi\u00e9n se han presentado casos de personas que se han acogido a normas sobre refugio, aunque son bastante pocos casos. Asimismo se ha detectado desde hace un tiempo atr\u00e1s la masiva llegada de ciudadanos dominicanos, a los cuales se les est\u00e1 exigiendo el documento de antecedentes.<\/p>\n<p>Seg\u00fan explic\u00f3 el asesor jur\u00eddico de la Gobernaci\u00f3n, Adolfo Pizarro, todos estos ciudadanos, al trasladarse hasta nuestro pa\u00eds a realizar alg\u00fan trabajo, deben tener un empleador conocido que est\u00e9 dispuesto a darles trabajo y en las condiciones que la ley se\u00f1ala, con cl\u00e1usulas especiales que se les exigen al contrato de trabajo, de manera que su situaci\u00f3n sea absolutamente regular, lo que permite tener un ordenamiento para que tengan las mismas condiciones que el resto de los habitantes del pa\u00eds y puedan ejercer sus derechos legales como cualquier ciudadano chileno.<\/p>\n<p>Seg\u00fan el catastro que maneja el departamento de Extranjer\u00eda, en la provincia existen alrededor de 180 ciudadanos extranjeros tramitando diferentes solicitudes, llegando de manera mensual a 40 personas, las que llegan a iniciar tr\u00e1mites para mantenerse en el pa\u00eds.<\/p>\n<p>El a\u00f1o pasado en tanto la cifra de ciudadanos extranjeros se vio aumentada por bolivianos, una situaci\u00f3n diferente a la producida este a\u00f1o.<\/p>\n<p>Todos estos extranjeros vienen a realizar principalmente labores de construcci\u00f3n y de obras civiles, muchos de los cuales se van desplazando dentro de nuestro pa\u00eds, de acuerdo al desarrollo de las obras.<\/p>\n<p>En tanto por estos d\u00edas existen algunas peticiones de expulsi\u00f3n en la Gobernaci\u00f3n.<\/p>\n","protected":false},"excerpt":{"rendered":"<p>Debido al flujo contante y abundante de ciudadanos extranjeros que llegan a la provincia de San Felipe con el objetivo de trabajar, por orden del ministerio de Relaciones Exteriores, a estas personas&#8230;<\/p>\n","protected":false},"author":482,"featured_media":19424,"comment_status":"open","ping_status":"closed","sticky":false,"template":"","format":"standard","meta":{"advanced_seo_description":"","jetpack_seo_html_title":"","jetpack_seo_noindex":false,"_jetpack_memberships_contains_paid_content":false,"footnotes":""},"categories":[15],"tags":[],"class_list":["post-19423","post","type-post","status-publish","format-standard","has-post-thumbnail","hentry","category-comunidad"],"jetpack_featured_media_url":"https:\/\/i0.wp.com\/eltrabajo.cl\/portal\/wp-content\/uploads\/2012\/06\/adolfo-pizarro-1.jpg?fit=600%2C449&ssl=1","jetpack_sharing_enabled":true,"jetpack_likes_enabled":true,"jetpack-related-posts":[],"_links":{"self":[{"href":"https:\/\/eltrabajo.cl\/portal\/wp-json\/wp\/v2\/posts\/19423","targetHints":{"allow":["GET"]}}],"collection":[{"href":"https:\/\/eltrabajo.cl\/portal\/wp-json\/wp\/v2\/posts"}],"about":[{"href":"https:\/\/eltrabajo.cl\/portal\/wp-json\/wp\/v2\/types\/post"}],"author":[{"embeddable":true,"href":"https:\/\/eltrabajo.cl\/portal\/wp-json\/wp\/v2\/users\/482"}],"replies":[{"embeddable":true,"href":"https:\/\/eltrabajo.cl\/portal\/wp-json\/wp\/v2\/comments?post=19423"}],"version-history":[{"count":0,"href":"https:\/\/eltrabajo.cl\/portal\/wp-json\/wp\/v2\/posts\/19423\/revisions"}],"wp:featuredmedia":[{"embeddable":true,"href":"https:\/\/eltrabajo.cl\/portal\/wp-json\/wp\/v2\/media\/19424"}],"wp:attachment":[{"href":"https:\/\/eltrabajo.cl\/portal\/wp-json\/wp\/v2\/media?parent=19423"}],"wp:term":[{"taxonomy":"category","embeddable":true,"href":"https:\/\/eltrabajo.cl\/portal\/wp-json\/wp\/v2\/categories?post=19423"},{"taxonomy":"post_tag","embeddable":true,"href":"https:\/\/eltrabajo.cl\/portal\/wp-json\/wp\/v2\/tags?post=19423"}],"curies":[{"name":"wp","href":"https:\/\/api.w.org\/{rel}","templated":true}]}}