{"id":19443,"date":"2012-06-14T10:51:18","date_gmt":"2012-06-14T14:51:18","guid":{"rendered":"http:\/\/www.eltrabajo.cl\/portal\/?p=19443"},"modified":"2012-06-29T10:52:53","modified_gmt":"2012-06-29T14:52:53","slug":"%e2%80%98congelo%e2%80%99-carrera-universitaria-para-dar-la-vuelta-al-mundo-en-bicicleta","status":"publish","type":"post","link":"https:\/\/eltrabajo.cl\/portal\/%e2%80%98congelo%e2%80%99-carrera-universitaria-para-dar-la-vuelta-al-mundo-en-bicicleta\/","title":{"rendered":"\u2018Congel\u00f3\u2019 carrera universitaria para dar la vuelta al mundo en bicicleta"},"content":{"rendered":"<figure id=\"attachment_19444\" aria-describedby=\"caption-attachment-19444\" style=\"width: 600px\" class=\"wp-caption alignnone\"><a href=\"http:\/\/www.eltrabajo.cl\/portal\/2012\/06\/%e2%80%98congelo%e2%80%99-carrera-universitaria-para-dar-la-vuelta-al-mundo-en-bicicleta\/mundo2\/\" rel=\"attachment wp-att-19444\"><img data-recalc-dims=\"1\" loading=\"lazy\" decoding=\"async\" class=\"size-full wp-image-19444\" title=\"Mundo2\" src=\"https:\/\/i0.wp.com\/www.eltrabajo.cl\/portal\/wp-content\/uploads\/2012\/06\/Mundo2.jpg?resize=600%2C407\" alt=\"\" width=\"600\" height=\"407\" srcset=\"https:\/\/i0.wp.com\/eltrabajo.cl\/portal\/wp-content\/uploads\/2012\/06\/Mundo2.jpg?w=600&amp;ssl=1 600w, https:\/\/i0.wp.com\/eltrabajo.cl\/portal\/wp-content\/uploads\/2012\/06\/Mundo2.jpg?resize=200%2C135&amp;ssl=1 200w, https:\/\/i0.wp.com\/eltrabajo.cl\/portal\/wp-content\/uploads\/2012\/06\/Mundo2.jpg?resize=300%2C203&amp;ssl=1 300w, https:\/\/i0.wp.com\/eltrabajo.cl\/portal\/wp-content\/uploads\/2012\/06\/Mundo2.jpg?resize=150%2C101&amp;ssl=1 150w, https:\/\/i0.wp.com\/eltrabajo.cl\/portal\/wp-content\/uploads\/2012\/06\/Mundo2.jpg?resize=400%2C271&amp;ssl=1 400w\" sizes=\"auto, (max-width: 600px) 100vw, 600px\" \/><\/a><figcaption id=\"caption-attachment-19444\" class=\"wp-caption-text\">Claudio \u00c1lvarez Delgado, este \u2018Indiana Jones\u2019 sanfelipe\u00f1o recorre el mundo en bicicleta. La aventura es su alimento diario y sabe que cuenta con el apoyo de su familia. Para apoyar, el fono es: 794 61 648.<\/figcaption><\/figure>\n<p>Roberto Gonz\u00e1lez Short &#8211; <a href=\"mailto:rgonzalez@eltrabajo.cl\">rgonzalez@eltrabajo.cl<\/a><\/p>\n<p>La colosal aventura que decidi\u00f3 iniciar un sanfelipe\u00f1o desde el pasado 13 de febrero, que es dar la vuelta al planeta pedaleando en una bicicleta, tiene a muchos con la boca abierta de asombro, pues Claudio \u00c1lvarez, un joven de 23 a\u00f1os y nacido en San Felipe, debe soportar las inclementes temperaturas del clima, lluvia, calor, el fr\u00edo de la nieve y tambi\u00e9n un agotamiento f\u00edsico y mental que posiblemente doblegar\u00eda a quienes creen a veces, ser los \u2018m\u00e1s fuertes\u2019.<\/p>\n<figure id=\"attachment_19445\" aria-describedby=\"caption-attachment-19445\" style=\"width: 300px\" class=\"wp-caption alignright\"><a href=\"http:\/\/www.eltrabajo.cl\/portal\/2012\/06\/%e2%80%98congelo%e2%80%99-carrera-universitaria-para-dar-la-vuelta-al-mundo-en-bicicleta\/noche1\/\" rel=\"attachment wp-att-19445\"><img data-recalc-dims=\"1\" loading=\"lazy\" decoding=\"async\" class=\"size-medium wp-image-19445\" title=\"Noche1\" src=\"https:\/\/i0.wp.com\/www.eltrabajo.cl\/portal\/wp-content\/uploads\/2012\/06\/Noche1-300x187.jpg?resize=300%2C187\" alt=\"\" width=\"300\" height=\"187\" srcset=\"https:\/\/i0.wp.com\/eltrabajo.cl\/portal\/wp-content\/uploads\/2012\/06\/Noche1.jpg?resize=300%2C187&amp;ssl=1 300w, https:\/\/i0.wp.com\/eltrabajo.cl\/portal\/wp-content\/uploads\/2012\/06\/Noche1.jpg?resize=200%2C124&amp;ssl=1 200w, https:\/\/i0.wp.com\/eltrabajo.cl\/portal\/wp-content\/uploads\/2012\/06\/Noche1.jpg?resize=150%2C93&amp;ssl=1 150w, https:\/\/i0.wp.com\/eltrabajo.cl\/portal\/wp-content\/uploads\/2012\/06\/Noche1.jpg?resize=400%2C249&amp;ssl=1 400w, https:\/\/i0.wp.com\/eltrabajo.cl\/portal\/wp-content\/uploads\/2012\/06\/Noche1.jpg?w=600&amp;ssl=1 600w\" sizes=\"auto, (max-width: 300px) 100vw, 300px\" \/><\/a><figcaption id=\"caption-attachment-19445\" class=\"wp-caption-text\">Al llegar la noche o la lluvia, Claudio arma su camping, cocina sus verduras y guisados, se asea y descansa, s\u00f3lo as\u00ed podr\u00eda tener fuerzas para el kilometraje del d\u00eda siguiente.<\/figcaption><\/figure>\n<p>Se trata de un estudiante universitario que \u2018congel\u00f3\u2019 su carrera de Ecoturismo que inici\u00f3 en la Universidad Andr\u00e9s Bello de Vi\u00f1a del Mar. Padre de una ni\u00f1a de seis a\u00f1os e hijo \u2018\u00fanico\u2019 de la parvularia Viviana Delgado Cuevas y el Profesor de Educaci\u00f3n General B\u00e1sica, Claudio \u00c1lvarez Cousins, todos ellos con residencia en Bellavista de San Felipe.<\/p>\n<p>Diario El Trabajo habl\u00f3 con el Profesor Claudio \u00c1lvarez, padre de este deportista que ya est\u00e1 llamando la atenci\u00f3n de los medios de comunicaci\u00f3n en muchas partes.<\/p>\n<p><strong>\u201cTEN\u00cdAMOS MUCHO MIEDO\u201d<\/strong><\/p>\n<p>\u201cAl principio mi se\u00f1ora y yo est\u00e1bamos esc\u00e9pticos con este proyecto de nuestro hijo, nos resultaba dif\u00edcil imaginarnos a nuestro Claudio llegando a regiones de Asia y \u00c1frica en bicicleta, pero \u00e9l nos present\u00f3 videos de personas no chilenas que han logrado realizar la traves\u00eda, y conociendo el esp\u00edritu aventurero de nuestro hijo, cre\u00edmos finalmente en su proyecto\u201d, coment\u00f3 \u00c1lvarez.<\/p>\n<p>\u201cNos sentimos orgullosos de ver c\u00f3mo \u00e9l est\u00e1 realizando esta gira mundial, \u00e9l cuenta con todo nuestro apoyo, la empresa Northland le est\u00e1 apoyando con implementos deportivos a fin de que \u00e9l tenga sus ropas, zapatos, parka y hasta ollas para que cocine en su viaje\u201d, agreg\u00f3 el orgulloso padre.<\/p>\n<p>Viviana Delgado, madre de Claudio, explic\u00f3 que \u201cal principio yo ten\u00eda mucho miedo, sin embargo con el tiempo llegu\u00e9 a estar m\u00e1s tranquila y, agradezco al se\u00f1or Eduardo Ch\u00e1vez, la se\u00f1ora Tatiana Vargas que est\u00e1n apoyando a nuestro hijo\u201d, expres\u00f3 la madre de Claudio.<\/p>\n<figure id=\"attachment_19446\" aria-describedby=\"caption-attachment-19446\" style=\"width: 300px\" class=\"wp-caption alignleft\"><a href=\"http:\/\/www.eltrabajo.cl\/portal\/2012\/06\/%e2%80%98congelo%e2%80%99-carrera-universitaria-para-dar-la-vuelta-al-mundo-en-bicicleta\/ellos2\/\" rel=\"attachment wp-att-19446\"><img data-recalc-dims=\"1\" loading=\"lazy\" decoding=\"async\" class=\"size-medium wp-image-19446\" title=\"Ellos2\" src=\"https:\/\/i0.wp.com\/www.eltrabajo.cl\/portal\/wp-content\/uploads\/2012\/06\/Ellos2-300x203.jpg?resize=300%2C203\" alt=\"\" width=\"300\" height=\"203\" srcset=\"https:\/\/i0.wp.com\/eltrabajo.cl\/portal\/wp-content\/uploads\/2012\/06\/Ellos2.jpg?resize=300%2C203&amp;ssl=1 300w, https:\/\/i0.wp.com\/eltrabajo.cl\/portal\/wp-content\/uploads\/2012\/06\/Ellos2.jpg?resize=200%2C135&amp;ssl=1 200w, https:\/\/i0.wp.com\/eltrabajo.cl\/portal\/wp-content\/uploads\/2012\/06\/Ellos2.jpg?resize=150%2C101&amp;ssl=1 150w, https:\/\/i0.wp.com\/eltrabajo.cl\/portal\/wp-content\/uploads\/2012\/06\/Ellos2.jpg?resize=400%2C271&amp;ssl=1 400w, https:\/\/i0.wp.com\/eltrabajo.cl\/portal\/wp-content\/uploads\/2012\/06\/Ellos2.jpg?w=600&amp;ssl=1 600w\" sizes=\"auto, (max-width: 300px) 100vw, 300px\" \/><\/a><figcaption id=\"caption-attachment-19446\" class=\"wp-caption-text\">Los padres de Claudio, Viviana Delgado y Claudio \u00c1lvarez, siguen paso a paso cada movimiento de nuestro aventurero amigo por Internet, mientras a\u00fan est\u00e1 en Chile, el tel\u00e9fono sigue siendo un medio \u00fatil y de bajo costo.<\/figcaption><\/figure>\n<p><strong>A LA AVENTURA<\/strong><\/p>\n<p>Este sanfelipe\u00f1o ide\u00f3 crear un proyecto al que llam\u00f3 \u2018Direcci\u00f3n Sur\u2019, en el mismo \u00e9l pretende viajar por todos los pa\u00edses que le sea posible. Diario El Trabajo habl\u00f3 con este deportista para as\u00ed conocer tan singular gesta global.<\/p>\n<p><strong>&#8211; \u00bfQu\u00e9 experiencia tienes en esta clase de aventura deportiva?<\/strong><\/p>\n<p>&#8211; \u201cEstudi\u00e9 durante dos a\u00f1os Ecoturismo en la Universidad Andr\u00e9s Bello en Jard\u00edn del Mar, Re\u00f1aca, Vi\u00f1a del Mar. Es ah\u00ed donde supe del cicloturismo, en 2010 realic\u00e9 mi primer viaje a la Patagonia en bicicleta, recorr\u00ed pr\u00e1cticamente la totalidad de la Carretera Austral, ya en 2011 decid\u00ed hacer algo m\u00e1s complicado y recorr\u00ed la Patagonia Chile-Argentina en Bicicleta, con varios cruces cordilleranos, en donde en muchas partes no exist\u00eda ni un sendero y hab\u00eda que trasladar todo el equipo y la bicicleta a pie y en distintos tramos\u201d.<\/p>\n<p><strong>&#8211; \u00bfC\u00f3mo nace \u2018Direcci\u00f3n Sur\u2019?<\/strong><\/p>\n<p>&#8211; \u201cDespu\u00e9s de varios meses, de pasar un semestre m\u00e1s en la universidad, bastante disconforme con el sistema educacional, me dej\u00e9 guiar por la idea del proyecto que he denominado Direcci\u00f3n Sur\u201d.<\/p>\n<p><strong>&#8211; \u00bfCu\u00e1l es la din\u00e1mica de este plan de trabajo?<\/strong><\/p>\n<p>&#8211; \u201cEste consiste en recorrer la mayor\u00eda de los pa\u00edses de Sudam\u00e9rica, Norte Am\u00e9rica y los otros continentes en mi bicicleta, con la idea de ir mostrando, a trav\u00e9s de las fotograf\u00edas y mis relatos, las distintas culturas al mundo. Tambi\u00e9n compartir con ni\u00f1os dando charlas de los beneficios que tiene usar la bicicleta para la salud f\u00edsica, psicol\u00f3gica y el medio ambiente, entre otros\u201d.<\/p>\n<p><strong>&#8211; \u00bfQui\u00e9nes te est\u00e1n financiando?<\/strong><\/p>\n<p>&#8211; \u201cLa empresa que me apoy\u00f3 sin pensarlo dos veces, por lo bueno e innovador del proyecto, es Northland. Ellos me proporcionan todo el equipo t\u00e9cnico en cuanto a vestimentas, calzado y tienda para dormir, tambi\u00e9n comparto fotograf\u00edas de mi gira con varios medios y revistas que publican art\u00edculos actualizados de esta aventura, pero quien m\u00e1s me apoya en esto es mi familia, sin ellos nada de esto ser\u00eda posible\u201d.<\/p>\n<p><strong>&#8211; \u00bfRecibes apoyo de alguna instituci\u00f3n de San Felipe?<\/strong><\/p>\n<p>&#8211; \u201cMe comuniqu\u00e9 con el Ilustre Concejo Municipal, que a estas alturas para m\u00ed no tiene nada de \u2018Ilustre\u2019, les present\u00e9 el proyecto seriamente, asist\u00ed a las reuniones en donde se discutir\u00eda el proyecto, pero me da la idea que su trabajo no es muy serio, ya que en la mesa, conversando con ellos, me dieron todo su apoyo y luego no pas\u00f3 nada\u201d.<\/p>\n<p><strong>&#8211; \u00bfCu\u00e1ntos kil\u00f3metros has recorrido hasta hoy?<\/strong><\/p>\n<p>&#8211; \u201cYa llevo casi 3.000 Km. pedaleados, me encuentro en Chilo\u00e9, he visitado ya patagonia, Argentina y Chile, part\u00ed desde el Cabo de Hornos y Puerto Williams. Despu\u00e9s de cinco meses estoy m\u00e1s convencido que nunca de que lo que estoy haciendo es importante. He podido llevar un mensaje serio y claro a la gente que me ha ido conociendo, he estado en distintos medios de prensa argentinos y chilenos en el extremo sur de ambos pa\u00edses. As\u00ed que por lo menos son unos miles que ya conocen mi historia. Eso me tiene bastante satisfecho\u201d.<\/p>\n<p><strong>&#8211; \u00bfQu\u00e9 viene de ahora en adelante?<\/strong><\/p>\n<p>&#8211; \u201cLo que viene es seguir pedaleando rumbo al norte de Chile. Una vez que llegue a la ciudad tendr\u00e9 que realizar varios tr\u00e1mites en relaci\u00f3n a la Visa para EE.UU. y Canad\u00e1 y sacar mi pasaporte. Luego continuar\u00e9 atravesando la mayor\u00eda de los pa\u00edses de Am\u00e9rica. En este momento el \u00fanico pa\u00eds que est\u00e1 quedando afuera es Uruguay, por temas de ubicaci\u00f3n, pero es probable que eso cambie\u201d.<\/p>\n<p><strong>&#8211; \u00bfCu\u00e1nto esperas dedicar a esta traves\u00eda y qu\u00e9 piensas de lo que est\u00e1s haciendo?<\/strong><\/p>\n<p>&#8211; \u201cDar la vuelta al mundo en bici, pedaleando por todos los continentes, es un viaje que tiene una duraci\u00f3n estimada de diez a 15 a\u00f1os. Muchos lo ver\u00e1n como algo imposible o una locura, pero para eso es que trabajo, para demostrar que las locuras son el camino a la felicidad y que lo imposible claramente no existe\u201d.<\/p>\n","protected":false},"excerpt":{"rendered":"<p>Roberto Gonz\u00e1lez Short &#8211; rgonzalez@eltrabajo.cl La colosal aventura que decidi\u00f3 iniciar un sanfelipe\u00f1o desde el pasado 13 de febrero, que es dar la vuelta al planeta pedaleando en una bicicleta, tiene a&#8230;<\/p>\n","protected":false},"author":482,"featured_media":19444,"comment_status":"closed","ping_status":"closed","sticky":false,"template":"","format":"standard","meta":{"advanced_seo_description":"","jetpack_seo_html_title":"","jetpack_seo_noindex":false,"_jetpack_memberships_contains_paid_content":false,"footnotes":""},"categories":[15],"tags":[],"class_list":["post-19443","post","type-post","status-publish","format-standard","has-post-thumbnail","hentry","category-comunidad"],"jetpack_featured_media_url":"https:\/\/i0.wp.com\/eltrabajo.cl\/portal\/wp-content\/uploads\/2012\/06\/Mundo2.jpg?fit=600%2C407&ssl=1","jetpack_sharing_enabled":true,"jetpack_likes_enabled":true,"jetpack-related-posts":[],"_links":{"self":[{"href":"https:\/\/eltrabajo.cl\/portal\/wp-json\/wp\/v2\/posts\/19443","targetHints":{"allow":["GET"]}}],"collection":[{"href":"https:\/\/eltrabajo.cl\/portal\/wp-json\/wp\/v2\/posts"}],"about":[{"href":"https:\/\/eltrabajo.cl\/portal\/wp-json\/wp\/v2\/types\/post"}],"author":[{"embeddable":true,"href":"https:\/\/eltrabajo.cl\/portal\/wp-json\/wp\/v2\/users\/482"}],"replies":[{"embeddable":true,"href":"https:\/\/eltrabajo.cl\/portal\/wp-json\/wp\/v2\/comments?post=19443"}],"version-history":[{"count":0,"href":"https:\/\/eltrabajo.cl\/portal\/wp-json\/wp\/v2\/posts\/19443\/revisions"}],"wp:featuredmedia":[{"embeddable":true,"href":"https:\/\/eltrabajo.cl\/portal\/wp-json\/wp\/v2\/media\/19444"}],"wp:attachment":[{"href":"https:\/\/eltrabajo.cl\/portal\/wp-json\/wp\/v2\/media?parent=19443"}],"wp:term":[{"taxonomy":"category","embeddable":true,"href":"https:\/\/eltrabajo.cl\/portal\/wp-json\/wp\/v2\/categories?post=19443"},{"taxonomy":"post_tag","embeddable":true,"href":"https:\/\/eltrabajo.cl\/portal\/wp-json\/wp\/v2\/tags?post=19443"}],"curies":[{"name":"wp","href":"https:\/\/api.w.org\/{rel}","templated":true}]}}