{"id":19449,"date":"2012-06-15T09:38:52","date_gmt":"2012-06-15T13:38:52","guid":{"rendered":"http:\/\/www.eltrabajo.cl\/portal\/?p=19449"},"modified":"2012-06-15T09:38:52","modified_gmt":"2012-06-15T13:38:52","slug":"concejo-municipal-aprueba-considerable-rebaja-de-los-derechos-de-aseo","status":"publish","type":"post","link":"https:\/\/eltrabajo.cl\/portal\/concejo-municipal-aprueba-considerable-rebaja-de-los-derechos-de-aseo\/","title":{"rendered":"Concejo Municipal aprueba considerable rebaja de los derechos de aseo"},"content":{"rendered":"<p>&nbsp;<\/p>\n<figure id=\"attachment_19452\" aria-describedby=\"caption-attachment-19452\" style=\"width: 300px\" class=\"wp-caption alignleft\"><a href=\"http:\/\/www.eltrabajo.cl\/portal\/2012\/06\/concejo-municipal-aprueba-considerable-rebaja-de-los-derechos-de-aseo\/luis_felipe-basuras\/\" rel=\"attachment wp-att-19452\"><img data-recalc-dims=\"1\" loading=\"lazy\" decoding=\"async\" class=\"size-medium wp-image-19452\" title=\"luis_felipe-basuras\" src=\"https:\/\/i0.wp.com\/www.eltrabajo.cl\/portal\/wp-content\/uploads\/2012\/06\/luis_felipe-basuras-300x224.jpg?resize=300%2C224\" alt=\"\" width=\"300\" height=\"224\" srcset=\"https:\/\/i0.wp.com\/eltrabajo.cl\/portal\/wp-content\/uploads\/2012\/06\/luis_felipe-basuras.jpg?resize=300%2C224&amp;ssl=1 300w, https:\/\/i0.wp.com\/eltrabajo.cl\/portal\/wp-content\/uploads\/2012\/06\/luis_felipe-basuras.jpg?resize=200%2C150&amp;ssl=1 200w, https:\/\/i0.wp.com\/eltrabajo.cl\/portal\/wp-content\/uploads\/2012\/06\/luis_felipe-basuras.jpg?resize=150%2C112&amp;ssl=1 150w, https:\/\/i0.wp.com\/eltrabajo.cl\/portal\/wp-content\/uploads\/2012\/06\/luis_felipe-basuras.jpg?resize=400%2C299&amp;ssl=1 400w, https:\/\/i0.wp.com\/eltrabajo.cl\/portal\/wp-content\/uploads\/2012\/06\/luis_felipe-basuras.jpg?w=600&amp;ssl=1 600w\" sizes=\"auto, (max-width: 300px) 100vw, 300px\" \/><\/a><figcaption id=\"caption-attachment-19452\" class=\"wp-caption-text\">El Administrador Municipal, Luis Felipe Hormaz\u00e1bal, record\u00f3 que el cobro de derechos de aseo se encuentra establecido por ley, ante lo cual al municipio s\u00f3lo le corresponde aplicar la normativa.<\/figcaption><\/figure>\n<p>&nbsp;<\/p>\n<ul>\n<li><strong>De $ 9.800 fue rebajada a $ 7.500 cada cuota que regir\u00e1 a contar del segundo semestre del a\u00f1o y hasta el 2014.<\/strong><\/li>\n<\/ul>\n<p><strong>LOS ANDES.-<\/strong> El Concejo Municipal de Los Andes aprob\u00f3 por unanimidad una rebaja del cobro de los derechos de aseo que este 2012 hab\u00eda subido a $ 9.800 por cada una de las cuatro cuotas anuales.<\/p>\n<p>La medida fue aprobada favorablemente a instancias de una propuesta enviada desde la alcald\u00eda para no recargar en demas\u00eda la carga tributaria de los vecinos y a la vez evitar la evasi\u00f3n.<\/p>\n<p>Al respecto, el Administrador Municipal, Luis Felipe Hormaz\u00e1bal, indic\u00f3 que a partir del segundo semestre de este a\u00f1o y hasta el a\u00f1o 2014, cada cuota de los derechos de aseo tendr\u00e1 un valor de $ 7.500, siendo s\u00f3lo reajustada de acuerdo al valor que alcance la Unidad Tributaria Mensual.<\/p>\n<p>El personero puntualiz\u00f3 que este cobro resulta fundamental para mantener el servicio de recolecci\u00f3n de basuras, el cual con el cambio de sistema ha propiciado tener una ciudad m\u00e1s limpia y con servicios de mejor calidad.<\/p>\n<p>Hormaz\u00e1bal sostuvo que no hay un monto fijo de recaudaci\u00f3n por este derecho, ya que tambi\u00e9n hay algunos subsidios que entrega la municipalidad.<\/p>\n<p>\u201cPor otro lado tambi\u00e9n hay ciertas poblaciones que tienen categor\u00eda de barrios prioritarios y tampoco cancelan estos derechos, y por lo mismo establecer un monto total de deuda es dif\u00edcil, pero s\u00ed podemos decir que hay un acumulado en deuda de 200 millones\u201d, afirm\u00f3.<\/p>\n<p>No obstante, recalc\u00f3 que este es un importante esfuerzo que lleva adelante el municipio y el concejo para establecer esta nueva tarifa que es inferior a la que se hab\u00eda asignado y por ello llam\u00f3 a quienes tienen sus cuotas pendientes, se acerquen a la municipalidad a cancelar este valor.<\/p>\n","protected":false},"excerpt":{"rendered":"<p>&nbsp; &nbsp; De $ 9.800 fue rebajada a $ 7.500 cada cuota que regir\u00e1 a contar del segundo semestre del a\u00f1o y hasta el 2014. LOS ANDES.- El Concejo Municipal de Los&#8230;<\/p>\n","protected":false},"author":482,"featured_media":19452,"comment_status":"open","ping_status":"closed","sticky":false,"template":"","format":"standard","meta":{"advanced_seo_description":"","jetpack_seo_html_title":"","jetpack_seo_noindex":false,"_jetpack_memberships_contains_paid_content":false,"footnotes":""},"categories":[1],"tags":[],"class_list":["post-19449","post","type-post","status-publish","format-standard","has-post-thumbnail","hentry","category-cronica"],"jetpack_featured_media_url":"https:\/\/i0.wp.com\/eltrabajo.cl\/portal\/wp-content\/uploads\/2012\/06\/luis_felipe-basuras.jpg?fit=600%2C449&ssl=1","jetpack_sharing_enabled":true,"jetpack_likes_enabled":true,"jetpack-related-posts":[],"_links":{"self":[{"href":"https:\/\/eltrabajo.cl\/portal\/wp-json\/wp\/v2\/posts\/19449","targetHints":{"allow":["GET"]}}],"collection":[{"href":"https:\/\/eltrabajo.cl\/portal\/wp-json\/wp\/v2\/posts"}],"about":[{"href":"https:\/\/eltrabajo.cl\/portal\/wp-json\/wp\/v2\/types\/post"}],"author":[{"embeddable":true,"href":"https:\/\/eltrabajo.cl\/portal\/wp-json\/wp\/v2\/users\/482"}],"replies":[{"embeddable":true,"href":"https:\/\/eltrabajo.cl\/portal\/wp-json\/wp\/v2\/comments?post=19449"}],"version-history":[{"count":0,"href":"https:\/\/eltrabajo.cl\/portal\/wp-json\/wp\/v2\/posts\/19449\/revisions"}],"wp:featuredmedia":[{"embeddable":true,"href":"https:\/\/eltrabajo.cl\/portal\/wp-json\/wp\/v2\/media\/19452"}],"wp:attachment":[{"href":"https:\/\/eltrabajo.cl\/portal\/wp-json\/wp\/v2\/media?parent=19449"}],"wp:term":[{"taxonomy":"category","embeddable":true,"href":"https:\/\/eltrabajo.cl\/portal\/wp-json\/wp\/v2\/categories?post=19449"},{"taxonomy":"post_tag","embeddable":true,"href":"https:\/\/eltrabajo.cl\/portal\/wp-json\/wp\/v2\/tags?post=19449"}],"curies":[{"name":"wp","href":"https:\/\/api.w.org\/{rel}","templated":true}]}}