{"id":19455,"date":"2012-06-15T09:40:44","date_gmt":"2012-06-15T13:40:44","guid":{"rendered":"http:\/\/www.eltrabajo.cl\/portal\/?p=19455"},"modified":"2012-06-15T09:40:44","modified_gmt":"2012-06-15T13:40:44","slug":"vecinos-de-villa-san-alberto-denuncian-presencia-de-plagas-de-palomas","status":"publish","type":"post","link":"https:\/\/eltrabajo.cl\/portal\/vecinos-de-villa-san-alberto-denuncian-presencia-de-plagas-de-palomas\/","title":{"rendered":"Vecinos de Villa San Alberto denuncian presencia de plagas de Palomas"},"content":{"rendered":"<figure id=\"attachment_19456\" aria-describedby=\"caption-attachment-19456\" style=\"width: 600px\" class=\"wp-caption alignnone\"><a href=\"http:\/\/www.eltrabajo.cl\/portal\/2012\/06\/vecinos-de-villa-san-alberto-denuncian-presencia-de-plagas-de-palomas\/palomas2\/\" rel=\"attachment wp-att-19456\"><img data-recalc-dims=\"1\" loading=\"lazy\" decoding=\"async\" class=\"size-full wp-image-19456\" title=\"palomas2\" src=\"https:\/\/i0.wp.com\/www.eltrabajo.cl\/portal\/wp-content\/uploads\/2012\/06\/palomas2.jpg?resize=600%2C450\" alt=\"\" width=\"600\" height=\"450\" srcset=\"https:\/\/i0.wp.com\/eltrabajo.cl\/portal\/wp-content\/uploads\/2012\/06\/palomas2.jpg?w=600&amp;ssl=1 600w, https:\/\/i0.wp.com\/eltrabajo.cl\/portal\/wp-content\/uploads\/2012\/06\/palomas2.jpg?resize=200%2C150&amp;ssl=1 200w, https:\/\/i0.wp.com\/eltrabajo.cl\/portal\/wp-content\/uploads\/2012\/06\/palomas2.jpg?resize=300%2C225&amp;ssl=1 300w, https:\/\/i0.wp.com\/eltrabajo.cl\/portal\/wp-content\/uploads\/2012\/06\/palomas2.jpg?resize=150%2C112&amp;ssl=1 150w, https:\/\/i0.wp.com\/eltrabajo.cl\/portal\/wp-content\/uploads\/2012\/06\/palomas2.jpg?resize=400%2C300&amp;ssl=1 400w\" sizes=\"auto, (max-width: 600px) 100vw, 600px\" \/><\/a><figcaption id=\"caption-attachment-19456\" class=\"wp-caption-text\">Una molesta plaga de palomas mantiene bastante afligidos a los vecinos de Villa San Alberto en Los Andes.<\/figcaption><\/figure>\n<ul>\n<li><strong>Adem\u00e1s se quejaron que la mayor\u00eda de los departamentos presentan rompimiento de sus ca\u00f1er\u00edas.<\/strong><\/li>\n<\/ul>\n<p><strong>LOS ANDES.-<\/strong> La directiva de la Junta de Vecinos de la Villa San Alberto hizo un llamado las autoridades municipales y de la autoridad sanitaria por la presencia de una plaga de palomas y la rotura constante de las ca\u00f1er\u00edas de agua potable de los departamentos.<\/p>\n<p>La Presidenta de la Junta de Vecinos, Elizabeth Mar\u00edn, se\u00f1al\u00f3 que en el caso de las palomas el tema es muy delicado, ya que la acumulaci\u00f3n de fecas en los techos est\u00e1 ocasionando no solo su hundimiento, sino tambi\u00e9n la ca\u00edda de cornisas y la presencia de nauseabundos olores.<\/p>\n<p>Agreg\u00f3 que contiguos a los departamentos se han formado humedales con las fecas de estos \u2018Ratones Alados\u2019, generando un mal olor en el ambiente que suma la presencia de gran cantidad de perros vagos.<\/p>\n<p>La dirigente afirm\u00f3 que en reiteradas ocasiones han hecho ver este problema a las autoridades municipales, \u201cpero no hemos recibido ninguna respuesta satisfactoria ni menos alguna ayuda\u201d.<\/p>\n<p>Asimismo se quej\u00f3 de los constantes rompimientos de las ca\u00f1er\u00edas de agua potable de las conexiones con los medidores, provocando el escurrimiento del vital elemento hacia la calle donde se forman barriales.<\/p>\n<p>\u201cLas ca\u00f1er\u00edas pl\u00e1sticas que han puesto no sirven y por eso creemos que deben ser cambiadas por otras de mejor calidad, para evitar fugas de agua\u201d, expres\u00f3 Mar\u00edn.<\/p>\n","protected":false},"excerpt":{"rendered":"<p>Adem\u00e1s se quejaron que la mayor\u00eda de los departamentos presentan rompimiento de sus ca\u00f1er\u00edas. LOS ANDES.- La directiva de la Junta de Vecinos de la Villa San Alberto hizo un llamado las&#8230;<\/p>\n","protected":false},"author":482,"featured_media":19456,"comment_status":"open","ping_status":"closed","sticky":false,"template":"","format":"standard","meta":{"advanced_seo_description":"","jetpack_seo_html_title":"","jetpack_seo_noindex":false,"_jetpack_memberships_contains_paid_content":false,"footnotes":""},"categories":[1],"tags":[],"class_list":["post-19455","post","type-post","status-publish","format-standard","has-post-thumbnail","hentry","category-cronica"],"jetpack_featured_media_url":"https:\/\/i0.wp.com\/eltrabajo.cl\/portal\/wp-content\/uploads\/2012\/06\/palomas2.jpg?fit=600%2C450&ssl=1","jetpack_sharing_enabled":true,"jetpack_likes_enabled":true,"jetpack-related-posts":[],"_links":{"self":[{"href":"https:\/\/eltrabajo.cl\/portal\/wp-json\/wp\/v2\/posts\/19455","targetHints":{"allow":["GET"]}}],"collection":[{"href":"https:\/\/eltrabajo.cl\/portal\/wp-json\/wp\/v2\/posts"}],"about":[{"href":"https:\/\/eltrabajo.cl\/portal\/wp-json\/wp\/v2\/types\/post"}],"author":[{"embeddable":true,"href":"https:\/\/eltrabajo.cl\/portal\/wp-json\/wp\/v2\/users\/482"}],"replies":[{"embeddable":true,"href":"https:\/\/eltrabajo.cl\/portal\/wp-json\/wp\/v2\/comments?post=19455"}],"version-history":[{"count":0,"href":"https:\/\/eltrabajo.cl\/portal\/wp-json\/wp\/v2\/posts\/19455\/revisions"}],"wp:featuredmedia":[{"embeddable":true,"href":"https:\/\/eltrabajo.cl\/portal\/wp-json\/wp\/v2\/media\/19456"}],"wp:attachment":[{"href":"https:\/\/eltrabajo.cl\/portal\/wp-json\/wp\/v2\/media?parent=19455"}],"wp:term":[{"taxonomy":"category","embeddable":true,"href":"https:\/\/eltrabajo.cl\/portal\/wp-json\/wp\/v2\/categories?post=19455"},{"taxonomy":"post_tag","embeddable":true,"href":"https:\/\/eltrabajo.cl\/portal\/wp-json\/wp\/v2\/tags?post=19455"}],"curies":[{"name":"wp","href":"https:\/\/api.w.org\/{rel}","templated":true}]}}