{"id":19459,"date":"2012-06-15T09:42:18","date_gmt":"2012-06-15T13:42:18","guid":{"rendered":"http:\/\/www.eltrabajo.cl\/portal\/?p=19459"},"modified":"2012-06-15T09:42:18","modified_gmt":"2012-06-15T13:42:18","slug":"vecinos-de-los-rosales-de-calle-larga-recibieron-contenedores-de-basura","status":"publish","type":"post","link":"https:\/\/eltrabajo.cl\/portal\/vecinos-de-los-rosales-de-calle-larga-recibieron-contenedores-de-basura\/","title":{"rendered":"Vecinos de Los Rosales de Calle Larga recibieron Contenedores de Basura"},"content":{"rendered":"<figure id=\"attachment_19460\" aria-describedby=\"caption-attachment-19460\" style=\"width: 600px\" class=\"wp-caption alignnone\"><a href=\"http:\/\/www.eltrabajo.cl\/portal\/2012\/06\/vecinos-de-los-rosales-de-calle-larga-recibieron-contenedores-de-basura\/contenedores-los-rosales\/\" rel=\"attachment wp-att-19460\"><img data-recalc-dims=\"1\" loading=\"lazy\" decoding=\"async\" class=\"size-full wp-image-19460\" title=\"contenedores los rosales\" src=\"https:\/\/i0.wp.com\/www.eltrabajo.cl\/portal\/wp-content\/uploads\/2012\/06\/contenedores-los-rosales.jpg?resize=600%2C397\" alt=\"\" width=\"600\" height=\"397\" srcset=\"https:\/\/i0.wp.com\/eltrabajo.cl\/portal\/wp-content\/uploads\/2012\/06\/contenedores-los-rosales.jpg?w=600&amp;ssl=1 600w, https:\/\/i0.wp.com\/eltrabajo.cl\/portal\/wp-content\/uploads\/2012\/06\/contenedores-los-rosales.jpg?resize=200%2C132&amp;ssl=1 200w, https:\/\/i0.wp.com\/eltrabajo.cl\/portal\/wp-content\/uploads\/2012\/06\/contenedores-los-rosales.jpg?resize=300%2C198&amp;ssl=1 300w, https:\/\/i0.wp.com\/eltrabajo.cl\/portal\/wp-content\/uploads\/2012\/06\/contenedores-los-rosales.jpg?resize=150%2C99&amp;ssl=1 150w, https:\/\/i0.wp.com\/eltrabajo.cl\/portal\/wp-content\/uploads\/2012\/06\/contenedores-los-rosales.jpg?resize=400%2C264&amp;ssl=1 400w\" sizes=\"auto, (max-width: 600px) 100vw, 600px\" \/><\/a><figcaption id=\"caption-attachment-19460\" class=\"wp-caption-text\">Alrededor de 15 familias de la localidad se ver\u00e1n favorecidas con estos lutocares.<\/figcaption><\/figure>\n<p><strong>CALLE LARGA.-<\/strong> Felices se mostraron los vecinos del sector Los Rosales al recibir contenedores para almacenar la basura. Estos Lutocares ser\u00e1n distribuidos en el sector c\u00e9ntrico y a un costado de la carretera, para mejorar la calidad de vida de los vecinos y aportar al cuidado del medio ambiente.<\/p>\n<p>Con esta iniciativa se ver\u00e1n favorecidas alrededor de 15 familias de la localidad, gracias a un convenio desarrollado con el programa Buen Vecino de Codelco Divisi\u00f3n Andina, que tiene relaci\u00f3n con las \u00e1reas de influencia directa con las operaciones de la cupr\u00edfera. Cada contenedor tiene capacidad de 340 litros, que se suman a dos m\u00e1s que fueron entregados anteriormente, los cuales est\u00e1n ubicados en el sector del tranque.<\/p>\n<p>Gloria Le\u00f3n, presidenta de la Junta de Vecinos de Los Rosales, junto a un grupo de vecinos, se mostraron contentos con este aporte: \u201cHace un tiempo le solicitamos a la direcci\u00f3n de Desarrollo Comunitario de Codelco Andina, la colaboraci\u00f3n con algunos contenedores de basura, porque el retiro de \u00e9sta se realiza una vez por semana y muy temprano. Hoy estamos contentos porque los tambores que us\u00e1bamos estaban bastante viejos. Aprovecho esta ocasi\u00f3n para hacer un llamado a los vecinos para que los cuiden y protegerlos de los robos, para mantener nuestra localidad limpia y evitar que los perros escarben en los desperdicios. Quiero agradecer tambi\u00e9n a la Divisi\u00f3n Andina de Codelco, por este aporte que nos han hecho, que es de suma importancia para nosotros\u201d.<\/p>\n","protected":false},"excerpt":{"rendered":"<p>CALLE LARGA.- Felices se mostraron los vecinos del sector Los Rosales al recibir contenedores para almacenar la basura. Estos Lutocares ser\u00e1n distribuidos en el sector c\u00e9ntrico y a un costado de la&#8230;<\/p>\n","protected":false},"author":482,"featured_media":19460,"comment_status":"open","ping_status":"closed","sticky":false,"template":"","format":"standard","meta":{"advanced_seo_description":"","jetpack_seo_html_title":"","jetpack_seo_noindex":false,"_jetpack_memberships_contains_paid_content":false,"footnotes":""},"categories":[1],"tags":[],"class_list":["post-19459","post","type-post","status-publish","format-standard","has-post-thumbnail","hentry","category-cronica"],"jetpack_featured_media_url":"https:\/\/i0.wp.com\/eltrabajo.cl\/portal\/wp-content\/uploads\/2012\/06\/contenedores-los-rosales.jpg?fit=600%2C397&ssl=1","jetpack_sharing_enabled":true,"jetpack_likes_enabled":true,"jetpack-related-posts":[],"_links":{"self":[{"href":"https:\/\/eltrabajo.cl\/portal\/wp-json\/wp\/v2\/posts\/19459","targetHints":{"allow":["GET"]}}],"collection":[{"href":"https:\/\/eltrabajo.cl\/portal\/wp-json\/wp\/v2\/posts"}],"about":[{"href":"https:\/\/eltrabajo.cl\/portal\/wp-json\/wp\/v2\/types\/post"}],"author":[{"embeddable":true,"href":"https:\/\/eltrabajo.cl\/portal\/wp-json\/wp\/v2\/users\/482"}],"replies":[{"embeddable":true,"href":"https:\/\/eltrabajo.cl\/portal\/wp-json\/wp\/v2\/comments?post=19459"}],"version-history":[{"count":0,"href":"https:\/\/eltrabajo.cl\/portal\/wp-json\/wp\/v2\/posts\/19459\/revisions"}],"wp:featuredmedia":[{"embeddable":true,"href":"https:\/\/eltrabajo.cl\/portal\/wp-json\/wp\/v2\/media\/19460"}],"wp:attachment":[{"href":"https:\/\/eltrabajo.cl\/portal\/wp-json\/wp\/v2\/media?parent=19459"}],"wp:term":[{"taxonomy":"category","embeddable":true,"href":"https:\/\/eltrabajo.cl\/portal\/wp-json\/wp\/v2\/categories?post=19459"},{"taxonomy":"post_tag","embeddable":true,"href":"https:\/\/eltrabajo.cl\/portal\/wp-json\/wp\/v2\/tags?post=19459"}],"curies":[{"name":"wp","href":"https:\/\/api.w.org\/{rel}","templated":true}]}}