{"id":19463,"date":"2012-06-15T09:45:08","date_gmt":"2012-06-15T13:45:08","guid":{"rendered":"http:\/\/www.eltrabajo.cl\/portal\/?p=19463"},"modified":"2012-06-15T09:45:08","modified_gmt":"2012-06-15T13:45:08","slug":"nina-de-13-anos-cumplio-sueno-y-gano-eleccion-escolar-en-el-escorial","status":"publish","type":"post","link":"https:\/\/eltrabajo.cl\/portal\/nina-de-13-anos-cumplio-sueno-y-gano-eleccion-escolar-en-el-escorial\/","title":{"rendered":"Ni\u00f1a de 13 a\u00f1os cumpli\u00f3 sue\u00f1o y gan\u00f3 elecci\u00f3n escolar en El Escorial"},"content":{"rendered":"<figure id=\"attachment_19464\" aria-describedby=\"caption-attachment-19464\" style=\"width: 600px\" class=\"wp-caption alignnone\"><a href=\"http:\/\/www.eltrabajo.cl\/portal\/2012\/06\/nina-de-13-anos-cumplio-sueno-y-gano-eleccion-escolar-en-el-escorial\/presidente1-4\/\" rel=\"attachment wp-att-19464\"><img data-recalc-dims=\"1\" loading=\"lazy\" decoding=\"async\" class=\"size-full wp-image-19464\" title=\"Presidente1\" src=\"https:\/\/i0.wp.com\/www.eltrabajo.cl\/portal\/wp-content\/uploads\/2012\/06\/Presidente1.jpg?resize=600%2C461\" alt=\"\" width=\"600\" height=\"461\" srcset=\"https:\/\/i0.wp.com\/eltrabajo.cl\/portal\/wp-content\/uploads\/2012\/06\/Presidente1.jpg?w=600&amp;ssl=1 600w, https:\/\/i0.wp.com\/eltrabajo.cl\/portal\/wp-content\/uploads\/2012\/06\/Presidente1.jpg?resize=195%2C150&amp;ssl=1 195w, https:\/\/i0.wp.com\/eltrabajo.cl\/portal\/wp-content\/uploads\/2012\/06\/Presidente1.jpg?resize=300%2C230&amp;ssl=1 300w, https:\/\/i0.wp.com\/eltrabajo.cl\/portal\/wp-content\/uploads\/2012\/06\/Presidente1.jpg?resize=150%2C115&amp;ssl=1 150w, https:\/\/i0.wp.com\/eltrabajo.cl\/portal\/wp-content\/uploads\/2012\/06\/Presidente1.jpg?resize=400%2C307&amp;ssl=1 400w\" sizes=\"auto, (max-width: 600px) 100vw, 600px\" \/><\/a><figcaption id=\"caption-attachment-19464\" class=\"wp-caption-text\">Atr\u00e1s quedaron las promesas, el proselitismo pol\u00edtico; la Jefe de Campa\u00f1a, Natalia Aranda, demostr\u00f3 tener el ingrediente que se necesitaba para hacer Presidente Escolar a su amiga y compa\u00f1era de clases, Natalia Toro (derecha).<\/figcaption><\/figure>\n<p>Roberto Gonz\u00e1lez Short &#8211; <a href=\"mailto:rgonzalez@eltrabajo.cl\">rgonzalez@eltrabajo.cl<\/a><\/p>\n<p>Para quienes anhelaban conocer los resultados de las primeras elecciones infantiles 2012, realizadas este mi\u00e9rcoles en la Escuela G-78 de El Escorial, Diario El Trabajo le informa que a las 13 horas finaliz\u00f3 el conteo de votos por parte del personal docente de dicho centro educativo. Aunque dos de los candidatos dieron por asegurada su victoria en las declaraciones que dieron a nuestro medio, una candidata sin embargo fue m\u00e1s emotiva y habl\u00f3 m\u00e1s con el coraz\u00f3n de ni\u00f1a que con discursos triunfalistas.<\/p>\n<p>\u201cDesde hace a\u00f1os sue\u00f1o con ser Presidente Escolar\u201d, fueron algunas de las frases genuinas dichas por Danielita Toro, la estudiante de 13 a\u00f1os que cursa el 6\u00ba B\u00e1sico; tuvo a Natalia Aranda como Jefe de Campa\u00f1a y desde este mi\u00e9rcoles se convirti\u00f3 en la orgullosa Presidente Escolar de la Escuela G-78 de El Escorial por el a\u00f1o 2012. Diario El Trabajo habl\u00f3 con Natalia Toro, minutos despu\u00e9s de confirmado su nombre en la Presidencia Escolar 2012.<\/p>\n<figure id=\"attachment_19465\" aria-describedby=\"caption-attachment-19465\" style=\"width: 300px\" class=\"wp-caption alignright\"><a href=\"http:\/\/www.eltrabajo.cl\/portal\/2012\/06\/nina-de-13-anos-cumplio-sueno-y-gano-eleccion-escolar-en-el-escorial\/mesa1-2\/\" rel=\"attachment wp-att-19465\"><img data-recalc-dims=\"1\" loading=\"lazy\" decoding=\"async\" class=\"size-medium wp-image-19465\" title=\"Mesa1\" src=\"https:\/\/i0.wp.com\/www.eltrabajo.cl\/portal\/wp-content\/uploads\/2012\/06\/Mesa1-300x210.jpg?resize=300%2C210\" alt=\"\" width=\"300\" height=\"210\" srcset=\"https:\/\/i0.wp.com\/eltrabajo.cl\/portal\/wp-content\/uploads\/2012\/06\/Mesa1.jpg?resize=300%2C210&amp;ssl=1 300w, https:\/\/i0.wp.com\/eltrabajo.cl\/portal\/wp-content\/uploads\/2012\/06\/Mesa1.jpg?resize=200%2C140&amp;ssl=1 200w, https:\/\/i0.wp.com\/eltrabajo.cl\/portal\/wp-content\/uploads\/2012\/06\/Mesa1.jpg?resize=150%2C105&amp;ssl=1 150w, https:\/\/i0.wp.com\/eltrabajo.cl\/portal\/wp-content\/uploads\/2012\/06\/Mesa1.jpg?resize=400%2C280&amp;ssl=1 400w, https:\/\/i0.wp.com\/eltrabajo.cl\/portal\/wp-content\/uploads\/2012\/06\/Mesa1.jpg?w=600&amp;ssl=1 600w\" sizes=\"auto, (max-width: 300px) 100vw, 300px\" \/><\/a><figcaption id=\"caption-attachment-19465\" class=\"wp-caption-text\">Con RUT en mano, cada profesor y estudiante de B\u00e1sica pudieron emitir su voto, aquellos que olvidaron su documento de identidad, perdieron la oportunidad para participar en este proceso.<\/figcaption><\/figure>\n<p><strong>&#8211; \u00bfC\u00f3mo te sientes ahora que se te cumpli\u00f3 el sue\u00f1o de llegar a una Presidencia Escolar?<\/strong><\/p>\n<p>&#8211; \u201cMe siento muy bien con este primer triunfo como escolar, ahora s\u00ed podr\u00e9 cumplir mis promesas y obsequiar las dos fiestas ofrecidas, una por el regreso a clases y la otra para celebrar nuestro triunfo pol\u00edtico con todos los que participamos, incluyendo a quienes no votaron por m\u00ed\u201d.<\/p>\n<p>&#8211;<strong> \u00bfTen\u00edan nervios durante el proceso?<\/strong><\/p>\n<p>&#8211; \u201cS\u00ed. Mi Jefa de Campa\u00f1a y yo est\u00e1bamos tan nerviosas que nos com\u00edamos las u\u00f1as del miedo, sinceramente no me esperaba ganar esta contienda, ahora s\u00e9 qu\u00e9 se siente cumplir un sue\u00f1o\u201d.<\/p>\n<p><strong>&#8211; \u00bfC\u00f3mo reaccionaron sus compa\u00f1eros ante su victoria?<\/strong><\/p>\n<p>&#8211; \u201cBueno, cuando anunciaron que yo hab\u00eda ganado la Presidencia, mis adversarios pol\u00edticos se molestaron un poquito, pero luego reconocieron su derrota, cacharon el sentido de la din\u00e1mica y me felicitaron con un abrazo, aqu\u00ed no hay rencores\u201d.<\/p>\n<p>La mec\u00e1nica de este montaje educativo se desarrolla en los cursos de 5\u00ba y 6\u00ba B\u00e1sico de todas las escuelas de Chile, en donde se imparte como parte de la asignaci\u00f3n de Historia, Geometr\u00eda y Ciencias Sociales, el contenido puntual de \u2018Vivir en Democracia\u2019. Diario El Trabajo felicita a todos los participantes en este proceso electoral escolar y en especial a la nueva Presidente del mismo.<\/p>\n","protected":false},"excerpt":{"rendered":"<p>Roberto Gonz\u00e1lez Short &#8211; rgonzalez@eltrabajo.cl Para quienes anhelaban conocer los resultados de las primeras elecciones infantiles 2012, realizadas este mi\u00e9rcoles en la Escuela G-78 de El Escorial, Diario El Trabajo le informa&#8230;<\/p>\n","protected":false},"author":482,"featured_media":19464,"comment_status":"open","ping_status":"closed","sticky":false,"template":"","format":"standard","meta":{"advanced_seo_description":"","jetpack_seo_html_title":"","jetpack_seo_noindex":false,"_jetpack_memberships_contains_paid_content":false,"footnotes":""},"categories":[15],"tags":[],"class_list":["post-19463","post","type-post","status-publish","format-standard","has-post-thumbnail","hentry","category-comunidad"],"jetpack_featured_media_url":"https:\/\/i0.wp.com\/eltrabajo.cl\/portal\/wp-content\/uploads\/2012\/06\/Presidente1.jpg?fit=600%2C461&ssl=1","jetpack_sharing_enabled":true,"jetpack_likes_enabled":true,"jetpack-related-posts":[],"_links":{"self":[{"href":"https:\/\/eltrabajo.cl\/portal\/wp-json\/wp\/v2\/posts\/19463","targetHints":{"allow":["GET"]}}],"collection":[{"href":"https:\/\/eltrabajo.cl\/portal\/wp-json\/wp\/v2\/posts"}],"about":[{"href":"https:\/\/eltrabajo.cl\/portal\/wp-json\/wp\/v2\/types\/post"}],"author":[{"embeddable":true,"href":"https:\/\/eltrabajo.cl\/portal\/wp-json\/wp\/v2\/users\/482"}],"replies":[{"embeddable":true,"href":"https:\/\/eltrabajo.cl\/portal\/wp-json\/wp\/v2\/comments?post=19463"}],"version-history":[{"count":0,"href":"https:\/\/eltrabajo.cl\/portal\/wp-json\/wp\/v2\/posts\/19463\/revisions"}],"wp:featuredmedia":[{"embeddable":true,"href":"https:\/\/eltrabajo.cl\/portal\/wp-json\/wp\/v2\/media\/19464"}],"wp:attachment":[{"href":"https:\/\/eltrabajo.cl\/portal\/wp-json\/wp\/v2\/media?parent=19463"}],"wp:term":[{"taxonomy":"category","embeddable":true,"href":"https:\/\/eltrabajo.cl\/portal\/wp-json\/wp\/v2\/categories?post=19463"},{"taxonomy":"post_tag","embeddable":true,"href":"https:\/\/eltrabajo.cl\/portal\/wp-json\/wp\/v2\/tags?post=19463"}],"curies":[{"name":"wp","href":"https:\/\/api.w.org\/{rel}","templated":true}]}}