{"id":19468,"date":"2012-06-15T09:48:06","date_gmt":"2012-06-15T13:48:06","guid":{"rendered":"http:\/\/www.eltrabajo.cl\/portal\/?p=19468"},"modified":"2012-06-15T09:48:06","modified_gmt":"2012-06-15T13:48:06","slug":"profesores-y-estudiantes-de-tierras-blancas-recibieron-%e2%80%98premio-simce-2011%e2%80%99","status":"publish","type":"post","link":"https:\/\/eltrabajo.cl\/portal\/profesores-y-estudiantes-de-tierras-blancas-recibieron-%e2%80%98premio-simce-2011%e2%80%99\/","title":{"rendered":"Profesores y estudiantes de Tierras Blancas recibieron \u2018Premio Simce 2011\u2019"},"content":{"rendered":"<figure id=\"attachment_19469\" aria-describedby=\"caption-attachment-19469\" style=\"width: 600px\" class=\"wp-caption alignnone\"><a href=\"http:\/\/www.eltrabajo.cl\/portal\/2012\/06\/profesores-y-estudiantes-de-tierras-blancas-recibieron-%e2%80%98premio-simce-2011%e2%80%99\/alegria1-2\/\" rel=\"attachment wp-att-19469\"><img data-recalc-dims=\"1\" loading=\"lazy\" decoding=\"async\" class=\"size-full wp-image-19469\" title=\"Alegr\u00eda1\" src=\"https:\/\/i0.wp.com\/www.eltrabajo.cl\/portal\/wp-content\/uploads\/2012\/06\/Alegr%C3%ADa1.jpg?resize=600%2C397\" alt=\"\" width=\"600\" height=\"397\" srcset=\"https:\/\/i0.wp.com\/eltrabajo.cl\/portal\/wp-content\/uploads\/2012\/06\/Alegr%C3%ADa1.jpg?w=600&amp;ssl=1 600w, https:\/\/i0.wp.com\/eltrabajo.cl\/portal\/wp-content\/uploads\/2012\/06\/Alegr%C3%ADa1.jpg?resize=200%2C132&amp;ssl=1 200w, https:\/\/i0.wp.com\/eltrabajo.cl\/portal\/wp-content\/uploads\/2012\/06\/Alegr%C3%ADa1.jpg?resize=300%2C198&amp;ssl=1 300w, https:\/\/i0.wp.com\/eltrabajo.cl\/portal\/wp-content\/uploads\/2012\/06\/Alegr%C3%ADa1.jpg?resize=150%2C99&amp;ssl=1 150w, https:\/\/i0.wp.com\/eltrabajo.cl\/portal\/wp-content\/uploads\/2012\/06\/Alegr%C3%ADa1.jpg?resize=400%2C264&amp;ssl=1 400w\" sizes=\"auto, (max-width: 600px) 100vw, 600px\" \/><\/a><figcaption id=\"caption-attachment-19469\" class=\"wp-caption-text\">El puntaje obtenido por estos peque\u00f1os fue 261 en Matem\u00e1ticas; 288 en Lenguaje y 271 en Ciencias y Comprensi\u00f3n del Medio. Como se aprecia en la foto, ninguno de ellos le quita la mirada al merecido premio.<\/figcaption><\/figure>\n<p>Roberto Gonz\u00e1lez Short &#8211; <a href=\"mailto:gonzalez@eltrabajo.cl\">gonzalez@eltrabajo.cl<\/a><\/p>\n<p>Hace varias semanas en Diario El Trabajo brindamos amplia cobertura a los resultados obtenidos en la Prueba Simce 2011 (Sistema de Medici\u00f3n de Calidad de la Educaci\u00f3n) de la Escuela B\u00e1sica Mateo Cokljat Knezic, ubicada en Tierras Blancas de San Felipe, en ese sentido, nos resulta grato poder informar a cerca del \u2018Premio Simce 2011\u2019 otorgado a dicha escuelita rural como resultado de la participaci\u00f3n de los Cuartos Medios en esta medici\u00f3n que se realiza cada dos a\u00f1os.<\/p>\n<figure id=\"attachment_19470\" aria-describedby=\"caption-attachment-19470\" style=\"width: 300px\" class=\"wp-caption alignright\"><a href=\"http:\/\/www.eltrabajo.cl\/portal\/2012\/06\/profesores-y-estudiantes-de-tierras-blancas-recibieron-%e2%80%98premio-simce-2011%e2%80%99\/cheque1-2\/\" rel=\"attachment wp-att-19470\"><img data-recalc-dims=\"1\" loading=\"lazy\" decoding=\"async\" class=\"size-medium wp-image-19470\" title=\"Cheque1\" src=\"https:\/\/i0.wp.com\/www.eltrabajo.cl\/portal\/wp-content\/uploads\/2012\/06\/Cheque1-300x204.jpg?resize=300%2C204\" alt=\"\" width=\"300\" height=\"204\" srcset=\"https:\/\/i0.wp.com\/eltrabajo.cl\/portal\/wp-content\/uploads\/2012\/06\/Cheque1.jpg?resize=300%2C204&amp;ssl=1 300w, https:\/\/i0.wp.com\/eltrabajo.cl\/portal\/wp-content\/uploads\/2012\/06\/Cheque1.jpg?resize=200%2C136&amp;ssl=1 200w, https:\/\/i0.wp.com\/eltrabajo.cl\/portal\/wp-content\/uploads\/2012\/06\/Cheque1.jpg?resize=150%2C102&amp;ssl=1 150w, https:\/\/i0.wp.com\/eltrabajo.cl\/portal\/wp-content\/uploads\/2012\/06\/Cheque1.jpg?resize=400%2C272&amp;ssl=1 400w, https:\/\/i0.wp.com\/eltrabajo.cl\/portal\/wp-content\/uploads\/2012\/06\/Cheque1.jpg?w=600&amp;ssl=1 600w\" sizes=\"auto, (max-width: 300px) 100vw, 300px\" \/><\/a><figcaption id=\"caption-attachment-19470\" class=\"wp-caption-text\">Momentos en que las autoridades entregaron el \u2018Premio Simce 2011\u2019 a dos de los estudiantes que lo ganaron, lo recibieron en Valpara\u00edso.<\/figcaption><\/figure>\n<p>Se trata de un cheque por el monto de $1.487.107.00 que el Ministerio de Educaci\u00f3n otorg\u00f3 a este centro educativo.<\/p>\n<p>\u201cRecibimos con humildad este cheque, dicho est\u00edmulo econ\u00f3mico nos anima a seguir trabajando arduo por nuestros alumnos, es la culminaci\u00f3n de cuatro a\u00f1os de empe\u00f1o y esfuerzo de todos nosotros como profesores, y de ellos como aplicados estudiantes (\u2026) esta es nuestra meta dentro del Plan de Mejoramiento Educativo de la instituci\u00f3n\u201d, coment\u00f3 a Diario El Trabajo, Marcia Endara Carrasco, Directora de la Mateo Cokljat Knezic de Tierras Blancas.<\/p>\n<p>\u201cAunque ya hicimos los pedidos de los implementos que disfrutaremos gracias a ese dinero, por ahora no podemos decir exactamente cuales son, esto porque estos art\u00edculos son una sorpresa para los peque\u00f1os, s\u00f3lo puedo mencionar que la compra ya se hizo en los almacenes autorizados y sugeridos por el Ministerio de Educaci\u00f3n\u201d, agreg\u00f3 la Directora Carrasco.<\/p>\n<figure id=\"attachment_19471\" aria-describedby=\"caption-attachment-19471\" style=\"width: 210px\" class=\"wp-caption alignleft\"><a href=\"http:\/\/www.eltrabajo.cl\/portal\/2012\/06\/profesores-y-estudiantes-de-tierras-blancas-recibieron-%e2%80%98premio-simce-2011%e2%80%99\/directora1-3\/\" rel=\"attachment wp-att-19471\"><img data-recalc-dims=\"1\" loading=\"lazy\" decoding=\"async\" class=\"size-medium wp-image-19471 \" title=\"Directora1\" src=\"https:\/\/i0.wp.com\/www.eltrabajo.cl\/portal\/wp-content\/uploads\/2012\/06\/Directora11-300x249.jpg?resize=210%2C174\" alt=\"\" width=\"210\" height=\"174\" srcset=\"https:\/\/i0.wp.com\/eltrabajo.cl\/portal\/wp-content\/uploads\/2012\/06\/Directora11.jpg?resize=300%2C249&amp;ssl=1 300w, https:\/\/i0.wp.com\/eltrabajo.cl\/portal\/wp-content\/uploads\/2012\/06\/Directora11.jpg?resize=180%2C150&amp;ssl=1 180w, https:\/\/i0.wp.com\/eltrabajo.cl\/portal\/wp-content\/uploads\/2012\/06\/Directora11.jpg?resize=150%2C124&amp;ssl=1 150w, https:\/\/i0.wp.com\/eltrabajo.cl\/portal\/wp-content\/uploads\/2012\/06\/Directora11.jpg?resize=400%2C332&amp;ssl=1 400w, https:\/\/i0.wp.com\/eltrabajo.cl\/portal\/wp-content\/uploads\/2012\/06\/Directora11.jpg?w=600&amp;ssl=1 600w\" sizes=\"auto, (max-width: 210px) 100vw, 210px\" \/><\/a><figcaption id=\"caption-attachment-19471\" class=\"wp-caption-text\">Profesora Marcia Endara Carrasco, Directora de la Mateo Cokljat Knezic de Tierras Blancas.<\/figcaption><\/figure>\n<p>La entrega del cheque se realiz\u00f3 en las dependencias del Ministerio de Educaci\u00f3n en Valpara\u00edso. El Director Provincial de Educaci\u00f3n, Rosalindo Gonz\u00e1lez, acompa\u00f1\u00f3 a la comitiva de la escuela de Tierras Blancas junto a varias autoridades pol\u00edticas y educativas de la regi\u00f3n.<\/p>\n<p>Diario El Trabajo felicita a estos entusiastas estudiantes, ellos cursan ahora su Quinto Medio pero igual posaron para nuestro diario con el jugoso cheque simb\u00f3lico en sus manos.<\/p>\n","protected":false},"excerpt":{"rendered":"<p>Roberto Gonz\u00e1lez Short &#8211; gonzalez@eltrabajo.cl Hace varias semanas en Diario El Trabajo brindamos amplia cobertura a los resultados obtenidos en la Prueba Simce 2011 (Sistema de Medici\u00f3n de Calidad de la Educaci\u00f3n)&#8230;<\/p>\n","protected":false},"author":482,"featured_media":19469,"comment_status":"open","ping_status":"closed","sticky":false,"template":"","format":"standard","meta":{"advanced_seo_description":"","jetpack_seo_html_title":"","jetpack_seo_noindex":false,"_jetpack_memberships_contains_paid_content":false,"footnotes":""},"categories":[15],"tags":[],"class_list":["post-19468","post","type-post","status-publish","format-standard","has-post-thumbnail","hentry","category-comunidad"],"jetpack_featured_media_url":"https:\/\/i0.wp.com\/eltrabajo.cl\/portal\/wp-content\/uploads\/2012\/06\/Alegr%C3%ADa1.jpg?fit=600%2C397&ssl=1","jetpack_sharing_enabled":true,"jetpack_likes_enabled":true,"jetpack-related-posts":[],"_links":{"self":[{"href":"https:\/\/eltrabajo.cl\/portal\/wp-json\/wp\/v2\/posts\/19468","targetHints":{"allow":["GET"]}}],"collection":[{"href":"https:\/\/eltrabajo.cl\/portal\/wp-json\/wp\/v2\/posts"}],"about":[{"href":"https:\/\/eltrabajo.cl\/portal\/wp-json\/wp\/v2\/types\/post"}],"author":[{"embeddable":true,"href":"https:\/\/eltrabajo.cl\/portal\/wp-json\/wp\/v2\/users\/482"}],"replies":[{"embeddable":true,"href":"https:\/\/eltrabajo.cl\/portal\/wp-json\/wp\/v2\/comments?post=19468"}],"version-history":[{"count":0,"href":"https:\/\/eltrabajo.cl\/portal\/wp-json\/wp\/v2\/posts\/19468\/revisions"}],"wp:featuredmedia":[{"embeddable":true,"href":"https:\/\/eltrabajo.cl\/portal\/wp-json\/wp\/v2\/media\/19469"}],"wp:attachment":[{"href":"https:\/\/eltrabajo.cl\/portal\/wp-json\/wp\/v2\/media?parent=19468"}],"wp:term":[{"taxonomy":"category","embeddable":true,"href":"https:\/\/eltrabajo.cl\/portal\/wp-json\/wp\/v2\/categories?post=19468"},{"taxonomy":"post_tag","embeddable":true,"href":"https:\/\/eltrabajo.cl\/portal\/wp-json\/wp\/v2\/tags?post=19468"}],"curies":[{"name":"wp","href":"https:\/\/api.w.org\/{rel}","templated":true}]}}