{"id":19474,"date":"2012-06-15T09:49:42","date_gmt":"2012-06-15T13:49:42","guid":{"rendered":"http:\/\/www.eltrabajo.cl\/portal\/?p=19474"},"modified":"2012-06-15T09:49:42","modified_gmt":"2012-06-15T13:49:42","slug":"ministro-golborne-%e2%80%9cno-hay-ninguna-oposicion-al-embalse-chacrillas%e2%80%9d","status":"publish","type":"post","link":"https:\/\/eltrabajo.cl\/portal\/ministro-golborne-%e2%80%9cno-hay-ninguna-oposicion-al-embalse-chacrillas%e2%80%9d\/","title":{"rendered":"Ministro Golborne: \u201cNo hay ninguna oposici\u00f3n al Embalse Chacrillas\u201d"},"content":{"rendered":"<figure id=\"attachment_19475\" aria-describedby=\"caption-attachment-19475\" style=\"width: 300px\" class=\"wp-caption alignleft\"><a href=\"http:\/\/www.eltrabajo.cl\/portal\/2012\/06\/ministro-golborne-%e2%80%9cno-hay-ninguna-oposicion-al-embalse-chacrillas%e2%80%9d\/golborne-chalaco\/\" rel=\"attachment wp-att-19475\"><img data-recalc-dims=\"1\" loading=\"lazy\" decoding=\"async\" class=\"size-medium wp-image-19475\" title=\"golborne chalaco\" src=\"https:\/\/i0.wp.com\/www.eltrabajo.cl\/portal\/wp-content\/uploads\/2012\/06\/golborne-chalaco-300x231.jpg?resize=300%2C231\" alt=\"\" width=\"300\" height=\"231\" srcset=\"https:\/\/i0.wp.com\/eltrabajo.cl\/portal\/wp-content\/uploads\/2012\/06\/golborne-chalaco.jpg?resize=300%2C231&amp;ssl=1 300w, https:\/\/i0.wp.com\/eltrabajo.cl\/portal\/wp-content\/uploads\/2012\/06\/golborne-chalaco.jpg?resize=194%2C150&amp;ssl=1 194w, https:\/\/i0.wp.com\/eltrabajo.cl\/portal\/wp-content\/uploads\/2012\/06\/golborne-chalaco.jpg?resize=150%2C115&amp;ssl=1 150w, https:\/\/i0.wp.com\/eltrabajo.cl\/portal\/wp-content\/uploads\/2012\/06\/golborne-chalaco.jpg?resize=400%2C308&amp;ssl=1 400w, https:\/\/i0.wp.com\/eltrabajo.cl\/portal\/wp-content\/uploads\/2012\/06\/golborne-chalaco.jpg?w=600&amp;ssl=1 600w\" sizes=\"auto, (max-width: 300px) 100vw, 300px\" \/><\/a><figcaption id=\"caption-attachment-19475\" class=\"wp-caption-text\">El Ministro Laurence Golborne asegur\u00f3 que no hay oposici\u00f3n al proyecto Embalse Chacrillas.<\/figcaption><\/figure>\n<p>En el marco del XVI encuentro de la C\u00e1mara Regional de Comercio de Valpara\u00edso, que se realiza en el Convention Center de Vi\u00f1a del Mar, el ministro de Obras P\u00fablicas, Laurence Golborne se refiri\u00f3 a diversas materias que se encuentran en discusi\u00f3n a nivel regional.<\/p>\n<p>El titular del MOP manifest\u00f3 sobre la creaci\u00f3n del embalse de Chacrillas que\u00a0\u201cen esta materia hay que ser muy claros de que no hay ninguna oposici\u00f3n al proyecto\u201d, agregando que \u201clo que estaba comprometido para el riego de 7.100 hect\u00e1reas, se har\u00e1\u201d. Esto, luego de las dudas que gener\u00f3 la viabilidad del proyecto, tras la inscripci\u00f3n de derechos de agua a favor de la empresa de electricidad Colb\u00fan.<\/p>\n","protected":false},"excerpt":{"rendered":"<p>En el marco del XVI encuentro de la C\u00e1mara Regional de Comercio de Valpara\u00edso, que se realiza en el Convention Center de Vi\u00f1a del Mar, el ministro de Obras P\u00fablicas, Laurence Golborne&#8230;<\/p>\n","protected":false},"author":482,"featured_media":19475,"comment_status":"open","ping_status":"closed","sticky":false,"template":"","format":"standard","meta":{"advanced_seo_description":"","jetpack_seo_html_title":"","jetpack_seo_noindex":false,"_jetpack_memberships_contains_paid_content":false,"footnotes":""},"categories":[1],"tags":[],"class_list":["post-19474","post","type-post","status-publish","format-standard","has-post-thumbnail","hentry","category-cronica"],"jetpack_featured_media_url":"https:\/\/i0.wp.com\/eltrabajo.cl\/portal\/wp-content\/uploads\/2012\/06\/golborne-chalaco.jpg?fit=600%2C462&ssl=1","jetpack_sharing_enabled":true,"jetpack_likes_enabled":true,"jetpack-related-posts":[],"_links":{"self":[{"href":"https:\/\/eltrabajo.cl\/portal\/wp-json\/wp\/v2\/posts\/19474","targetHints":{"allow":["GET"]}}],"collection":[{"href":"https:\/\/eltrabajo.cl\/portal\/wp-json\/wp\/v2\/posts"}],"about":[{"href":"https:\/\/eltrabajo.cl\/portal\/wp-json\/wp\/v2\/types\/post"}],"author":[{"embeddable":true,"href":"https:\/\/eltrabajo.cl\/portal\/wp-json\/wp\/v2\/users\/482"}],"replies":[{"embeddable":true,"href":"https:\/\/eltrabajo.cl\/portal\/wp-json\/wp\/v2\/comments?post=19474"}],"version-history":[{"count":0,"href":"https:\/\/eltrabajo.cl\/portal\/wp-json\/wp\/v2\/posts\/19474\/revisions"}],"wp:featuredmedia":[{"embeddable":true,"href":"https:\/\/eltrabajo.cl\/portal\/wp-json\/wp\/v2\/media\/19475"}],"wp:attachment":[{"href":"https:\/\/eltrabajo.cl\/portal\/wp-json\/wp\/v2\/media?parent=19474"}],"wp:term":[{"taxonomy":"category","embeddable":true,"href":"https:\/\/eltrabajo.cl\/portal\/wp-json\/wp\/v2\/categories?post=19474"},{"taxonomy":"post_tag","embeddable":true,"href":"https:\/\/eltrabajo.cl\/portal\/wp-json\/wp\/v2\/tags?post=19474"}],"curies":[{"name":"wp","href":"https:\/\/api.w.org\/{rel}","templated":true}]}}