{"id":19478,"date":"2012-06-15T09:51:44","date_gmt":"2012-06-15T13:51:44","guid":{"rendered":"http:\/\/www.eltrabajo.cl\/portal\/?p=19478"},"modified":"2012-06-15T09:51:44","modified_gmt":"2012-06-15T13:51:44","slug":"seremi-de-oo-pp-espera-lograr-acuerdo-en-reunion-del-martes-por-chacrillas","status":"publish","type":"post","link":"https:\/\/eltrabajo.cl\/portal\/seremi-de-oo-pp-espera-lograr-acuerdo-en-reunion-del-martes-por-chacrillas\/","title":{"rendered":"Seremi de OO.PP. espera lograr acuerdo en reuni\u00f3n del martes por Chacrillas"},"content":{"rendered":"<figure id=\"attachment_19479\" aria-describedby=\"caption-attachment-19479\" style=\"width: 300px\" class=\"wp-caption alignleft\"><a href=\"http:\/\/www.eltrabajo.cl\/portal\/2012\/06\/seremi-de-oo-pp-espera-lograr-acuerdo-en-reunion-del-martes-por-chacrillas\/pedro-sariego-1\/\" rel=\"attachment wp-att-19479\"><img data-recalc-dims=\"1\" loading=\"lazy\" decoding=\"async\" class=\"size-medium wp-image-19479\" title=\"pedro sariego (1)\" src=\"https:\/\/i0.wp.com\/www.eltrabajo.cl\/portal\/wp-content\/uploads\/2012\/06\/pedro-sariego-1-300x241.jpg?resize=300%2C241\" alt=\"\" width=\"300\" height=\"241\" srcset=\"https:\/\/i0.wp.com\/eltrabajo.cl\/portal\/wp-content\/uploads\/2012\/06\/pedro-sariego-1.jpg?resize=300%2C241&amp;ssl=1 300w, https:\/\/i0.wp.com\/eltrabajo.cl\/portal\/wp-content\/uploads\/2012\/06\/pedro-sariego-1.jpg?resize=186%2C150&amp;ssl=1 186w, https:\/\/i0.wp.com\/eltrabajo.cl\/portal\/wp-content\/uploads\/2012\/06\/pedro-sariego-1.jpg?resize=150%2C120&amp;ssl=1 150w, https:\/\/i0.wp.com\/eltrabajo.cl\/portal\/wp-content\/uploads\/2012\/06\/pedro-sariego-1.jpg?resize=400%2C321&amp;ssl=1 400w, https:\/\/i0.wp.com\/eltrabajo.cl\/portal\/wp-content\/uploads\/2012\/06\/pedro-sariego-1.jpg?w=600&amp;ssl=1 600w\" sizes=\"auto, (max-width: 300px) 100vw, 300px\" \/><\/a><figcaption id=\"caption-attachment-19479\" class=\"wp-caption-text\">El Seremi Pedro Sariego calific\u00f3 como apocal\u00edpticas las opiniones de algunas personas de la zona en la discusi\u00f3n por la situaci\u00f3n de embalse Chacrillas.<\/figcaption><\/figure>\n<p><strong>Habr\u00eda soluci\u00f3n para planta hidroel\u00e9ctrica que quieren desarrollar los regantes.<\/strong><\/p>\n<p>Sylvia Vergara Gonz\u00e1lez &#8211; <a href=\"mailto:svergara@eltrabajo.cl\">svergara@eltrabajo.cl<\/a><\/p>\n<p>El Seremi de Obras P\u00fablicas, Pedro Sariego, reiter\u00f3 este jueves que las aguas del embalse Chacrillas no se ver\u00edan afectadas con la asignaci\u00f3n de derechos que la Direcci\u00f3n General de Aguas le dio a la empresa Guardia Vieja. Sin embargo lo que s\u00ed se ver\u00eda afectada, es la planta el\u00e9ctrica que los regantes est\u00e1n solicitando instalar en el embalse.<\/p>\n<p>Las declaraciones las realiz\u00f3 la autoridad en una visita que efectu\u00f3 este jueves, donde explic\u00f3 la situaci\u00f3n en que se ve envuelto el embalse Chacrillas y que calific\u00f3 como una postura \u2018apocal\u00edptica\u2019 de parte de algunas personas de la zona.<\/p>\n<p>Sariego se\u00f1al\u00f3 que esta planta el\u00e9ctrica no estaba contemplada en el proyecto original, que se trata de una iniciativa que nace en los \u00faltimos a\u00f1os y que constituye \u201cuna aspiraci\u00f3n de los regantes generar este modelo de negocio para pagar en parte el compromiso por la construcci\u00f3n del embalse\u201d, dijo el Seremi.<\/p>\n<p>Seg\u00fan explic\u00f3 Sariego, la planta el\u00e9ctrica se ver\u00eda afectada debido a que Guardia Vieja tiene asignados 4 metros c\u00fabicos por segundo de agua, lo que significa que el embalse tendr\u00e1 menos agua y eso significar\u00eda que la planta el\u00e9ctrica de los regantes tendr\u00eda menos agua para funcionar.<\/p>\n<p>\u201cAqu\u00ed se ha dicho que el embalse se queda seco, agua para el embalse hay, lo que se ver\u00eda afectado es la planta el\u00e9ctrica que quieren poner los regantes, para lo que hay una soluci\u00f3n, y sobre la cual la mesa de trabajo va a trabajar el d\u00eda martes, es que dentro de las solicitudes pendientes de la DGA hay una mayor, que se present\u00f3 el a\u00f1o 2007, que es de la DOH y que asigna en el punto que se da 4 metros en el pick a Guardia Vieja, hay una solicitud de la DOH por 100 metros c\u00fabicos por segundo, en el pick, esa solicitud est\u00e1 pendiente, lo que tenemos que trabajar es que los procedimientos internos de la DGA nos d\u00e9 esa agua solicitada\u201d, dijo Sariego.<\/p>\n<p>Seg\u00fan se\u00f1al\u00f3 el Seremi, si parte de esa agua solicitada se le da a la DOH, existir\u00eda agua suficiente para el embalse y para la planta el\u00e9ctrica.<\/p>\n<p>La reuni\u00f3n de trabajo que se realizar\u00e1 el martes, se efectuar\u00e1 en Valpara\u00edso, ya que seg\u00fan indic\u00f3 Sariego, se necesita un escenario tranquilo para trabajar debido a que se busca llegar a un acuerdo entre las partes.<\/p>\n","protected":false},"excerpt":{"rendered":"<p>Habr\u00eda soluci\u00f3n para planta hidroel\u00e9ctrica que quieren desarrollar los regantes. Sylvia Vergara Gonz\u00e1lez &#8211; svergara@eltrabajo.cl El Seremi de Obras P\u00fablicas, Pedro Sariego, reiter\u00f3 este jueves que las aguas del embalse Chacrillas no&#8230;<\/p>\n","protected":false},"author":482,"featured_media":19479,"comment_status":"open","ping_status":"closed","sticky":false,"template":"","format":"standard","meta":{"advanced_seo_description":"","jetpack_seo_html_title":"","jetpack_seo_noindex":false,"_jetpack_memberships_contains_paid_content":false,"footnotes":""},"categories":[1],"tags":[],"class_list":["post-19478","post","type-post","status-publish","format-standard","has-post-thumbnail","hentry","category-cronica"],"jetpack_featured_media_url":"https:\/\/i0.wp.com\/eltrabajo.cl\/portal\/wp-content\/uploads\/2012\/06\/pedro-sariego-1.jpg?fit=600%2C482&ssl=1","jetpack_sharing_enabled":true,"jetpack_likes_enabled":true,"jetpack-related-posts":[],"_links":{"self":[{"href":"https:\/\/eltrabajo.cl\/portal\/wp-json\/wp\/v2\/posts\/19478","targetHints":{"allow":["GET"]}}],"collection":[{"href":"https:\/\/eltrabajo.cl\/portal\/wp-json\/wp\/v2\/posts"}],"about":[{"href":"https:\/\/eltrabajo.cl\/portal\/wp-json\/wp\/v2\/types\/post"}],"author":[{"embeddable":true,"href":"https:\/\/eltrabajo.cl\/portal\/wp-json\/wp\/v2\/users\/482"}],"replies":[{"embeddable":true,"href":"https:\/\/eltrabajo.cl\/portal\/wp-json\/wp\/v2\/comments?post=19478"}],"version-history":[{"count":0,"href":"https:\/\/eltrabajo.cl\/portal\/wp-json\/wp\/v2\/posts\/19478\/revisions"}],"wp:featuredmedia":[{"embeddable":true,"href":"https:\/\/eltrabajo.cl\/portal\/wp-json\/wp\/v2\/media\/19479"}],"wp:attachment":[{"href":"https:\/\/eltrabajo.cl\/portal\/wp-json\/wp\/v2\/media?parent=19478"}],"wp:term":[{"taxonomy":"category","embeddable":true,"href":"https:\/\/eltrabajo.cl\/portal\/wp-json\/wp\/v2\/categories?post=19478"},{"taxonomy":"post_tag","embeddable":true,"href":"https:\/\/eltrabajo.cl\/portal\/wp-json\/wp\/v2\/tags?post=19478"}],"curies":[{"name":"wp","href":"https:\/\/api.w.org\/{rel}","templated":true}]}}