{"id":19482,"date":"2012-06-15T09:55:13","date_gmt":"2012-06-15T13:55:13","guid":{"rendered":"http:\/\/www.eltrabajo.cl\/portal\/?p=19482"},"modified":"2012-06-15T09:55:13","modified_gmt":"2012-06-15T13:55:13","slug":"invitan-a-ninos-a-disfrutar-celebrando-dia-nacional-del-bombero","status":"publish","type":"post","link":"https:\/\/eltrabajo.cl\/portal\/invitan-a-ninos-a-disfrutar-celebrando-dia-nacional-del-bombero\/","title":{"rendered":"Invitan a ni\u00f1os a disfrutar celebrando D\u00eda Nacional del Bombero"},"content":{"rendered":"<figure id=\"attachment_19483\" aria-describedby=\"caption-attachment-19483\" style=\"width: 300px\" class=\"wp-caption alignleft\"><a href=\"http:\/\/www.eltrabajo.cl\/portal\/2012\/06\/invitan-a-ninos-a-disfrutar-celebrando-dia-nacional-del-bombero\/bautizo-m-126\/\" rel=\"attachment wp-att-19483\"><img data-recalc-dims=\"1\" loading=\"lazy\" decoding=\"async\" class=\"size-medium wp-image-19483\" title=\"bautizo M 126\" src=\"https:\/\/i0.wp.com\/www.eltrabajo.cl\/portal\/wp-content\/uploads\/2012\/06\/bautizo-M-126-300x170.jpg?resize=300%2C170\" alt=\"\" width=\"300\" height=\"170\" srcset=\"https:\/\/i0.wp.com\/eltrabajo.cl\/portal\/wp-content\/uploads\/2012\/06\/bautizo-M-126.jpg?resize=300%2C170&amp;ssl=1 300w, https:\/\/i0.wp.com\/eltrabajo.cl\/portal\/wp-content\/uploads\/2012\/06\/bautizo-M-126.jpg?resize=200%2C113&amp;ssl=1 200w, https:\/\/i0.wp.com\/eltrabajo.cl\/portal\/wp-content\/uploads\/2012\/06\/bautizo-M-126.jpg?resize=150%2C85&amp;ssl=1 150w, https:\/\/i0.wp.com\/eltrabajo.cl\/portal\/wp-content\/uploads\/2012\/06\/bautizo-M-126.jpg?resize=400%2C226&amp;ssl=1 400w, https:\/\/i0.wp.com\/eltrabajo.cl\/portal\/wp-content\/uploads\/2012\/06\/bautizo-M-126.jpg?w=600&amp;ssl=1 600w\" sizes=\"auto, (max-width: 300px) 100vw, 300px\" \/><\/a><figcaption id=\"caption-attachment-19483\" class=\"wp-caption-text\">Con bautizo de nuevos voluntarios y paseos a ni\u00f1os en los carros, entre otras actividades, los Caballeros del Fuego estar\u00e1n celebrando el D\u00eda Nacional del Bombero.<\/figcaption><\/figure>\n<p>Con diversas actividades, el centenario Cuerpo de Bombero de San Felipe celebrar\u00e1 el d\u00eda Nacional del Bombero, instaurado el 30 de junio de 1962 por el Presidente Jorge Alessandri bajo la Ley N\u00ba 14.866, que declara esa fecha como \u2018El D\u00eda del Bombero\u2019, destinado a conmemorar la fundaci\u00f3n del primer Cuerpo de Bomberos voluntario del pa\u00eds.<\/p>\n<p>En la ciudad de San Felipe se han organizado varias actividades entre las que destaca una muestra de materiales bomberiles, juegos y paseos para ni\u00f1os en carro bomba a realizarse este s\u00e1bado 16 de junio, desde las 10.00 horas en calle Salinas frente a la plaza de armas, donde est\u00e1n todos cordialmente invitados, \u00abespecialmente los m\u00e1s peque\u00f1os que son, sin duda, el futuro de nuestra instituci\u00f3n\u00bb, se\u00f1ala Julio Hardoy Baylaucq, Superintendente de Bomberos de San Felipe.<\/p>\n<p><strong>El programa contempla:<\/strong><\/p>\n<p>16 de Junio: Exposici\u00f3n de Material Rodante, en calle Salinas entre Prat y Merced, de 10:00 a 14:00 hrs.<\/p>\n<p>24 de Junio: Bautizo de nuevos Voluntarios, frontis del Cuartel Central en Merced, entre Salinas y Coimas, desde las 12.00 horas.<\/p>\n<p>30 de Junio: Ceremonia Solemne en el Teatro Municipal, 19:00 horas.<\/p>\n<p>En un principio los bomberos eran s\u00f3lo los encargados de apagar incendios, pero actualmente \u00abson profesionales que se capacitan constantemente para atender diversas emergencias como rescates vehiculares y urbanos, manejo de materiales peligrosos, emergencias por gases, por dar algunos ejemplos\u00bb, se\u00f1ala Julio Hardoy.<\/p>\n<p>Fue la labor desempe\u00f1ada en el reciente terremoto la que les vali\u00f3 ser reconocidos con el 100% de aprobaci\u00f3n p\u00fablica seg\u00fan la encuesta Adimark.<\/p>\n<p>El Superintendente Hardoy explica que \u00abel esfuerzo y el deber que implica ser bombero, quita tiempo y recursos a sus familias, en el trabajo, los estudios y el tiempo libre. Uno se gana muchas incomprensiones, pero todo esto es compensado con creces por la pasi\u00f3n puesta en su labor de servicio\u00bb. Agrega: \u00abJuramos por nuestro honor servir bien a todos los que lo requieran, sin esperar reconocimiento alguno y sin hacer distinci\u00f3n de ninguna clase, atendemos al poderoso y al m\u00e1s humilde exactamente igual\u00bb, subraya.<\/p>\n<p><strong>HISTORIA DEL DIA DEL BOMBERO<\/strong><\/p>\n<p>En 1851 en Valpara\u00edso, una serie de accidentes dejaron enormes p\u00e9rdidas. Todo esto hac\u00eda que la ciudad estuviera constantemente reconstruy\u00e9ndose. El fuego era el mayor riesgo, ya que arrasaba con bienes, riquezas y vidas.<\/p>\n<p>Es por eso que los comerciantes del puerto, preocupados por esta situaci\u00f3n, se reunieron para buscar una soluci\u00f3n. Tras varios intentos, y con el apoyo de las autoridades de la ciudad, se decidi\u00f3 importar elementos para apagar incendios como bombas a palancas y bombas a vapor, baldes, cordeles, hachas y otras herramientas \u00fatiles para atender futuras emergencias.<\/p>\n<p>El gobernador de Valpara\u00edso solicit\u00f3 a los ciudadanos que se alistaran a colaborar en los incendios de manera constante. 330 personas se inscribieron de manera voluntaria, luego fueron capacitados y se les entreg\u00f3 el material necesario para poder atender las emergencias. Tras esto, los voluntarios fueron asignados en cuatro compa\u00f1\u00edas: la 1\u00aa y 2\u00aa Compa\u00f1\u00edas de Bombas; la 1\u00aa Compa\u00f1\u00eda de Hachas, Ganchos y Escaleras, y la Compa\u00f1\u00eda de Guardia de Propiedad.<\/p>\n<p>Finalmente se acord\u00f3 cerrar el libro de inscripciones el d\u00eda de 30 de junio de 1851, consider\u00e1ndose como el d\u00eda oficial de la fundaci\u00f3n del Cuerpo de Bomberos de Valpara\u00edso, el primero del pa\u00eds.\u00a0<\/p>\n<p>As\u00ed nace el incentivo de voluntariado de los bomberos chilenos, buscando el bienestar de la comunidad de manera desinteresada y con el compromiso de arriesgar su vida para salvar la del pr\u00f3jimo.<\/p>\n<p>El escritor porte\u00f1o Joaqu\u00edn Edwards Bello escribi\u00f3 acerca de los bomberos: \u00abEl Cuerpo de Bomberos es una instituci\u00f3n c\u00edvica espont\u00e1nea que no tiene igual en el mundo entero. Los bomberos son voluntarios; cada colonia extranjera forma su bomba que compite con las otras de una manera entusiasta. Casi todos los j\u00f3venes elegantes son bomberos. A lo mejor cuando est\u00e1 uno conversando con un grupo de amigos, suena el lento llamado a incendio. Los j\u00f3venes se levantan a un tiempo, se despiden r\u00e1pidamente, corren&#8230; as\u00ed son estos bomberos de Chile\u00bb.<\/p>\n","protected":false},"excerpt":{"rendered":"<p>Con diversas actividades, el centenario Cuerpo de Bombero de San Felipe celebrar\u00e1 el d\u00eda Nacional del Bombero, instaurado el 30 de junio de 1962 por el Presidente Jorge Alessandri bajo la Ley&#8230;<\/p>\n","protected":false},"author":482,"featured_media":19483,"comment_status":"open","ping_status":"closed","sticky":false,"template":"","format":"standard","meta":{"advanced_seo_description":"","jetpack_seo_html_title":"","jetpack_seo_noindex":false,"_jetpack_memberships_contains_paid_content":false,"footnotes":""},"categories":[15],"tags":[],"class_list":["post-19482","post","type-post","status-publish","format-standard","has-post-thumbnail","hentry","category-comunidad"],"jetpack_featured_media_url":"https:\/\/i0.wp.com\/eltrabajo.cl\/portal\/wp-content\/uploads\/2012\/06\/bautizo-M-126.jpg?fit=600%2C340&ssl=1","jetpack_sharing_enabled":true,"jetpack_likes_enabled":true,"jetpack-related-posts":[],"_links":{"self":[{"href":"https:\/\/eltrabajo.cl\/portal\/wp-json\/wp\/v2\/posts\/19482","targetHints":{"allow":["GET"]}}],"collection":[{"href":"https:\/\/eltrabajo.cl\/portal\/wp-json\/wp\/v2\/posts"}],"about":[{"href":"https:\/\/eltrabajo.cl\/portal\/wp-json\/wp\/v2\/types\/post"}],"author":[{"embeddable":true,"href":"https:\/\/eltrabajo.cl\/portal\/wp-json\/wp\/v2\/users\/482"}],"replies":[{"embeddable":true,"href":"https:\/\/eltrabajo.cl\/portal\/wp-json\/wp\/v2\/comments?post=19482"}],"version-history":[{"count":0,"href":"https:\/\/eltrabajo.cl\/portal\/wp-json\/wp\/v2\/posts\/19482\/revisions"}],"wp:featuredmedia":[{"embeddable":true,"href":"https:\/\/eltrabajo.cl\/portal\/wp-json\/wp\/v2\/media\/19483"}],"wp:attachment":[{"href":"https:\/\/eltrabajo.cl\/portal\/wp-json\/wp\/v2\/media?parent=19482"}],"wp:term":[{"taxonomy":"category","embeddable":true,"href":"https:\/\/eltrabajo.cl\/portal\/wp-json\/wp\/v2\/categories?post=19482"},{"taxonomy":"post_tag","embeddable":true,"href":"https:\/\/eltrabajo.cl\/portal\/wp-json\/wp\/v2\/tags?post=19482"}],"curies":[{"name":"wp","href":"https:\/\/api.w.org\/{rel}","templated":true}]}}