{"id":19491,"date":"2012-06-15T10:01:35","date_gmt":"2012-06-15T14:01:35","guid":{"rendered":"http:\/\/www.eltrabajo.cl\/portal\/?p=19491"},"modified":"2012-06-15T10:01:35","modified_gmt":"2012-06-15T14:01:35","slug":"hasta-las-13-horas-de-hoy-se-reciben-postulaciones-al-fondo-codelco-gobernacion","status":"publish","type":"post","link":"https:\/\/eltrabajo.cl\/portal\/hasta-las-13-horas-de-hoy-se-reciben-postulaciones-al-fondo-codelco-gobernacion\/","title":{"rendered":"Hasta las 13 horas de hoy se reciben postulaciones al fondo Codelco-Gobernaci\u00f3n"},"content":{"rendered":"<figure id=\"attachment_19492\" aria-describedby=\"caption-attachment-19492\" style=\"width: 300px\" class=\"wp-caption alignleft\"><a href=\"http:\/\/www.eltrabajo.cl\/portal\/2012\/06\/hasta-las-13-horas-de-hoy-se-reciben-postulaciones-al-fondo-codelco-gobernacion\/andres-contador-1\/\" rel=\"attachment wp-att-19492\"><img data-recalc-dims=\"1\" loading=\"lazy\" decoding=\"async\" class=\"size-medium wp-image-19492\" title=\"andres contador (1)\" src=\"https:\/\/i0.wp.com\/www.eltrabajo.cl\/portal\/wp-content\/uploads\/2012\/06\/andres-contador-1-300x220.jpg?resize=300%2C220\" alt=\"\" width=\"300\" height=\"220\" srcset=\"https:\/\/i0.wp.com\/eltrabajo.cl\/portal\/wp-content\/uploads\/2012\/06\/andres-contador-1.jpg?resize=300%2C220&amp;ssl=1 300w, https:\/\/i0.wp.com\/eltrabajo.cl\/portal\/wp-content\/uploads\/2012\/06\/andres-contador-1.jpg?resize=200%2C147&amp;ssl=1 200w, https:\/\/i0.wp.com\/eltrabajo.cl\/portal\/wp-content\/uploads\/2012\/06\/andres-contador-1.jpg?resize=150%2C110&amp;ssl=1 150w, https:\/\/i0.wp.com\/eltrabajo.cl\/portal\/wp-content\/uploads\/2012\/06\/andres-contador-1.jpg?resize=400%2C294&amp;ssl=1 400w, https:\/\/i0.wp.com\/eltrabajo.cl\/portal\/wp-content\/uploads\/2012\/06\/andres-contador-1.jpg?w=600&amp;ssl=1 600w\" sizes=\"auto, (max-width: 300px) 100vw, 300px\" \/><\/a><figcaption id=\"caption-attachment-19492\" class=\"wp-caption-text\">Andr\u00e9s Contador se\u00f1al\u00f3 que hasta las 13 horas se reciben los proyectos.<\/figcaption><\/figure>\n<p>Este viernes cierra el proceso de postulaci\u00f3n a los fondos Codelco-Gobernaci\u00f3n San Felipe, una iniciativa destinada a potenciar a las organizaciones sociales de la provincia.<\/p>\n<p>El proceso cierra a las 13 horas de este viernes, d\u00eda en que se espera que sean varias las organizaciones que lleguen a dejar sus proyectos, tal como ha ocurrido estos \u00faltimos d\u00edas.<\/p>\n<p>\u201cLos d\u00edas mi\u00e9rcoles y jueves el flujo ha sido bastante elevado, muchas personas, de hecho ha habido filas, pero hemos logrado superar el trance con m\u00e1s funcionarios que han estado apoy\u00e1ndonos en la recepci\u00f3n de proyectos\u201d, se\u00f1al\u00f3 Andr\u00e9s Contador, encargado de proyectos de la Gobernaci\u00f3n.<\/p>\n<p>Este fondo est\u00e1 destinado a clubes deportivos, de adultos mayores, juntas de vecinos, mayoritariamente, organizaciones que han presentado proyectos de equipamientos principalmente.<\/p>\n<p>\u201cSe han recibido m\u00e1s de 100 proyectos, ma\u00f1ana (hoy) esperamos una cantidad igual o superior, yo creo que se van a superar las 250 fichas de proyectos ingresadas en la Gobernaci\u00f3n\u201d, dijo el encargado.<\/p>\n<p>Desde que comenz\u00f3 el proceso de postulaci\u00f3n al fondo, las organizaciones retiraron cerca de 300 bases a las que se suman las que se retiraban en las uniones comunales, lo que da cuenta del gran inter\u00e9s de las organizaciones en participar en este tipo de fondo, que entrega recursos, principalmente para comprar equipamiento.<\/p>\n<p>Sin embargo a pesar del gran inter\u00e9s, muchas de estas organizaciones no son elegidas entre las ganadoras, debido a que presentan ciertas observaciones en los documentos que entregan.<\/p>\n<p>\u201cHabitualmente fallan en el c\u00e1lculo del porcentaje del 10% que tienen que calcular en funci\u00f3n del total del proyecto, o alg\u00fan papel, alg\u00fan carn\u00e9, personalidad jur\u00eddica les falta o cartas de aporte, a veces se complican en esa parte\u201d, dijo Contador.<\/p>\n<p>De todas maneras Codelco se encarg\u00f3 de ayudar a los postulantes, inform\u00e1ndoles en detalle cuales eran los documentos que necesitaban presentar.<\/p>\n<p>Asimismo los proyectos ganadores alcanzan a un 30% de todos los que se presentan al fondo, un aspecto que depende de la cantidad de dinero que haya disponible para el fondo, que este a\u00f1o llega a los 35 millones para la provincia, y del jurado que seleccione a los ganadores.<\/p>\n<p>\u201cComo tope 500 mil pesos (para cada organizaci\u00f3n), no todos postulan a los 500 mil pesos, pero b\u00e1sicamente hay gente que postula a 300 en promedio\u201d, dijo el encargado.<\/p>\n","protected":false},"excerpt":{"rendered":"<p>Este viernes cierra el proceso de postulaci\u00f3n a los fondos Codelco-Gobernaci\u00f3n San Felipe, una iniciativa destinada a potenciar a las organizaciones sociales de la provincia. El proceso cierra a las 13 horas&#8230;<\/p>\n","protected":false},"author":482,"featured_media":19492,"comment_status":"open","ping_status":"closed","sticky":false,"template":"","format":"standard","meta":{"advanced_seo_description":"","jetpack_seo_html_title":"","jetpack_seo_noindex":false,"_jetpack_memberships_contains_paid_content":false,"footnotes":""},"categories":[1],"tags":[],"class_list":["post-19491","post","type-post","status-publish","format-standard","has-post-thumbnail","hentry","category-cronica"],"jetpack_featured_media_url":"https:\/\/i0.wp.com\/eltrabajo.cl\/portal\/wp-content\/uploads\/2012\/06\/andres-contador-1.jpg?fit=600%2C441&ssl=1","jetpack_sharing_enabled":true,"jetpack_likes_enabled":true,"jetpack-related-posts":[],"_links":{"self":[{"href":"https:\/\/eltrabajo.cl\/portal\/wp-json\/wp\/v2\/posts\/19491","targetHints":{"allow":["GET"]}}],"collection":[{"href":"https:\/\/eltrabajo.cl\/portal\/wp-json\/wp\/v2\/posts"}],"about":[{"href":"https:\/\/eltrabajo.cl\/portal\/wp-json\/wp\/v2\/types\/post"}],"author":[{"embeddable":true,"href":"https:\/\/eltrabajo.cl\/portal\/wp-json\/wp\/v2\/users\/482"}],"replies":[{"embeddable":true,"href":"https:\/\/eltrabajo.cl\/portal\/wp-json\/wp\/v2\/comments?post=19491"}],"version-history":[{"count":0,"href":"https:\/\/eltrabajo.cl\/portal\/wp-json\/wp\/v2\/posts\/19491\/revisions"}],"wp:featuredmedia":[{"embeddable":true,"href":"https:\/\/eltrabajo.cl\/portal\/wp-json\/wp\/v2\/media\/19492"}],"wp:attachment":[{"href":"https:\/\/eltrabajo.cl\/portal\/wp-json\/wp\/v2\/media?parent=19491"}],"wp:term":[{"taxonomy":"category","embeddable":true,"href":"https:\/\/eltrabajo.cl\/portal\/wp-json\/wp\/v2\/categories?post=19491"},{"taxonomy":"post_tag","embeddable":true,"href":"https:\/\/eltrabajo.cl\/portal\/wp-json\/wp\/v2\/tags?post=19491"}],"curies":[{"name":"wp","href":"https:\/\/api.w.org\/{rel}","templated":true}]}}