{"id":19500,"date":"2012-06-15T10:13:32","date_gmt":"2012-06-15T14:13:32","guid":{"rendered":"http:\/\/www.eltrabajo.cl\/portal\/?p=19500"},"modified":"2012-06-15T10:13:32","modified_gmt":"2012-06-15T14:13:32","slug":"con-escopeta-hechiza-delincuente-transitaba-por-centro-de-san-felipe","status":"publish","type":"post","link":"https:\/\/eltrabajo.cl\/portal\/con-escopeta-hechiza-delincuente-transitaba-por-centro-de-san-felipe\/","title":{"rendered":"Con escopeta hechiza delincuente transitaba por centro de San Felipe"},"content":{"rendered":"<figure id=\"attachment_19501\" aria-describedby=\"caption-attachment-19501\" style=\"width: 600px\" class=\"wp-caption alignnone\"><a href=\"http:\/\/www.eltrabajo.cl\/portal\/2012\/06\/con-escopeta-hechiza-delincuente-transitaba-por-centro-de-san-felipe\/escopeta-hechiza\/\" rel=\"attachment wp-att-19501\"><img data-recalc-dims=\"1\" loading=\"lazy\" decoding=\"async\" class=\"size-full wp-image-19501\" title=\"Escopeta Hechiza\" src=\"https:\/\/i0.wp.com\/www.eltrabajo.cl\/portal\/wp-content\/uploads\/2012\/06\/Escopeta-Hechiza.jpg?resize=600%2C450\" alt=\"\" width=\"600\" height=\"450\" srcset=\"https:\/\/i0.wp.com\/eltrabajo.cl\/portal\/wp-content\/uploads\/2012\/06\/Escopeta-Hechiza.jpg?w=600&amp;ssl=1 600w, https:\/\/i0.wp.com\/eltrabajo.cl\/portal\/wp-content\/uploads\/2012\/06\/Escopeta-Hechiza.jpg?resize=200%2C150&amp;ssl=1 200w, https:\/\/i0.wp.com\/eltrabajo.cl\/portal\/wp-content\/uploads\/2012\/06\/Escopeta-Hechiza.jpg?resize=300%2C225&amp;ssl=1 300w, https:\/\/i0.wp.com\/eltrabajo.cl\/portal\/wp-content\/uploads\/2012\/06\/Escopeta-Hechiza.jpg?resize=150%2C112&amp;ssl=1 150w, https:\/\/i0.wp.com\/eltrabajo.cl\/portal\/wp-content\/uploads\/2012\/06\/Escopeta-Hechiza.jpg?resize=400%2C300&amp;ssl=1 400w\" sizes=\"auto, (max-width: 600px) 100vw, 600px\" \/><\/a><figcaption id=\"caption-attachment-19501\" class=\"wp-caption-text\">El imputado transitaba por el centro de San Felipe con este armamento, siendo capturado por Carabineros y cometido a control de detenci\u00f3n para ser formalizado.<\/figcaption><\/figure>\n<p>Pablo Salinas Sald\u00edas &#8211; <a href=\"mailto:psalinas@eltrabajo.cl\">psalinas@eltrabajo.cl<\/a><\/p>\n<p>Al mediod\u00eda de ayer jueves Carabineros de San Felipe detuvo a un sujeto de 43 a\u00f1os de edad que portaba una escopeta artesanal de 40 cent\u00edmetros y 5 cartuchos sin percutir ocultos en una mochila, siendo capturado cuando transitaba por calle Prat esquina Traslavi\u00f1a de esta comuna.<\/p>\n<p>Seg\u00fan el reporte policial, Felipe Flavio D.C., domiciliado en la poblaci\u00f3n Nueva Algarrobal de San Felipe, transitaba por dicha arteria y tras advertir la presencia policial demostr\u00f3 nerviosismo, comenzando sorpresivamente a correr por calle Prat en direcci\u00f3n al oriente, siendo interceptado por Carabineros quienes le realizaron un control de identidad.<\/p>\n<p>Asimismo, se pudo comprobar que el sujeto manten\u00eda en su poder una mochila marca Xtreme en cuyo interior se encontraba la escopeta y un tubo de 20 cent\u00edmetros cubierta con una cinta adhesiva de color negro, adem\u00e1s de cinco cartuchos calibre 16 marca Nobel Sport sin percutir, siendo detenido y trasladado hasta la Unidad Policial.<\/p>\n<p>Seg\u00fan se pudo conocer, el sujeto mantiene una orden de detenci\u00f3n vigente por el delito de hurto, adem\u00e1s posee antecedentes penales como robos con fuerza, hurtos, portador de coca\u00edna y amenazas a Carabineros, entre otros, por lo que ser\u00e1 derivado el d\u00eda de hoy hasta el Juzgado de Garant\u00eda de San Felipe para ser sometido a control de detenci\u00f3n.<\/p>\n","protected":false},"excerpt":{"rendered":"<p>Pablo Salinas Sald\u00edas &#8211; psalinas@eltrabajo.cl Al mediod\u00eda de ayer jueves Carabineros de San Felipe detuvo a un sujeto de 43 a\u00f1os de edad que portaba una escopeta artesanal de 40 cent\u00edmetros y&#8230;<\/p>\n","protected":false},"author":482,"featured_media":19501,"comment_status":"open","ping_status":"closed","sticky":false,"template":"","format":"standard","meta":{"advanced_seo_description":"","jetpack_seo_html_title":"","jetpack_seo_noindex":false,"_jetpack_memberships_contains_paid_content":false,"footnotes":""},"categories":[21],"tags":[],"class_list":["post-19500","post","type-post","status-publish","format-standard","has-post-thumbnail","hentry","category-policial"],"jetpack_featured_media_url":"https:\/\/i0.wp.com\/eltrabajo.cl\/portal\/wp-content\/uploads\/2012\/06\/Escopeta-Hechiza.jpg?fit=600%2C450&ssl=1","jetpack_sharing_enabled":true,"jetpack_likes_enabled":true,"jetpack-related-posts":[],"_links":{"self":[{"href":"https:\/\/eltrabajo.cl\/portal\/wp-json\/wp\/v2\/posts\/19500","targetHints":{"allow":["GET"]}}],"collection":[{"href":"https:\/\/eltrabajo.cl\/portal\/wp-json\/wp\/v2\/posts"}],"about":[{"href":"https:\/\/eltrabajo.cl\/portal\/wp-json\/wp\/v2\/types\/post"}],"author":[{"embeddable":true,"href":"https:\/\/eltrabajo.cl\/portal\/wp-json\/wp\/v2\/users\/482"}],"replies":[{"embeddable":true,"href":"https:\/\/eltrabajo.cl\/portal\/wp-json\/wp\/v2\/comments?post=19500"}],"version-history":[{"count":0,"href":"https:\/\/eltrabajo.cl\/portal\/wp-json\/wp\/v2\/posts\/19500\/revisions"}],"wp:featuredmedia":[{"embeddable":true,"href":"https:\/\/eltrabajo.cl\/portal\/wp-json\/wp\/v2\/media\/19501"}],"wp:attachment":[{"href":"https:\/\/eltrabajo.cl\/portal\/wp-json\/wp\/v2\/media?parent=19500"}],"wp:term":[{"taxonomy":"category","embeddable":true,"href":"https:\/\/eltrabajo.cl\/portal\/wp-json\/wp\/v2\/categories?post=19500"},{"taxonomy":"post_tag","embeddable":true,"href":"https:\/\/eltrabajo.cl\/portal\/wp-json\/wp\/v2\/tags?post=19500"}],"curies":[{"name":"wp","href":"https:\/\/api.w.org\/{rel}","templated":true}]}}