{"id":19506,"date":"2012-06-18T09:52:24","date_gmt":"2012-06-18T13:52:24","guid":{"rendered":"http:\/\/www.eltrabajo.cl\/portal\/?p=19506"},"modified":"2012-06-18T09:52:24","modified_gmt":"2012-06-18T13:52:24","slug":"abejitas-en-escuela-de-bellavista-llevan-15-anos-produciendo-miel","status":"publish","type":"post","link":"https:\/\/eltrabajo.cl\/portal\/abejitas-en-escuela-de-bellavista-llevan-15-anos-produciendo-miel\/","title":{"rendered":"Abejitas en escuela de Bellavista llevan 15 a\u00f1os produciendo miel"},"content":{"rendered":"<figure id=\"attachment_19507\" aria-describedby=\"caption-attachment-19507\" style=\"width: 600px\" class=\"wp-caption alignnone\"><a href=\"http:\/\/www.eltrabajo.cl\/portal\/2012\/06\/abejitas-en-escuela-de-bellavista-llevan-15-anos-produciendo-miel\/abejas11\/\" rel=\"attachment wp-att-19507\"><img data-recalc-dims=\"1\" loading=\"lazy\" decoding=\"async\" class=\"size-full wp-image-19507\" title=\"Abejas11\" src=\"https:\/\/i0.wp.com\/www.eltrabajo.cl\/portal\/wp-content\/uploads\/2012\/06\/Abejas11.jpg?resize=600%2C411\" alt=\"\" width=\"600\" height=\"411\" srcset=\"https:\/\/i0.wp.com\/eltrabajo.cl\/portal\/wp-content\/uploads\/2012\/06\/Abejas11.jpg?w=600&amp;ssl=1 600w, https:\/\/i0.wp.com\/eltrabajo.cl\/portal\/wp-content\/uploads\/2012\/06\/Abejas11.jpg?resize=200%2C137&amp;ssl=1 200w, https:\/\/i0.wp.com\/eltrabajo.cl\/portal\/wp-content\/uploads\/2012\/06\/Abejas11.jpg?resize=300%2C205&amp;ssl=1 300w, https:\/\/i0.wp.com\/eltrabajo.cl\/portal\/wp-content\/uploads\/2012\/06\/Abejas11.jpg?resize=150%2C102&amp;ssl=1 150w, https:\/\/i0.wp.com\/eltrabajo.cl\/portal\/wp-content\/uploads\/2012\/06\/Abejas11.jpg?resize=400%2C274&amp;ssl=1 400w\" sizes=\"auto, (max-width: 600px) 100vw, 600px\" \/><\/a><figcaption id=\"caption-attachment-19507\" class=\"wp-caption-text\">Con ahumadores y trajes especiales de protecci\u00f3n, el Profesor Patricio Vega explica a sus estudiantes c\u00f3mo funciona el mundo de las abejas y sus debidos cuidados para atenderlas.<\/figcaption><\/figure>\n<p>Roberto Gonz\u00e1lez Short &#8211; <a href=\"mailto:rgonzalez@eltrabajo.cl\">rgonzalez@eltrabajo.cl<\/a><\/p>\n<p>Toda una dulce aventura experimental viven al interior del Centro Educativo Carolina Ocampo sus estudiantes de 5\u00ba y 6\u00ba B\u00e1sico, pues gracias al Programa de Mejoramiento Educativo al que postularon y ganaron en 1997, ellos sostienen hasta el d\u00eda de hoy el Taller de Apicultura, en donde aprovechan un buen aprendizaje y tambi\u00e9n la miel de sus abejas.<\/p>\n<figure id=\"attachment_19508\" aria-describedby=\"caption-attachment-19508\" style=\"width: 300px\" class=\"wp-caption alignright\"><a href=\"http:\/\/www.eltrabajo.cl\/portal\/2012\/06\/abejitas-en-escuela-de-bellavista-llevan-15-anos-produciendo-miel\/todos1-4\/\" rel=\"attachment wp-att-19508\"><img data-recalc-dims=\"1\" loading=\"lazy\" decoding=\"async\" class=\"size-medium wp-image-19508\" title=\"Todos1\" src=\"https:\/\/i0.wp.com\/www.eltrabajo.cl\/portal\/wp-content\/uploads\/2012\/06\/Todos1-300x203.jpg?resize=300%2C203\" alt=\"\" width=\"300\" height=\"203\" srcset=\"https:\/\/i0.wp.com\/eltrabajo.cl\/portal\/wp-content\/uploads\/2012\/06\/Todos1.jpg?resize=300%2C203&amp;ssl=1 300w, https:\/\/i0.wp.com\/eltrabajo.cl\/portal\/wp-content\/uploads\/2012\/06\/Todos1.jpg?resize=200%2C135&amp;ssl=1 200w, https:\/\/i0.wp.com\/eltrabajo.cl\/portal\/wp-content\/uploads\/2012\/06\/Todos1.jpg?resize=150%2C101&amp;ssl=1 150w, https:\/\/i0.wp.com\/eltrabajo.cl\/portal\/wp-content\/uploads\/2012\/06\/Todos1.jpg?resize=400%2C270&amp;ssl=1 400w, https:\/\/i0.wp.com\/eltrabajo.cl\/portal\/wp-content\/uploads\/2012\/06\/Todos1.jpg?w=600&amp;ssl=1 600w\" sizes=\"auto, (max-width: 300px) 100vw, 300px\" \/><\/a><figcaption id=\"caption-attachment-19508\" class=\"wp-caption-text\">Ellos son todos los involucrados en este Taller de Apicultura, mismo que funciona desde 1997 en la Escuela Carolina Ocampo de Bellavista.<\/figcaption><\/figure>\n<p>\u201cAunque me convert\u00ed en profesor en 1973, asum\u00ed la Direcci\u00f3n de esta escuela en 1997 y nunca antes hab\u00eda visto en mis estudiantes tanto entusiasmo con un proyecto, que como el que veo en estos peque\u00f1os por sus abejas\u201d, argument\u00f3 a Diario El Trabajo el Director de dicho centro educativo, Profesor Juan Lobos Araya.<\/p>\n<p>\u201cCon este taller triple hemos logrado trabajar muchas habilidades con los estudiantes en lo referente al Ajedrez, M\u00fasica y Apicultura, pero en lo referente a las abejas, puedo decir que gracias a las mismas puedo reforzar contenidos de la Prueba Simce de los chicos\u201d, refiri\u00f3 Patricio Vega, Profesor de Ense\u00f1anza Tecnol\u00f3gica.<\/p>\n<p>Inmersos en la Apicultura, los estudiantes de la Carolina Ocampo han logrado ampliar sus conocimientos en Biolog\u00eda y conocer sobre la polinizaci\u00f3n, producci\u00f3n de frutales y miel y casi todo lo relacionado con el accionar de las inquietas abejitas, como el debido control de bacterias y virus que atacan a estos insectos sociales. Esta escuela cuenta con 68 estudiantes desde prekinder hasta 6\u00ba B\u00e1sico y ocho profesores. Fue fundada el martes 5 de septiembre de 1972.<\/p>\n","protected":false},"excerpt":{"rendered":"<p>Roberto Gonz\u00e1lez Short &#8211; rgonzalez@eltrabajo.cl Toda una dulce aventura experimental viven al interior del Centro Educativo Carolina Ocampo sus estudiantes de 5\u00ba y 6\u00ba B\u00e1sico, pues gracias al Programa de Mejoramiento Educativo&#8230;<\/p>\n","protected":false},"author":482,"featured_media":19507,"comment_status":"open","ping_status":"closed","sticky":false,"template":"","format":"standard","meta":{"advanced_seo_description":"","jetpack_seo_html_title":"","jetpack_seo_noindex":false,"_jetpack_memberships_contains_paid_content":false,"footnotes":""},"categories":[1],"tags":[],"class_list":["post-19506","post","type-post","status-publish","format-standard","has-post-thumbnail","hentry","category-cronica"],"jetpack_featured_media_url":"https:\/\/i0.wp.com\/eltrabajo.cl\/portal\/wp-content\/uploads\/2012\/06\/Abejas11.jpg?fit=600%2C411&ssl=1","jetpack_sharing_enabled":true,"jetpack_likes_enabled":true,"jetpack-related-posts":[],"_links":{"self":[{"href":"https:\/\/eltrabajo.cl\/portal\/wp-json\/wp\/v2\/posts\/19506","targetHints":{"allow":["GET"]}}],"collection":[{"href":"https:\/\/eltrabajo.cl\/portal\/wp-json\/wp\/v2\/posts"}],"about":[{"href":"https:\/\/eltrabajo.cl\/portal\/wp-json\/wp\/v2\/types\/post"}],"author":[{"embeddable":true,"href":"https:\/\/eltrabajo.cl\/portal\/wp-json\/wp\/v2\/users\/482"}],"replies":[{"embeddable":true,"href":"https:\/\/eltrabajo.cl\/portal\/wp-json\/wp\/v2\/comments?post=19506"}],"version-history":[{"count":0,"href":"https:\/\/eltrabajo.cl\/portal\/wp-json\/wp\/v2\/posts\/19506\/revisions"}],"wp:featuredmedia":[{"embeddable":true,"href":"https:\/\/eltrabajo.cl\/portal\/wp-json\/wp\/v2\/media\/19507"}],"wp:attachment":[{"href":"https:\/\/eltrabajo.cl\/portal\/wp-json\/wp\/v2\/media?parent=19506"}],"wp:term":[{"taxonomy":"category","embeddable":true,"href":"https:\/\/eltrabajo.cl\/portal\/wp-json\/wp\/v2\/categories?post=19506"},{"taxonomy":"post_tag","embeddable":true,"href":"https:\/\/eltrabajo.cl\/portal\/wp-json\/wp\/v2\/tags?post=19506"}],"curies":[{"name":"wp","href":"https:\/\/api.w.org\/{rel}","templated":true}]}}