{"id":19511,"date":"2012-06-18T10:01:10","date_gmt":"2012-06-18T14:01:10","guid":{"rendered":"http:\/\/www.eltrabajo.cl\/portal\/?p=19511"},"modified":"2012-06-18T10:17:51","modified_gmt":"2012-06-18T14:17:51","slug":"con-desfile-y-ofrendas-florales-san-antonio-de-padua-fue-honrado-en-su-dia","status":"publish","type":"post","link":"https:\/\/eltrabajo.cl\/portal\/con-desfile-y-ofrendas-florales-san-antonio-de-padua-fue-honrado-en-su-dia\/","title":{"rendered":"Con desfile y ofrendas florales, San Antonio de Padua fue honrado en su d\u00eda"},"content":{"rendered":"<p>&nbsp;<\/p>\n<figure id=\"attachment_19517\" aria-describedby=\"caption-attachment-19517\" style=\"width: 600px\" class=\"wp-caption alignnone\"><a href=\"http:\/\/www.eltrabajo.cl\/portal\/2012\/06\/con-desfile-y-ofrendas-florales-san-antonio-de-padua-fue-honrado-en-su-dia\/desfile1\/\" rel=\"attachment wp-att-19517\"><img data-recalc-dims=\"1\" loading=\"lazy\" decoding=\"async\" class=\"size-full wp-image-19517\" title=\"Desfile1\" src=\"https:\/\/i0.wp.com\/www.eltrabajo.cl\/portal\/wp-content\/uploads\/2012\/06\/Desfile1.jpg?resize=600%2C417\" alt=\"\" width=\"600\" height=\"417\" srcset=\"https:\/\/i0.wp.com\/eltrabajo.cl\/portal\/wp-content\/uploads\/2012\/06\/Desfile1.jpg?w=600&amp;ssl=1 600w, https:\/\/i0.wp.com\/eltrabajo.cl\/portal\/wp-content\/uploads\/2012\/06\/Desfile1.jpg?resize=200%2C139&amp;ssl=1 200w, https:\/\/i0.wp.com\/eltrabajo.cl\/portal\/wp-content\/uploads\/2012\/06\/Desfile1.jpg?resize=300%2C208&amp;ssl=1 300w, https:\/\/i0.wp.com\/eltrabajo.cl\/portal\/wp-content\/uploads\/2012\/06\/Desfile1.jpg?resize=150%2C104&amp;ssl=1 150w, https:\/\/i0.wp.com\/eltrabajo.cl\/portal\/wp-content\/uploads\/2012\/06\/Desfile1.jpg?resize=400%2C278&amp;ssl=1 400w\" sizes=\"auto, (max-width: 600px) 100vw, 600px\" \/><\/a><figcaption id=\"caption-attachment-19517\" class=\"wp-caption-text\">Peques y grandes desfilaron alegremente por las calles de Putaendo en honor a su Santo Patrono.<\/figcaption><\/figure>\n<p><strong>PUTAENDO.-<\/strong> Con la presencia de las autoridades comunales encabezadas por el Alcalde Reyes; el Concejo Municipal; el Jefe de Carabineros y dirigentes sociales, se realiz\u00f3 el tradicional desfile que contempl\u00f3 una breve intervenci\u00f3n del presb\u00edtero Pedro Salinas, quien record\u00f3 la gran obra del doctor de la iglesia universal, San Antonio de Padua, santo patrono y protector de la Villa San Antonio de la Uni\u00f3n de Putaendo, patrono de la parroquia y del hospital, donde record\u00f3 adem\u00e1s, que una de las primeras poblaciones construidas en Putaendo tambi\u00e9n lleva su nombre, destacando c\u00f3mo San Antonio de Padua fuera uno de los m\u00e1s grandes maestros de su tiempo, donde reci\u00e9n el 13 de junio pasado se conmemoraron 781 a\u00f1os de su temprana muerte, a la edad de 36 a\u00f1os en la ciudad de Padua, Italia.<\/p>\n<p>Posteriormente, el Concejo Municipal en pleno, deposit\u00f3 una ofenda floral a los pies de la imagen de San Antonio de Padua, donde posteriormente se dio inicio al desfile c\u00edvico que cont\u00f3 con la presencia de la Banda del Regimiento Reforzado N\u00ba3 Yungay, la banda del Departamento de Educaci\u00f3n Municipal, donde desfilaron las autoridades, establecimientos educacionales, clubes de Adulto Mayor, las comunidades religiosas, jardines infantiles y un sin numero de instituciones que quisieron rendir homenaje al santo patrono, donde destacaron tambi\u00e9n el transporte menor de pasajeros, los furgones escolares y los infaltables huasos de la comuna.<\/p>\n<p>Patricio Gallardo.<\/p>\n","protected":false},"excerpt":{"rendered":"<p>&nbsp; PUTAENDO.- Con la presencia de las autoridades comunales encabezadas por el Alcalde Reyes; el Concejo Municipal; el Jefe de Carabineros y dirigentes sociales, se realiz\u00f3 el tradicional desfile que contempl\u00f3 una&#8230;<\/p>\n","protected":false},"author":482,"featured_media":19517,"comment_status":"open","ping_status":"closed","sticky":false,"template":"","format":"standard","meta":{"advanced_seo_description":"","jetpack_seo_html_title":"","jetpack_seo_noindex":false,"_jetpack_memberships_contains_paid_content":false,"footnotes":""},"categories":[15],"tags":[],"class_list":["post-19511","post","type-post","status-publish","format-standard","has-post-thumbnail","hentry","category-comunidad"],"jetpack_featured_media_url":"https:\/\/i0.wp.com\/eltrabajo.cl\/portal\/wp-content\/uploads\/2012\/06\/Desfile1.jpg?fit=600%2C417&ssl=1","jetpack_sharing_enabled":true,"jetpack_likes_enabled":true,"jetpack-related-posts":[],"_links":{"self":[{"href":"https:\/\/eltrabajo.cl\/portal\/wp-json\/wp\/v2\/posts\/19511","targetHints":{"allow":["GET"]}}],"collection":[{"href":"https:\/\/eltrabajo.cl\/portal\/wp-json\/wp\/v2\/posts"}],"about":[{"href":"https:\/\/eltrabajo.cl\/portal\/wp-json\/wp\/v2\/types\/post"}],"author":[{"embeddable":true,"href":"https:\/\/eltrabajo.cl\/portal\/wp-json\/wp\/v2\/users\/482"}],"replies":[{"embeddable":true,"href":"https:\/\/eltrabajo.cl\/portal\/wp-json\/wp\/v2\/comments?post=19511"}],"version-history":[{"count":0,"href":"https:\/\/eltrabajo.cl\/portal\/wp-json\/wp\/v2\/posts\/19511\/revisions"}],"wp:featuredmedia":[{"embeddable":true,"href":"https:\/\/eltrabajo.cl\/portal\/wp-json\/wp\/v2\/media\/19517"}],"wp:attachment":[{"href":"https:\/\/eltrabajo.cl\/portal\/wp-json\/wp\/v2\/media?parent=19511"}],"wp:term":[{"taxonomy":"category","embeddable":true,"href":"https:\/\/eltrabajo.cl\/portal\/wp-json\/wp\/v2\/categories?post=19511"},{"taxonomy":"post_tag","embeddable":true,"href":"https:\/\/eltrabajo.cl\/portal\/wp-json\/wp\/v2\/tags?post=19511"}],"curies":[{"name":"wp","href":"https:\/\/api.w.org\/{rel}","templated":true}]}}