{"id":19523,"date":"2012-06-18T10:04:43","date_gmt":"2012-06-18T14:04:43","guid":{"rendered":"http:\/\/www.eltrabajo.cl\/portal\/?p=19523"},"modified":"2012-06-18T10:04:43","modified_gmt":"2012-06-18T14:04:43","slug":"andinos-han-%e2%80%98abrazado%e2%80%99-mas-de-100-arboles-con-programa-municipal","status":"publish","type":"post","link":"https:\/\/eltrabajo.cl\/portal\/andinos-han-%e2%80%98abrazado%e2%80%99-mas-de-100-arboles-con-programa-municipal\/","title":{"rendered":"Andinos han \u2018abrazado\u2019 m\u00e1s de 100 \u00e1rboles con programa municipal"},"content":{"rendered":"<p>&nbsp;<\/p>\n<figure id=\"attachment_19524\" aria-describedby=\"caption-attachment-19524\" style=\"width: 600px\" class=\"wp-caption alignnone\"><a href=\"http:\/\/www.eltrabajo.cl\/portal\/2012\/06\/andinos-han-%e2%80%98abrazado%e2%80%99-mas-de-100-arboles-con-programa-municipal\/arbolitos1-3\/\" rel=\"attachment wp-att-19524\"><img data-recalc-dims=\"1\" loading=\"lazy\" decoding=\"async\" class=\"size-full wp-image-19524\" title=\"Arbolitos1\" src=\"https:\/\/i0.wp.com\/www.eltrabajo.cl\/portal\/wp-content\/uploads\/2012\/06\/Arbolitos1.jpg?resize=600%2C427\" alt=\"\" width=\"600\" height=\"427\" srcset=\"https:\/\/i0.wp.com\/eltrabajo.cl\/portal\/wp-content\/uploads\/2012\/06\/Arbolitos1.jpg?w=600&amp;ssl=1 600w, https:\/\/i0.wp.com\/eltrabajo.cl\/portal\/wp-content\/uploads\/2012\/06\/Arbolitos1.jpg?resize=200%2C142&amp;ssl=1 200w, https:\/\/i0.wp.com\/eltrabajo.cl\/portal\/wp-content\/uploads\/2012\/06\/Arbolitos1.jpg?resize=300%2C213&amp;ssl=1 300w, https:\/\/i0.wp.com\/eltrabajo.cl\/portal\/wp-content\/uploads\/2012\/06\/Arbolitos1.jpg?resize=150%2C106&amp;ssl=1 150w, https:\/\/i0.wp.com\/eltrabajo.cl\/portal\/wp-content\/uploads\/2012\/06\/Arbolitos1.jpg?resize=400%2C284&amp;ssl=1 400w\" sizes=\"auto, (max-width: 600px) 100vw, 600px\" \/><\/a><figcaption id=\"caption-attachment-19524\" class=\"wp-caption-text\">Los peque\u00f1os participaron este s\u00e1bado en la siembra de \u00e1rboles en el marco del \u2018Programa Abraza un \u00e1rbol\u2019.<\/figcaption><\/figure>\n<p>M\u00e1s de 1.000 \u00e1rboles ha entregado la Municipalidad de Los Andes a trav\u00e9s del programa \u2018Abraza un \u00c1rbol\u2019, desarrollado por la Unidad Municipal de Sustentabilidad, gracias a un convenio suscrito por el Alcalde Mauricio Navarro y la Corporaci\u00f3n Nacional Forestal (CONAF). La entrega se realiz\u00f3 al medio d\u00eda de este s\u00e1bado en la poblaci\u00f3n V\u00eda Monte, con 50 \u00e1rboles, los cuales fueron recibidos por la junta de vecinos del sector, de manos del jefe comunal.<\/p>\n<p>Junto con los \u00e1rboles, el municipio entreg\u00f3 bolsas de Compost, que es un potente abono natural obtenido en el Punto Verde de Los Andes, a partir del reciclaje de residuos vegetales entregados por las mismas familias favorecidas.<\/p>\n<p>El programa \u2018Abraza Un \u00c1rbol\u2019 forma parte de la nueva pol\u00edtica de Gesti\u00f3n Ambiental, impulsada por el Alcalde Navarro, que tiene por objetivo el embellecimiento de las \u00e1reas verdes y los espacios p\u00fablicos de Los Andes. En total, el convenio entre el municipio y Conaf contempla un total de 8.000 nuevos \u00e1rboles para toda la comuna.<\/p>\n<p>Claudia Cepeda, encargada de la Unidad Municipal de Sustentabilidad, destac\u00f3 la labor que se est\u00e1 desarrollando al alero del Programa de Separaci\u00f3n de Residuos Domiciliarios (Rec\u00edclate).<\/p>\n<p>\u201cHemos entregado a la fecha, alrededor de 1.000 \u00e1rboles en este programa, tanto a juntas de vecinos, colegios e instituciones\u201d, indic\u00f3 la profesional.<\/p>\n<p>\u201cEs importante se\u00f1alar que el \u2018Programa Abraza un \u00c1rbol\u2019 se desarrolla gracias al trabajo conjunto del municipio con los vecinos, quienes se hacen responsables del cuidado y mantenimiento del \u00e1rbol que reciben\u201d, afirm\u00f3 Cepeda.<\/p>\n","protected":false},"excerpt":{"rendered":"<p>&nbsp; M\u00e1s de 1.000 \u00e1rboles ha entregado la Municipalidad de Los Andes a trav\u00e9s del programa \u2018Abraza un \u00c1rbol\u2019, desarrollado por la Unidad Municipal de Sustentabilidad, gracias a un convenio suscrito por&#8230;<\/p>\n","protected":false},"author":482,"featured_media":19524,"comment_status":"open","ping_status":"closed","sticky":false,"template":"","format":"standard","meta":{"advanced_seo_description":"","jetpack_seo_html_title":"","jetpack_seo_noindex":false,"_jetpack_memberships_contains_paid_content":false,"footnotes":""},"categories":[15],"tags":[],"class_list":["post-19523","post","type-post","status-publish","format-standard","has-post-thumbnail","hentry","category-comunidad"],"jetpack_featured_media_url":"https:\/\/i0.wp.com\/eltrabajo.cl\/portal\/wp-content\/uploads\/2012\/06\/Arbolitos1.jpg?fit=600%2C427&ssl=1","jetpack_sharing_enabled":true,"jetpack_likes_enabled":true,"jetpack-related-posts":[],"_links":{"self":[{"href":"https:\/\/eltrabajo.cl\/portal\/wp-json\/wp\/v2\/posts\/19523","targetHints":{"allow":["GET"]}}],"collection":[{"href":"https:\/\/eltrabajo.cl\/portal\/wp-json\/wp\/v2\/posts"}],"about":[{"href":"https:\/\/eltrabajo.cl\/portal\/wp-json\/wp\/v2\/types\/post"}],"author":[{"embeddable":true,"href":"https:\/\/eltrabajo.cl\/portal\/wp-json\/wp\/v2\/users\/482"}],"replies":[{"embeddable":true,"href":"https:\/\/eltrabajo.cl\/portal\/wp-json\/wp\/v2\/comments?post=19523"}],"version-history":[{"count":0,"href":"https:\/\/eltrabajo.cl\/portal\/wp-json\/wp\/v2\/posts\/19523\/revisions"}],"wp:featuredmedia":[{"embeddable":true,"href":"https:\/\/eltrabajo.cl\/portal\/wp-json\/wp\/v2\/media\/19524"}],"wp:attachment":[{"href":"https:\/\/eltrabajo.cl\/portal\/wp-json\/wp\/v2\/media?parent=19523"}],"wp:term":[{"taxonomy":"category","embeddable":true,"href":"https:\/\/eltrabajo.cl\/portal\/wp-json\/wp\/v2\/categories?post=19523"},{"taxonomy":"post_tag","embeddable":true,"href":"https:\/\/eltrabajo.cl\/portal\/wp-json\/wp\/v2\/tags?post=19523"}],"curies":[{"name":"wp","href":"https:\/\/api.w.org\/{rel}","templated":true}]}}