{"id":19527,"date":"2012-06-18T10:06:39","date_gmt":"2012-06-18T14:06:39","guid":{"rendered":"http:\/\/www.eltrabajo.cl\/portal\/?p=19527"},"modified":"2012-06-18T10:06:39","modified_gmt":"2012-06-18T14:06:39","slug":"entregan-equipamiento-deportivo-a-clubes-de-futbol-de-calle-larga","status":"publish","type":"post","link":"https:\/\/eltrabajo.cl\/portal\/entregan-equipamiento-deportivo-a-clubes-de-futbol-de-calle-larga\/","title":{"rendered":"Entregan equipamiento deportivo a clubes de f\u00fatbol de Calle Larga"},"content":{"rendered":"<figure id=\"attachment_19528\" aria-describedby=\"caption-attachment-19528\" style=\"width: 600px\" class=\"wp-caption alignnone\"><a href=\"http:\/\/www.eltrabajo.cl\/portal\/2012\/06\/entregan-equipamiento-deportivo-a-clubes-de-futbol-de-calle-larga\/uniformes1\/\" rel=\"attachment wp-att-19528\"><img data-recalc-dims=\"1\" loading=\"lazy\" decoding=\"async\" class=\"size-full wp-image-19528\" title=\"Uniformes1\" src=\"https:\/\/i0.wp.com\/www.eltrabajo.cl\/portal\/wp-content\/uploads\/2012\/06\/Uniformes1.jpg?resize=600%2C405\" alt=\"\" width=\"600\" height=\"405\" srcset=\"https:\/\/i0.wp.com\/eltrabajo.cl\/portal\/wp-content\/uploads\/2012\/06\/Uniformes1.jpg?w=600&amp;ssl=1 600w, https:\/\/i0.wp.com\/eltrabajo.cl\/portal\/wp-content\/uploads\/2012\/06\/Uniformes1.jpg?resize=200%2C135&amp;ssl=1 200w, https:\/\/i0.wp.com\/eltrabajo.cl\/portal\/wp-content\/uploads\/2012\/06\/Uniformes1.jpg?resize=300%2C202&amp;ssl=1 300w, https:\/\/i0.wp.com\/eltrabajo.cl\/portal\/wp-content\/uploads\/2012\/06\/Uniformes1.jpg?resize=150%2C101&amp;ssl=1 150w, https:\/\/i0.wp.com\/eltrabajo.cl\/portal\/wp-content\/uploads\/2012\/06\/Uniformes1.jpg?resize=400%2C270&amp;ssl=1 400w\" sizes=\"auto, (max-width: 600px) 100vw, 600px\" \/><\/a><figcaption id=\"caption-attachment-19528\" class=\"wp-caption-text\">Ahora si est\u00e1n completos todos estos clubes del balompi\u00e9 regional, pues con estos uniformes sus presentaciones ser\u00e1n m\u00e1s aplaudidas.<\/figcaption><\/figure>\n<p><strong>LOS ANDES.-<\/strong> Gracias al proyecto presentado por la Asociaci\u00f3n de F\u00fatbol de Calle Larga, a trav\u00e9s de la Municipalidad de Calle Larga, se hizo entrega de equipamiento deportivo a todos los clubes de f\u00fatbol de la comuna, la Selecci\u00f3n y la Escuela de F\u00fatbol.<\/p>\n<p>Este proyecto que tuvo un valor de 1.867.81 pesos, fue financiado por el Gobierno Regional y permitir\u00e1 a las agrupaciones, contar con nuevos equipamientos para participar en el Campeonato de F\u00fatbol de Calle Larga.<\/p>\n<p>La entrega de la implementaci\u00f3n se realiz\u00f3 en la sede de la Asociaci\u00f3n de F\u00fatbol, actividad en la que particip\u00f3 el Alcalde Nelson Venegas, el Concejal Luis Gormaz y el Encargado de Deportes del Municipalidad de Calle Larga, Pablo Santib\u00e1\u00f1ez. En el encuentro se agradeci\u00f3 la gesti\u00f3n realizada por el Consejero Regional Guillermo Hurtado, quien apoy\u00f3 activamente el proyecto.<\/p>\n","protected":false},"excerpt":{"rendered":"<p>LOS ANDES.- Gracias al proyecto presentado por la Asociaci\u00f3n de F\u00fatbol de Calle Larga, a trav\u00e9s de la Municipalidad de Calle Larga, se hizo entrega de equipamiento deportivo a todos los clubes&#8230;<\/p>\n","protected":false},"author":482,"featured_media":19528,"comment_status":"open","ping_status":"closed","sticky":false,"template":"","format":"standard","meta":{"advanced_seo_description":"","jetpack_seo_html_title":"","jetpack_seo_noindex":false,"_jetpack_memberships_contains_paid_content":false,"footnotes":""},"categories":[15],"tags":[],"class_list":["post-19527","post","type-post","status-publish","format-standard","has-post-thumbnail","hentry","category-comunidad"],"jetpack_featured_media_url":"https:\/\/i0.wp.com\/eltrabajo.cl\/portal\/wp-content\/uploads\/2012\/06\/Uniformes1.jpg?fit=600%2C405&ssl=1","jetpack_sharing_enabled":true,"jetpack_likes_enabled":true,"jetpack-related-posts":[],"_links":{"self":[{"href":"https:\/\/eltrabajo.cl\/portal\/wp-json\/wp\/v2\/posts\/19527","targetHints":{"allow":["GET"]}}],"collection":[{"href":"https:\/\/eltrabajo.cl\/portal\/wp-json\/wp\/v2\/posts"}],"about":[{"href":"https:\/\/eltrabajo.cl\/portal\/wp-json\/wp\/v2\/types\/post"}],"author":[{"embeddable":true,"href":"https:\/\/eltrabajo.cl\/portal\/wp-json\/wp\/v2\/users\/482"}],"replies":[{"embeddable":true,"href":"https:\/\/eltrabajo.cl\/portal\/wp-json\/wp\/v2\/comments?post=19527"}],"version-history":[{"count":0,"href":"https:\/\/eltrabajo.cl\/portal\/wp-json\/wp\/v2\/posts\/19527\/revisions"}],"wp:featuredmedia":[{"embeddable":true,"href":"https:\/\/eltrabajo.cl\/portal\/wp-json\/wp\/v2\/media\/19528"}],"wp:attachment":[{"href":"https:\/\/eltrabajo.cl\/portal\/wp-json\/wp\/v2\/media?parent=19527"}],"wp:term":[{"taxonomy":"category","embeddable":true,"href":"https:\/\/eltrabajo.cl\/portal\/wp-json\/wp\/v2\/categories?post=19527"},{"taxonomy":"post_tag","embeddable":true,"href":"https:\/\/eltrabajo.cl\/portal\/wp-json\/wp\/v2\/tags?post=19527"}],"curies":[{"name":"wp","href":"https:\/\/api.w.org\/{rel}","templated":true}]}}