{"id":19536,"date":"2012-06-18T10:12:57","date_gmt":"2012-06-18T14:12:57","guid":{"rendered":"http:\/\/www.eltrabajo.cl\/portal\/?p=19536"},"modified":"2012-06-18T10:13:03","modified_gmt":"2012-06-18T14:13:03","slug":"adultos-mayores-de-san-felipe-siguen-participando-en-actividades-del-centro-ayecan","status":"publish","type":"post","link":"https:\/\/eltrabajo.cl\/portal\/adultos-mayores-de-san-felipe-siguen-participando-en-actividades-del-centro-ayecan\/","title":{"rendered":"Adultos Mayores de San Felipe siguen participando en actividades del Centro Ayec\u00e1n"},"content":{"rendered":"<figure id=\"attachment_19537\" aria-describedby=\"caption-attachment-19537\" style=\"width: 300px\" class=\"wp-caption alignleft\"><a href=\"http:\/\/www.eltrabajo.cl\/portal\/2012\/06\/adultos-mayores-de-san-felipe-siguen-participando-en-actividades-del-centro-ayecan\/andrea-julio-2\/\" rel=\"attachment wp-att-19537\"><img data-recalc-dims=\"1\" loading=\"lazy\" decoding=\"async\" class=\"size-medium wp-image-19537\" title=\"Andrea Julio\" src=\"https:\/\/i0.wp.com\/www.eltrabajo.cl\/portal\/wp-content\/uploads\/2012\/06\/Andrea-Julio-300x296.jpg?resize=300%2C296\" alt=\"\" width=\"300\" height=\"296\" srcset=\"https:\/\/i0.wp.com\/eltrabajo.cl\/portal\/wp-content\/uploads\/2012\/06\/Andrea-Julio.jpg?resize=300%2C296&amp;ssl=1 300w, https:\/\/i0.wp.com\/eltrabajo.cl\/portal\/wp-content\/uploads\/2012\/06\/Andrea-Julio.jpg?resize=152%2C150&amp;ssl=1 152w, https:\/\/i0.wp.com\/eltrabajo.cl\/portal\/wp-content\/uploads\/2012\/06\/Andrea-Julio.jpg?resize=150%2C148&amp;ssl=1 150w, https:\/\/i0.wp.com\/eltrabajo.cl\/portal\/wp-content\/uploads\/2012\/06\/Andrea-Julio.jpg?resize=400%2C394&amp;ssl=1 400w, https:\/\/i0.wp.com\/eltrabajo.cl\/portal\/wp-content\/uploads\/2012\/06\/Andrea-Julio.jpg?w=600&amp;ssl=1 600w\" sizes=\"auto, (max-width: 300px) 100vw, 300px\" \/><\/a><figcaption id=\"caption-attachment-19537\" class=\"wp-caption-text\">Andrea Julio se\u00f1al\u00f3 que en lo que va del a\u00f1o, se han beneficiado alrededor de mil adultos mayores que asisten a distintas actividades del Ayec\u00e1n.<\/figcaption><\/figure>\n<p>M\u00e1s de treinta Talleres enfocados en los Adultos Mayores, se encuentra dictando el Centro Ayec\u00e1n. Eso ha significado que sea un importante n\u00famero de abuelos los que est\u00e1n participando en los Talleres, los que cumplieron los cupos disponibles. El gran inter\u00e9s de estas personas ha significado que durante el segundo semestre, se analice la posibilidad de ampliar la oferta program\u00e1tica, ya que los Adultos Mayores han respondido de una forma muy participativa.<\/p>\n<p>\u201cEstamos contentos con todo lo que es teatro, coro y guitarra, tenemos computaci\u00f3n copado en los dos niveles, educaci\u00f3n f\u00edsica es de lunes a viernes de 9:00 a 10:30 horas, todos los Talleres con m\u00e1s de 30 a 50 personas funcionando cada d\u00eda\u201d, se\u00f1al\u00f3 Andrea Julio, encargada del Centro Ayec\u00e1n en San Felipe. Eso significa, seg\u00fan Julio, que al mes se est\u00e1n beneficiando alrededor de 1.000 abuelitos, ya que los Talleres se dan tanto en la ma\u00f1ana como en la tarde y existen bastantes actividades extraprogram\u00e1ticas, donde ellos participan activamente.<\/p>\n<p><strong>DERECHOS VULNERADOS<\/strong><\/p>\n<p>Sin embargo, la realidad de los Adultos Mayores no tiene aspectos positivos ya que s\u00f3lo en San Felipe, se registra una importante cantidad de abuelos que sufren maltrato, situaciones que se han ido resolviendo en lo que va del a\u00f1o.<\/p>\n<p>\u201cA trav\u00e9s del Juzgado de Familia o de nuestro Departamento Social, que es el que est\u00e1 activamente trabajando con ellos, somos una alternativa para el Adulto Mayor para todos aquellos que de alguna se vean vulnerados en sus derechos\u201d, sostiene Julio.<\/p>\n<p>El trabajo que se realiza con estas personas de avanzada edad es muchas veces sacarlos de las familias e instalarlos en otro lugar, especialmente en hogares.<\/p>\n<p>\u201cEstamos hablando de que mensualmente nos llegar\u00e1n unos 15 casos fuertes y se resuelven, como municipio estamos preocupados de eso\u201d, explica Julio.<\/p>\n<p>Asimismo, la funcionaria se\u00f1al\u00f3 que luego de ganar un Proyecto, el segundo semestre trabajar\u00e1n con 112 Adultos Mayores postrados y con los abuelos que viven en las calles, a quienes se les aplicar\u00e1 especialmente un trabajo psicosocial.<\/p>\n","protected":false},"excerpt":{"rendered":"<p>M\u00e1s de treinta Talleres enfocados en los Adultos Mayores, se encuentra dictando el Centro Ayec\u00e1n. Eso ha significado que sea un importante n\u00famero de abuelos los que est\u00e1n participando en los Talleres,&#8230;<\/p>\n","protected":false},"author":482,"featured_media":19537,"comment_status":"open","ping_status":"closed","sticky":false,"template":"","format":"standard","meta":{"advanced_seo_description":"","jetpack_seo_html_title":"","jetpack_seo_noindex":false,"_jetpack_memberships_contains_paid_content":false,"footnotes":""},"categories":[15],"tags":[],"class_list":["post-19536","post","type-post","status-publish","format-standard","has-post-thumbnail","hentry","category-comunidad"],"jetpack_featured_media_url":"https:\/\/i0.wp.com\/eltrabajo.cl\/portal\/wp-content\/uploads\/2012\/06\/Andrea-Julio.jpg?fit=600%2C592&ssl=1","jetpack_sharing_enabled":true,"jetpack_likes_enabled":true,"jetpack-related-posts":[],"_links":{"self":[{"href":"https:\/\/eltrabajo.cl\/portal\/wp-json\/wp\/v2\/posts\/19536","targetHints":{"allow":["GET"]}}],"collection":[{"href":"https:\/\/eltrabajo.cl\/portal\/wp-json\/wp\/v2\/posts"}],"about":[{"href":"https:\/\/eltrabajo.cl\/portal\/wp-json\/wp\/v2\/types\/post"}],"author":[{"embeddable":true,"href":"https:\/\/eltrabajo.cl\/portal\/wp-json\/wp\/v2\/users\/482"}],"replies":[{"embeddable":true,"href":"https:\/\/eltrabajo.cl\/portal\/wp-json\/wp\/v2\/comments?post=19536"}],"version-history":[{"count":0,"href":"https:\/\/eltrabajo.cl\/portal\/wp-json\/wp\/v2\/posts\/19536\/revisions"}],"wp:featuredmedia":[{"embeddable":true,"href":"https:\/\/eltrabajo.cl\/portal\/wp-json\/wp\/v2\/media\/19537"}],"wp:attachment":[{"href":"https:\/\/eltrabajo.cl\/portal\/wp-json\/wp\/v2\/media?parent=19536"}],"wp:term":[{"taxonomy":"category","embeddable":true,"href":"https:\/\/eltrabajo.cl\/portal\/wp-json\/wp\/v2\/categories?post=19536"},{"taxonomy":"post_tag","embeddable":true,"href":"https:\/\/eltrabajo.cl\/portal\/wp-json\/wp\/v2\/tags?post=19536"}],"curies":[{"name":"wp","href":"https:\/\/api.w.org\/{rel}","templated":true}]}}