{"id":19549,"date":"2012-06-18T10:20:46","date_gmt":"2012-06-18T14:20:46","guid":{"rendered":"http:\/\/www.eltrabajo.cl\/portal\/?p=19549"},"modified":"2012-06-18T10:20:46","modified_gmt":"2012-06-18T14:20:46","slug":"dirigentes-sociales-recibieron-capacitacion-sobre-emergencias-y-plan-de-accion-%e2%80%98abc%e2%80%99","status":"publish","type":"post","link":"https:\/\/eltrabajo.cl\/portal\/dirigentes-sociales-recibieron-capacitacion-sobre-emergencias-y-plan-de-accion-%e2%80%98abc%e2%80%99\/","title":{"rendered":"Dirigentes sociales recibieron capacitaci\u00f3n sobre emergencias y plan de acci\u00f3n \u2018ABC\u2019"},"content":{"rendered":"<p>&nbsp;<\/p>\n<figure id=\"attachment_19550\" aria-describedby=\"caption-attachment-19550\" style=\"width: 600px\" class=\"wp-caption alignnone\"><a href=\"http:\/\/www.eltrabajo.cl\/portal\/2012\/06\/dirigentes-sociales-recibieron-capacitacion-sobre-emergencias-y-plan-de-accion-%e2%80%98abc%e2%80%99\/boffa1-2\/\" rel=\"attachment wp-att-19550\"><img data-recalc-dims=\"1\" loading=\"lazy\" decoding=\"async\" class=\"size-full wp-image-19550\" title=\"Boffa1\" src=\"https:\/\/i0.wp.com\/www.eltrabajo.cl\/portal\/wp-content\/uploads\/2012\/06\/Boffa1.jpg?resize=600%2C397\" alt=\"\" width=\"600\" height=\"397\" srcset=\"https:\/\/i0.wp.com\/eltrabajo.cl\/portal\/wp-content\/uploads\/2012\/06\/Boffa1.jpg?w=600&amp;ssl=1 600w, https:\/\/i0.wp.com\/eltrabajo.cl\/portal\/wp-content\/uploads\/2012\/06\/Boffa1.jpg?resize=200%2C132&amp;ssl=1 200w, https:\/\/i0.wp.com\/eltrabajo.cl\/portal\/wp-content\/uploads\/2012\/06\/Boffa1.jpg?resize=300%2C198&amp;ssl=1 300w, https:\/\/i0.wp.com\/eltrabajo.cl\/portal\/wp-content\/uploads\/2012\/06\/Boffa1.jpg?resize=150%2C99&amp;ssl=1 150w, https:\/\/i0.wp.com\/eltrabajo.cl\/portal\/wp-content\/uploads\/2012\/06\/Boffa1.jpg?resize=400%2C264&amp;ssl=1 400w\" sizes=\"auto, (max-width: 600px) 100vw, 600px\" \/><\/a><figcaption id=\"caption-attachment-19550\" class=\"wp-caption-text\">Estar preparados para todo, es la consigna adoptada por quienes participaron en esta capacitaci\u00f3n.<\/figcaption><\/figure>\n<p>Un total de 60 dirigentes de la provincia de San Felipe, participaron de una jornada de inducci\u00f3n de emergencia, inserto en el Programa Chile Seguro, denominado \u2018Planificaci\u00f3n Familiar. La actividad que se realiz\u00f3 en el sal\u00f3n del Club \u00c1rabe y cont\u00f3 con la exposici\u00f3n de la Gobernadora Provincial Patricia Boffa, quien hizo una detallada presentaci\u00f3n de las pol\u00edticas de emergencia, posteriormente estuvo Gast\u00f3n Hern\u00e1ndez, funcionario municipal, quien se refiri\u00f3 al Plan de Respuesta Temprana y la planificaci\u00f3n que debe tener la familia, para hacer frente a las emergencias.<\/p>\n<p>Ra\u00fal Astorga, funcionario de Emergencia de la Municipalidad de San Felipe y experto en prevenci\u00f3n de riegos, se refiri\u00f3 al Plan de Acci\u00f3n \u2018ABC\u2019, que tiene relaci\u00f3n al comportamiento de ambulancias, Bomberos y Carabineros, ante una determinada emergencia, la reuni\u00f3n finaliz\u00f3 con una presentaci\u00f3n a cargo de Jos\u00e9 Abumohor, Jefe de la Unidad de An\u00e1lisis y Estudios de la Onemi. Tras una serie de consultas efectuadas por los asistentes, se determin\u00f3 un plan de acci\u00f3n para enfrentar futuras emergencias.<\/p>\n<p>Esta capacitaci\u00f3n, que se inserta dentro del Plan Chile Seguro, tuvo como principal objetivo, capacitar a los dirigentes sociales y representantes de la sociedad civil, para hacer frente a las situaciones que se registran en el valle, tales como temblores, incendios, emergencias qu\u00edmicas u otras acciones de similar caracter\u00edsticas. Al t\u00e9rmino de la jornada, la Gobernadora Boffa, hizo entrega a cada uno de los asistentes de un certificado que acredita su participaci\u00f3n en esta jornada.<\/p>\n","protected":false},"excerpt":{"rendered":"<p>&nbsp; Un total de 60 dirigentes de la provincia de San Felipe, participaron de una jornada de inducci\u00f3n de emergencia, inserto en el Programa Chile Seguro, denominado \u2018Planificaci\u00f3n Familiar. La actividad que&#8230;<\/p>\n","protected":false},"author":482,"featured_media":19550,"comment_status":"open","ping_status":"closed","sticky":false,"template":"","format":"standard","meta":{"advanced_seo_description":"","jetpack_seo_html_title":"","jetpack_seo_noindex":false,"_jetpack_memberships_contains_paid_content":false,"footnotes":""},"categories":[1],"tags":[],"class_list":["post-19549","post","type-post","status-publish","format-standard","has-post-thumbnail","hentry","category-cronica"],"jetpack_featured_media_url":"https:\/\/i0.wp.com\/eltrabajo.cl\/portal\/wp-content\/uploads\/2012\/06\/Boffa1.jpg?fit=600%2C397&ssl=1","jetpack_sharing_enabled":true,"jetpack_likes_enabled":true,"jetpack-related-posts":[],"_links":{"self":[{"href":"https:\/\/eltrabajo.cl\/portal\/wp-json\/wp\/v2\/posts\/19549","targetHints":{"allow":["GET"]}}],"collection":[{"href":"https:\/\/eltrabajo.cl\/portal\/wp-json\/wp\/v2\/posts"}],"about":[{"href":"https:\/\/eltrabajo.cl\/portal\/wp-json\/wp\/v2\/types\/post"}],"author":[{"embeddable":true,"href":"https:\/\/eltrabajo.cl\/portal\/wp-json\/wp\/v2\/users\/482"}],"replies":[{"embeddable":true,"href":"https:\/\/eltrabajo.cl\/portal\/wp-json\/wp\/v2\/comments?post=19549"}],"version-history":[{"count":0,"href":"https:\/\/eltrabajo.cl\/portal\/wp-json\/wp\/v2\/posts\/19549\/revisions"}],"wp:featuredmedia":[{"embeddable":true,"href":"https:\/\/eltrabajo.cl\/portal\/wp-json\/wp\/v2\/media\/19550"}],"wp:attachment":[{"href":"https:\/\/eltrabajo.cl\/portal\/wp-json\/wp\/v2\/media?parent=19549"}],"wp:term":[{"taxonomy":"category","embeddable":true,"href":"https:\/\/eltrabajo.cl\/portal\/wp-json\/wp\/v2\/categories?post=19549"},{"taxonomy":"post_tag","embeddable":true,"href":"https:\/\/eltrabajo.cl\/portal\/wp-json\/wp\/v2\/tags?post=19549"}],"curies":[{"name":"wp","href":"https:\/\/api.w.org\/{rel}","templated":true}]}}