{"id":19553,"date":"2012-06-18T10:22:51","date_gmt":"2012-06-18T14:22:51","guid":{"rendered":"http:\/\/www.eltrabajo.cl\/portal\/?p=19553"},"modified":"2012-06-18T10:22:51","modified_gmt":"2012-06-18T14:22:51","slug":"buscando-mejorar-relaciones-comunales-ejecutaran-proyecto-de-mediacion-vecinal","status":"publish","type":"post","link":"https:\/\/eltrabajo.cl\/portal\/buscando-mejorar-relaciones-comunales-ejecutaran-proyecto-de-mediacion-vecinal\/","title":{"rendered":"Buscando mejorar relaciones comunales, ejecutar\u00e1n Proyecto de Mediaci\u00f3n Vecinal"},"content":{"rendered":"<figure id=\"attachment_19554\" aria-describedby=\"caption-attachment-19554\" style=\"width: 282px\" class=\"wp-caption alignleft\"><a href=\"http:\/\/www.eltrabajo.cl\/portal\/2012\/06\/buscando-mejorar-relaciones-comunales-ejecutaran-proyecto-de-mediacion-vecinal\/ivonne1\/\" rel=\"attachment wp-att-19554\"><img data-recalc-dims=\"1\" loading=\"lazy\" decoding=\"async\" class=\"size-medium wp-image-19554\" title=\"Ivonne1\" src=\"https:\/\/i0.wp.com\/www.eltrabajo.cl\/portal\/wp-content\/uploads\/2012\/06\/Ivonne1-282x300.jpg?resize=282%2C300\" alt=\"\" width=\"282\" height=\"300\" srcset=\"https:\/\/i0.wp.com\/eltrabajo.cl\/portal\/wp-content\/uploads\/2012\/06\/Ivonne1.jpg?resize=282%2C300&amp;ssl=1 282w, https:\/\/i0.wp.com\/eltrabajo.cl\/portal\/wp-content\/uploads\/2012\/06\/Ivonne1.jpg?resize=141%2C150&amp;ssl=1 141w, https:\/\/i0.wp.com\/eltrabajo.cl\/portal\/wp-content\/uploads\/2012\/06\/Ivonne1.jpg?resize=400%2C425&amp;ssl=1 400w, https:\/\/i0.wp.com\/eltrabajo.cl\/portal\/wp-content\/uploads\/2012\/06\/Ivonne1.jpg?w=600&amp;ssl=1 600w\" sizes=\"auto, (max-width: 282px) 100vw, 282px\" \/><\/a><figcaption id=\"caption-attachment-19554\" class=\"wp-caption-text\">Ivonne Rozas, C oordinadora Comunal del Programa de Seguridad P\u00fablica.<\/figcaption><\/figure>\n<p><strong>LOS ANDES.-<\/strong> Gracias a un convenio firmado entre la Municipalidad de Los Andes y la Subsecretaria de Prevenci\u00f3n del Delito del Ministerio del Interior, se podr\u00e1 llevar adelante por los pr\u00f3ximos dos a\u00f1os, un Programa de Mediaci\u00f3n Vecinal en la comuna.<\/p>\n<p>La Coordinadora Comunal del Programa de Seguridad P\u00fablica, Ivonne Rozas, indic\u00f3 a Diario El Trabajo que gracias a este convenio, se podr\u00e1n invertir 80 millones de pesos entre los a\u00f1os 2012 y 2013, en desarrollar Programas de Mediaci\u00f3n Vecinal en los diferentes barrios de la ciudad.<\/p>\n<p>\u201cPara nosotros es muy importante hacer saber a la comunidad, que la Municipalidad de Los Andes en particular y la l\u00ednea de trabajo que ha manifestado nuestro alcalde para la prevenci\u00f3n de violencia en nuestra comuna, dice relaci\u00f3n con trabajar esa conflictividad, trabajar con los lazos vecinales y trabajar en promover v\u00ednculos significativos entre los vecinos, para eso es que se ha decidido postular nuevamente al Fondo Nacional de Seguridad P\u00fablica, una iniciativa de mediaci\u00f3n vecinal que nos pudimos adjudicar gracias a un proyecto presentado con altos est\u00e1ndares t\u00e9cnicos y que no son s\u00f3lo los 40 millones que financian este primer a\u00f1o, sino que tambi\u00e9n un fondo adicionar de otros 40 millones, que vienen a completar un financiamiento de dos a\u00f1os\u201d, explic\u00f3 la profesional.<\/p>\n<p>La Coordinadora sostuvo que para poner en marcha este proyecto, primero se tiene que llevar adelante una campa\u00f1a de difusi\u00f3n y sensibilizaci\u00f3n de la forma de resoluci\u00f3n de los conflictos, \u201cy tenemos la segunda l\u00ednea de trabajo, que corresponde cuando el conflicto ya est\u00e1 instalado y con mediaciones propiamente tales, ya podemos ver toda clase de conflictos como muros medianeros, tenencia responsables de mascotas, ruidos molestos y todos los conflictos que puedan en el fondo y en alguna medida, significar un deterioro en las relaciones de los vecinos\u201d, agreg\u00f3 Rozas.<\/p>\n<p>La profesional inform\u00f3 tambi\u00e9n que el Programa contempla la formaci\u00f3n de mediadores vecinales y la articulaci\u00f3n de una Mesa Local de Justicia, coordinada con el juzgado de Polic\u00eda local, a fin de buscar las mejores respuestas a sus problemas.<\/p>\n<p>\u201cEn definitiva, creemos que es una intervenci\u00f3n integral para trabajar en la convivencia vecinal; para trabajar en las relaciones entre vecinos y tambi\u00e9n las relaciones de los vecinos con las instituciones, creemos que el orgullo que nos puede significar esta gran iniciativa, dice tener relaci\u00f3n en una mejor calidad de vida para los vecinos y va significar tambi\u00e9n, que podamos disminuir nuestros \u00edndices de victimizaci\u00f3n y mejorar\u00e1 las condiciones de seguridad en los barrios\u201d, apunt\u00f3 Ivonne. Precis\u00f3 que en estos momentos ya cuentan con diez casos en los cuales deber\u00e1 aplicar el Programa de Mediaci\u00f3n Vecinal.<\/p>\n","protected":false},"excerpt":{"rendered":"<p>LOS ANDES.- Gracias a un convenio firmado entre la Municipalidad de Los Andes y la Subsecretaria de Prevenci\u00f3n del Delito del Ministerio del Interior, se podr\u00e1 llevar adelante por los pr\u00f3ximos dos&#8230;<\/p>\n","protected":false},"author":482,"featured_media":19554,"comment_status":"open","ping_status":"closed","sticky":false,"template":"","format":"standard","meta":{"advanced_seo_description":"","jetpack_seo_html_title":"","jetpack_seo_noindex":false,"_jetpack_memberships_contains_paid_content":false,"footnotes":""},"categories":[1],"tags":[],"class_list":["post-19553","post","type-post","status-publish","format-standard","has-post-thumbnail","hentry","category-cronica"],"jetpack_featured_media_url":"https:\/\/i0.wp.com\/eltrabajo.cl\/portal\/wp-content\/uploads\/2012\/06\/Ivonne1.jpg?fit=600%2C638&ssl=1","jetpack_sharing_enabled":true,"jetpack_likes_enabled":true,"jetpack-related-posts":[],"_links":{"self":[{"href":"https:\/\/eltrabajo.cl\/portal\/wp-json\/wp\/v2\/posts\/19553","targetHints":{"allow":["GET"]}}],"collection":[{"href":"https:\/\/eltrabajo.cl\/portal\/wp-json\/wp\/v2\/posts"}],"about":[{"href":"https:\/\/eltrabajo.cl\/portal\/wp-json\/wp\/v2\/types\/post"}],"author":[{"embeddable":true,"href":"https:\/\/eltrabajo.cl\/portal\/wp-json\/wp\/v2\/users\/482"}],"replies":[{"embeddable":true,"href":"https:\/\/eltrabajo.cl\/portal\/wp-json\/wp\/v2\/comments?post=19553"}],"version-history":[{"count":0,"href":"https:\/\/eltrabajo.cl\/portal\/wp-json\/wp\/v2\/posts\/19553\/revisions"}],"wp:featuredmedia":[{"embeddable":true,"href":"https:\/\/eltrabajo.cl\/portal\/wp-json\/wp\/v2\/media\/19554"}],"wp:attachment":[{"href":"https:\/\/eltrabajo.cl\/portal\/wp-json\/wp\/v2\/media?parent=19553"}],"wp:term":[{"taxonomy":"category","embeddable":true,"href":"https:\/\/eltrabajo.cl\/portal\/wp-json\/wp\/v2\/categories?post=19553"},{"taxonomy":"post_tag","embeddable":true,"href":"https:\/\/eltrabajo.cl\/portal\/wp-json\/wp\/v2\/tags?post=19553"}],"curies":[{"name":"wp","href":"https:\/\/api.w.org\/{rel}","templated":true}]}}