{"id":19557,"date":"2012-06-18T10:24:33","date_gmt":"2012-06-18T14:24:33","guid":{"rendered":"http:\/\/www.eltrabajo.cl\/portal\/?p=19557"},"modified":"2012-06-18T10:24:33","modified_gmt":"2012-06-18T14:24:33","slug":"abuelos-conmemoraron-el-%e2%80%98dia-de-la-no-violencia-contra-adultos-mayores%e2%80%99","status":"publish","type":"post","link":"https:\/\/eltrabajo.cl\/portal\/abuelos-conmemoraron-el-%e2%80%98dia-de-la-no-violencia-contra-adultos-mayores%e2%80%99\/","title":{"rendered":"Abuelos conmemoraron el \u2018D\u00eda de la No Violencia contra Adultos Mayores\u2019"},"content":{"rendered":"<figure id=\"attachment_19558\" aria-describedby=\"caption-attachment-19558\" style=\"width: 600px\" class=\"wp-caption alignnone\"><a href=\"http:\/\/www.eltrabajo.cl\/portal\/2012\/06\/abuelos-conmemoraron-el-%e2%80%98dia-de-la-no-violencia-contra-adultos-mayores%e2%80%99\/abuelitos1\/\" rel=\"attachment wp-att-19558\"><img data-recalc-dims=\"1\" loading=\"lazy\" decoding=\"async\" class=\"size-full wp-image-19558\" title=\"Abuelitos1\" src=\"https:\/\/i0.wp.com\/www.eltrabajo.cl\/portal\/wp-content\/uploads\/2012\/06\/Abuelitos1.jpg?resize=600%2C377\" alt=\"\" width=\"600\" height=\"377\" srcset=\"https:\/\/i0.wp.com\/eltrabajo.cl\/portal\/wp-content\/uploads\/2012\/06\/Abuelitos1.jpg?w=600&amp;ssl=1 600w, https:\/\/i0.wp.com\/eltrabajo.cl\/portal\/wp-content\/uploads\/2012\/06\/Abuelitos1.jpg?resize=200%2C125&amp;ssl=1 200w, https:\/\/i0.wp.com\/eltrabajo.cl\/portal\/wp-content\/uploads\/2012\/06\/Abuelitos1.jpg?resize=300%2C188&amp;ssl=1 300w, https:\/\/i0.wp.com\/eltrabajo.cl\/portal\/wp-content\/uploads\/2012\/06\/Abuelitos1.jpg?resize=150%2C94&amp;ssl=1 150w, https:\/\/i0.wp.com\/eltrabajo.cl\/portal\/wp-content\/uploads\/2012\/06\/Abuelitos1.jpg?resize=400%2C251&amp;ssl=1 400w\" sizes=\"auto, (max-width: 600px) 100vw, 600px\" \/><\/a><figcaption id=\"caption-attachment-19558\" class=\"wp-caption-text\">Mostrando una vitalidad que ya la querr\u00eda cualquier joven, los Adultos Mayores conmemoraron su d\u00eda con varias presentaciones art\u00edsticas.<\/figcaption><\/figure>\n<p>El viernes reci\u00e9n pasado, en todo el pa\u00eds se conmemor\u00f3 el D\u00eda de la No Violencia contra el Adulto Mayor, fecha que se destaca desde el a\u00f1o 2006, y que tiene como objetivo sensibilizar sobre esta tem\u00e1tica. Seg\u00fan las estad\u00edsticas, a nivel nacional, uno de cada cinco Adultos Mayores declara haber sido maltratado de alguna forma, ya sea de manera f\u00edsica, psicol\u00f3gica o patrimonial. En la Regi\u00f3n de Valpara\u00edso en tanto, el a\u00f1o pasado se recibieron 108 denuncias de maltrato, una cifra baja, seg\u00fan se\u00f1ala la Encargada Regional del Senama, Yanina Barraza, para lo que realmente existe en la regi\u00f3n.<\/p>\n<p>Por ello a nivel regional se ha propuesto trabajar con cada una de las provincias, atenciones personalizadas, donde una profesional visitar\u00e1 una vez al mes las Gobernaciones provinciales para atender estos casos.<\/p>\n<p>Seg\u00fan explic\u00f3 Barraza, desde que existe un organismo especialmente enfocado al trabajo con los Adultos Mayores, existe una cifra m\u00e1s clara sobre la realidad de estas personas, a diferencia de lo que ocurr\u00eda anteriormente.<\/p>\n<p>\u201cAntes la ley no recog\u00eda o amparaba esta tem\u00e1tica legalmente, entonces la denuncia quedaba impune, sin poder tomar medidas legales, hoy gracias a la Modificaci\u00f3n que se hizo a la Ley de Violencia Intrafamiliar, la 20427, los Adultos Mayores pueden acercarse a las instituciones pertinentes y hacer estas denuncias\u201d, explic\u00f3 Barraza.<\/p>\n<p>Es as\u00ed que, dependiendo del tipo de maltrato, ser\u00e1n las sanciones que determinen los tribunales, las cuales recaen generalmente en las familias, ya que son los familiares los que realizan el maltrato, siendo que ellos son los encargados de cuidarlos y hacerles m\u00e1s f\u00e1ciles sus \u00faltimos a\u00f1os de vida.<\/p>\n<p>La actividad fue realizada en el Teatro del Liceo Roberto Humeres y fue una instancia para los Adultos Mayores de demostrar que todav\u00eda tienen ganas de hacer cosas, ya que ese d\u00eda bailaron y cantaron al son de distintos ritmos musicales.<\/p>\n","protected":false},"excerpt":{"rendered":"<p>El viernes reci\u00e9n pasado, en todo el pa\u00eds se conmemor\u00f3 el D\u00eda de la No Violencia contra el Adulto Mayor, fecha que se destaca desde el a\u00f1o 2006, y que tiene como&#8230;<\/p>\n","protected":false},"author":482,"featured_media":19558,"comment_status":"open","ping_status":"closed","sticky":false,"template":"","format":"standard","meta":{"advanced_seo_description":"","jetpack_seo_html_title":"","jetpack_seo_noindex":false,"_jetpack_memberships_contains_paid_content":false,"footnotes":""},"categories":[1],"tags":[],"class_list":["post-19557","post","type-post","status-publish","format-standard","has-post-thumbnail","hentry","category-cronica"],"jetpack_featured_media_url":"https:\/\/i0.wp.com\/eltrabajo.cl\/portal\/wp-content\/uploads\/2012\/06\/Abuelitos1.jpg?fit=600%2C377&ssl=1","jetpack_sharing_enabled":true,"jetpack_likes_enabled":true,"jetpack-related-posts":[],"_links":{"self":[{"href":"https:\/\/eltrabajo.cl\/portal\/wp-json\/wp\/v2\/posts\/19557","targetHints":{"allow":["GET"]}}],"collection":[{"href":"https:\/\/eltrabajo.cl\/portal\/wp-json\/wp\/v2\/posts"}],"about":[{"href":"https:\/\/eltrabajo.cl\/portal\/wp-json\/wp\/v2\/types\/post"}],"author":[{"embeddable":true,"href":"https:\/\/eltrabajo.cl\/portal\/wp-json\/wp\/v2\/users\/482"}],"replies":[{"embeddable":true,"href":"https:\/\/eltrabajo.cl\/portal\/wp-json\/wp\/v2\/comments?post=19557"}],"version-history":[{"count":0,"href":"https:\/\/eltrabajo.cl\/portal\/wp-json\/wp\/v2\/posts\/19557\/revisions"}],"wp:featuredmedia":[{"embeddable":true,"href":"https:\/\/eltrabajo.cl\/portal\/wp-json\/wp\/v2\/media\/19558"}],"wp:attachment":[{"href":"https:\/\/eltrabajo.cl\/portal\/wp-json\/wp\/v2\/media?parent=19557"}],"wp:term":[{"taxonomy":"category","embeddable":true,"href":"https:\/\/eltrabajo.cl\/portal\/wp-json\/wp\/v2\/categories?post=19557"},{"taxonomy":"post_tag","embeddable":true,"href":"https:\/\/eltrabajo.cl\/portal\/wp-json\/wp\/v2\/tags?post=19557"}],"curies":[{"name":"wp","href":"https:\/\/api.w.org\/{rel}","templated":true}]}}