{"id":19567,"date":"2012-06-18T10:30:38","date_gmt":"2012-06-18T14:30:38","guid":{"rendered":"http:\/\/www.eltrabajo.cl\/portal\/?p=19567"},"modified":"2012-06-18T10:33:43","modified_gmt":"2012-06-18T14:33:43","slug":"19567","status":"publish","type":"post","link":"https:\/\/eltrabajo.cl\/portal\/19567\/","title":{"rendered":"Se neg\u00f3 a que lo invitaran a beber un trago y se llev\u00f3 paliza de su vida"},"content":{"rendered":"<figure id=\"attachment_19568\" aria-describedby=\"caption-attachment-19568\" style=\"width: 600px\" class=\"wp-caption alignnone\"><a href=\"http:\/\/www.eltrabajo.cl\/portal\/2012\/06\/19567\/detenidos\/\" rel=\"attachment wp-att-19568\"><img data-recalc-dims=\"1\" loading=\"lazy\" decoding=\"async\" class=\"size-full wp-image-19568\" title=\"Detenidos\" src=\"https:\/\/i0.wp.com\/www.eltrabajo.cl\/portal\/wp-content\/uploads\/2012\/06\/Detenidos.jpg?resize=600%2C443\" alt=\"\" width=\"600\" height=\"443\" srcset=\"https:\/\/i0.wp.com\/eltrabajo.cl\/portal\/wp-content\/uploads\/2012\/06\/Detenidos.jpg?w=600&amp;ssl=1 600w, https:\/\/i0.wp.com\/eltrabajo.cl\/portal\/wp-content\/uploads\/2012\/06\/Detenidos.jpg?resize=200%2C147&amp;ssl=1 200w, https:\/\/i0.wp.com\/eltrabajo.cl\/portal\/wp-content\/uploads\/2012\/06\/Detenidos.jpg?resize=300%2C221&amp;ssl=1 300w, https:\/\/i0.wp.com\/eltrabajo.cl\/portal\/wp-content\/uploads\/2012\/06\/Detenidos.jpg?resize=150%2C110&amp;ssl=1 150w, https:\/\/i0.wp.com\/eltrabajo.cl\/portal\/wp-content\/uploads\/2012\/06\/Detenidos.jpg?resize=400%2C295&amp;ssl=1 400w\" sizes=\"auto, (max-width: 600px) 100vw, 600px\" \/><\/a><figcaption id=\"caption-attachment-19568\" class=\"wp-caption-text\">Los sospechosos fueron detenidos por Carabineros acusados de \u2018Robo con violencia\u2019, en una confusa ri\u00f1a producida en la poblaci\u00f3n El Esfuerzo de San Felipe.<\/figcaption><\/figure>\n<p>Pablo Salinas Sald\u00edas &#8211; <a href=\"mailto:psalinas@eltrabajo.cl\">psalinas@eltrabajo.cl<\/a><\/p>\n<p>En horas de la madrugada del pasado viernes, cinco sujetos fueron detenidos por Carabineros acusados de propinarle una paliza a un hombre de 50 a\u00f1os para arrebatarle dos celulares y $80.000 en una confusa ri\u00f1a producida en poblaci\u00f3n El Esfuerzo, motivada por el exceso de alcohol en sus protagonistas y en dudosas circunstancias.<\/p>\n<p>Seg\u00fan el relato de la v\u00edctima, identificada como Omar Ulises F\u00e1brega Cort\u00e9s, el mismo transitaba por Calle Benigno Caldera cuando fue abordado por dos sujetos que lo invitaron a consumir alcohol, el cual se neg\u00f3 a la \u2018invitaci\u00f3n\u2019, por lo que fue atacado por los ahora Imputados, con golpes de pies y pu\u00f1os, arrebat\u00e1ndole sus dos celulares que portaba y la billetera que conten\u00eda el dinero en efectivo y su tarjeta bancaria, para posteriormente huir del lugar hacia una vivienda.<\/p>\n<p>No obstante, ante el ataque de los cinco agresores, F\u00e1brega result\u00f3 s\u00f3lo con una contusi\u00f3n facial de car\u00e1cter leve, por lo que Carabineros detuvo a los sospechosos, siendo trasladados hasta la Unidad Policial. Seg\u00fan se pudo conocer, los detenidos alegan que la v\u00edctima le habr\u00eda faltado el respeto a una de las Imputadas, raz\u00f3n por lo cual se habr\u00eda originado la ri\u00f1a, la que habr\u00eda sido transformada en robo con violencia, lo que ser\u00e1 materia de investigaci\u00f3n por parte de la Fiscal\u00eda.<\/p>\n<p>Sin embargo, los detenidos Alexis Araya Basaes de 22 a\u00f1os; Robinson Fuenzalida Olgu\u00edn de 26 a\u00f1os; Josadat Santander Contreras de 31 a\u00f1os y David Mu\u00f1oz Basaes de 26 a\u00f1os, todos con antecedentes penales por Robo, y Cyndi Varas Varas de 20 a\u00f1os, fueron sometidos a Control de Detenci\u00f3n ante el Juzgado de Garant\u00eda de San Felipe, por lo que el Ministerio P\u00fablico requiri\u00f3 100 d\u00edas para investigar el caso y la cautelar de Firma Semanal de los Imputados ante Carabineros.<\/p>\n","protected":false},"excerpt":{"rendered":"<p>Pablo Salinas Sald\u00edas &#8211; psalinas@eltrabajo.cl En horas de la madrugada del pasado viernes, cinco sujetos fueron detenidos por Carabineros acusados de propinarle una paliza a un hombre de 50 a\u00f1os para arrebatarle&#8230;<\/p>\n","protected":false},"author":482,"featured_media":19568,"comment_status":"open","ping_status":"closed","sticky":false,"template":"","format":"standard","meta":{"advanced_seo_description":"","jetpack_seo_html_title":"","jetpack_seo_noindex":false,"_jetpack_memberships_contains_paid_content":false,"footnotes":""},"categories":[21],"tags":[],"class_list":["post-19567","post","type-post","status-publish","format-standard","has-post-thumbnail","hentry","category-policial"],"jetpack_featured_media_url":"https:\/\/i0.wp.com\/eltrabajo.cl\/portal\/wp-content\/uploads\/2012\/06\/Detenidos.jpg?fit=600%2C443&ssl=1","jetpack_sharing_enabled":true,"jetpack_likes_enabled":true,"jetpack-related-posts":[],"_links":{"self":[{"href":"https:\/\/eltrabajo.cl\/portal\/wp-json\/wp\/v2\/posts\/19567","targetHints":{"allow":["GET"]}}],"collection":[{"href":"https:\/\/eltrabajo.cl\/portal\/wp-json\/wp\/v2\/posts"}],"about":[{"href":"https:\/\/eltrabajo.cl\/portal\/wp-json\/wp\/v2\/types\/post"}],"author":[{"embeddable":true,"href":"https:\/\/eltrabajo.cl\/portal\/wp-json\/wp\/v2\/users\/482"}],"replies":[{"embeddable":true,"href":"https:\/\/eltrabajo.cl\/portal\/wp-json\/wp\/v2\/comments?post=19567"}],"version-history":[{"count":0,"href":"https:\/\/eltrabajo.cl\/portal\/wp-json\/wp\/v2\/posts\/19567\/revisions"}],"wp:featuredmedia":[{"embeddable":true,"href":"https:\/\/eltrabajo.cl\/portal\/wp-json\/wp\/v2\/media\/19568"}],"wp:attachment":[{"href":"https:\/\/eltrabajo.cl\/portal\/wp-json\/wp\/v2\/media?parent=19567"}],"wp:term":[{"taxonomy":"category","embeddable":true,"href":"https:\/\/eltrabajo.cl\/portal\/wp-json\/wp\/v2\/categories?post=19567"},{"taxonomy":"post_tag","embeddable":true,"href":"https:\/\/eltrabajo.cl\/portal\/wp-json\/wp\/v2\/tags?post=19567"}],"curies":[{"name":"wp","href":"https:\/\/api.w.org\/{rel}","templated":true}]}}