{"id":19579,"date":"2012-06-19T10:02:59","date_gmt":"2012-06-19T14:02:59","guid":{"rendered":"http:\/\/www.eltrabajo.cl\/portal\/?p=19579"},"modified":"2012-06-19T10:02:59","modified_gmt":"2012-06-19T14:02:59","slug":"cerca-de-4-000-personas-vieron-maniobras-y-muestra-de-material-bomberil","status":"publish","type":"post","link":"https:\/\/eltrabajo.cl\/portal\/cerca-de-4-000-personas-vieron-maniobras-y-muestra-de-material-bomberil\/","title":{"rendered":"Cerca de 4.000 personas vieron maniobras y muestra de material bomberil"},"content":{"rendered":"<figure id=\"attachment_19580\" aria-describedby=\"caption-attachment-19580\" style=\"width: 600px\" class=\"wp-caption alignnone\"><a href=\"http:\/\/www.eltrabajo.cl\/portal\/2012\/06\/cerca-de-4-000-personas-vieron-maniobras-y-muestra-de-material-bomberil\/maniobras1\/\" rel=\"attachment wp-att-19580\"><img data-recalc-dims=\"1\" loading=\"lazy\" decoding=\"async\" class=\"size-full wp-image-19580\" title=\"Maniobras1\" src=\"https:\/\/i0.wp.com\/www.eltrabajo.cl\/portal\/wp-content\/uploads\/2012\/06\/Maniobras1.jpg?resize=600%2C416\" alt=\"\" width=\"600\" height=\"416\" srcset=\"https:\/\/i0.wp.com\/eltrabajo.cl\/portal\/wp-content\/uploads\/2012\/06\/Maniobras1.jpg?w=600&amp;ssl=1 600w, https:\/\/i0.wp.com\/eltrabajo.cl\/portal\/wp-content\/uploads\/2012\/06\/Maniobras1.jpg?resize=200%2C138&amp;ssl=1 200w, https:\/\/i0.wp.com\/eltrabajo.cl\/portal\/wp-content\/uploads\/2012\/06\/Maniobras1.jpg?resize=300%2C208&amp;ssl=1 300w, https:\/\/i0.wp.com\/eltrabajo.cl\/portal\/wp-content\/uploads\/2012\/06\/Maniobras1.jpg?resize=150%2C104&amp;ssl=1 150w, https:\/\/i0.wp.com\/eltrabajo.cl\/portal\/wp-content\/uploads\/2012\/06\/Maniobras1.jpg?resize=400%2C277&amp;ssl=1 400w\" sizes=\"auto, (max-width: 600px) 100vw, 600px\" \/><\/a><figcaption id=\"caption-attachment-19580\" class=\"wp-caption-text\">Fueron los ni\u00f1os quienes m\u00e1s disfrutaron de estas maniobras de rescate, ellos se perfilan a ser nuestros futuros Bomberos.<\/figcaption><\/figure>\n<p>Todo un \u00e9xito result\u00f3 la muestra de carros bomba, de rescate y de escalas, junto a equipos, instrumentos, videos, piezas de museo y juegos para los ni\u00f1os que se llev\u00f3 a cabo este s\u00e1bado en calle Salinas, frente a la Gobernaci\u00f3n Provincial, la que fue organizada por el Cuerpo de Bomberos de San Felipe, en el marco de las actividades que conmemoran \u2018El D\u00eda Nacional del Bombero\u2019, a celebrarse el pr\u00f3ximo 30 de junio.<\/p>\n<figure id=\"attachment_19581\" aria-describedby=\"caption-attachment-19581\" style=\"width: 300px\" class=\"wp-caption alignright\"><a href=\"http:\/\/www.eltrabajo.cl\/portal\/2012\/06\/cerca-de-4-000-personas-vieron-maniobras-y-muestra-de-material-bomberil\/ninos1-2\/\" rel=\"attachment wp-att-19581\"><img data-recalc-dims=\"1\" loading=\"lazy\" decoding=\"async\" class=\"size-medium wp-image-19581\" title=\"Ni\u00f1os1\" src=\"https:\/\/i0.wp.com\/www.eltrabajo.cl\/portal\/wp-content\/uploads\/2012\/06\/Ni%C3%B1os1-300x225.jpg?resize=300%2C225\" alt=\"\" width=\"300\" height=\"225\" srcset=\"https:\/\/i0.wp.com\/eltrabajo.cl\/portal\/wp-content\/uploads\/2012\/06\/Ni%C3%B1os1.jpg?resize=300%2C225&amp;ssl=1 300w, https:\/\/i0.wp.com\/eltrabajo.cl\/portal\/wp-content\/uploads\/2012\/06\/Ni%C3%B1os1.jpg?resize=200%2C150&amp;ssl=1 200w, https:\/\/i0.wp.com\/eltrabajo.cl\/portal\/wp-content\/uploads\/2012\/06\/Ni%C3%B1os1.jpg?resize=150%2C112&amp;ssl=1 150w, https:\/\/i0.wp.com\/eltrabajo.cl\/portal\/wp-content\/uploads\/2012\/06\/Ni%C3%B1os1.jpg?resize=400%2C300&amp;ssl=1 400w, https:\/\/i0.wp.com\/eltrabajo.cl\/portal\/wp-content\/uploads\/2012\/06\/Ni%C3%B1os1.jpg?w=600&amp;ssl=1 600w\" sizes=\"auto, (max-width: 300px) 100vw, 300px\" \/><\/a><figcaption id=\"caption-attachment-19581\" class=\"wp-caption-text\">S\u00f3lo as\u00ed el conocimiento puede prevalecer, siendo transmitido de generaci\u00f3n en generaci\u00f3n.<\/figcaption><\/figure>\n<p>Seg\u00fan lo expresado por Julio Hardoy, Superintendente de la instituci\u00f3n, \u201cmostramos lo que hacemos con el dinero que las autoridades nos entregan y que la gente nos aporta gentilmente, tambi\u00e9n es fruto de nuestros arriendos, asesor\u00edas y cursos de capacitaci\u00f3n que hacemos y que son un ingreso m\u00e1s a las arcas de la instituci\u00f3n\u201d, coment\u00f3 el uniformado.<\/p>\n<p>\u201cHoy tenemos aqu\u00ed casi el 50% de nuestras fuerzas, obviamente no podemos poner todo, porque nuestro servicio debe tener continuidad y en estos momentos naturalmente estamos atendiendo llamados de emergencia normalmente\u201d, subray\u00f3 Hardoy a Diario El Trabajo.<\/p>\n<p>La muestra cont\u00f3 con la presencia de numeroso p\u00fablico y de destacadas autoridades como la Gobernadora Provincial Patricia Boffa y del Alcalde Jaime Amar, entre otros.<\/p>\n<p>El pr\u00f3ximo domingo 24 al medio d\u00eda, se realizar\u00e1 el tradicional \u2018Bautizo\u2019 de los nuevos Bomberos, donde los nuevos integrantes \u2018Juran por su Honor\u2019, ser instrumentos de solidaridad. Dicho acto se concretar\u00e1 en la Plaza de Armas.<\/p>\n","protected":false},"excerpt":{"rendered":"<p>Todo un \u00e9xito result\u00f3 la muestra de carros bomba, de rescate y de escalas, junto a equipos, instrumentos, videos, piezas de museo y juegos para los ni\u00f1os que se llev\u00f3 a cabo&#8230;<\/p>\n","protected":false},"author":482,"featured_media":19580,"comment_status":"open","ping_status":"closed","sticky":false,"template":"","format":"standard","meta":{"advanced_seo_description":"","jetpack_seo_html_title":"","jetpack_seo_noindex":false,"_jetpack_memberships_contains_paid_content":false,"footnotes":""},"categories":[15],"tags":[],"class_list":["post-19579","post","type-post","status-publish","format-standard","has-post-thumbnail","hentry","category-comunidad"],"jetpack_featured_media_url":"https:\/\/i0.wp.com\/eltrabajo.cl\/portal\/wp-content\/uploads\/2012\/06\/Maniobras1.jpg?fit=600%2C416&ssl=1","jetpack_sharing_enabled":true,"jetpack_likes_enabled":true,"jetpack-related-posts":[],"_links":{"self":[{"href":"https:\/\/eltrabajo.cl\/portal\/wp-json\/wp\/v2\/posts\/19579","targetHints":{"allow":["GET"]}}],"collection":[{"href":"https:\/\/eltrabajo.cl\/portal\/wp-json\/wp\/v2\/posts"}],"about":[{"href":"https:\/\/eltrabajo.cl\/portal\/wp-json\/wp\/v2\/types\/post"}],"author":[{"embeddable":true,"href":"https:\/\/eltrabajo.cl\/portal\/wp-json\/wp\/v2\/users\/482"}],"replies":[{"embeddable":true,"href":"https:\/\/eltrabajo.cl\/portal\/wp-json\/wp\/v2\/comments?post=19579"}],"version-history":[{"count":0,"href":"https:\/\/eltrabajo.cl\/portal\/wp-json\/wp\/v2\/posts\/19579\/revisions"}],"wp:featuredmedia":[{"embeddable":true,"href":"https:\/\/eltrabajo.cl\/portal\/wp-json\/wp\/v2\/media\/19580"}],"wp:attachment":[{"href":"https:\/\/eltrabajo.cl\/portal\/wp-json\/wp\/v2\/media?parent=19579"}],"wp:term":[{"taxonomy":"category","embeddable":true,"href":"https:\/\/eltrabajo.cl\/portal\/wp-json\/wp\/v2\/categories?post=19579"},{"taxonomy":"post_tag","embeddable":true,"href":"https:\/\/eltrabajo.cl\/portal\/wp-json\/wp\/v2\/tags?post=19579"}],"curies":[{"name":"wp","href":"https:\/\/api.w.org\/{rel}","templated":true}]}}