{"id":19584,"date":"2012-06-19T10:04:38","date_gmt":"2012-06-19T14:04:38","guid":{"rendered":"http:\/\/www.eltrabajo.cl\/portal\/?p=19584"},"modified":"2012-06-19T10:04:38","modified_gmt":"2012-06-19T14:04:38","slug":"con-cicletada-recreativa-universitarios-fomentan-estilos-de-vida-saludable","status":"publish","type":"post","link":"https:\/\/eltrabajo.cl\/portal\/con-cicletada-recreativa-universitarios-fomentan-estilos-de-vida-saludable\/","title":{"rendered":"Con cicletada recreativa universitarios fomentan estilos de vida saludable"},"content":{"rendered":"<figure id=\"attachment_19585\" aria-describedby=\"caption-attachment-19585\" style=\"width: 300px\" class=\"wp-caption alignleft\"><a href=\"http:\/\/www.eltrabajo.cl\/portal\/2012\/06\/con-cicletada-recreativa-universitarios-fomentan-estilos-de-vida-saludable\/maria-jo\/\" rel=\"attachment wp-att-19585\"><img data-recalc-dims=\"1\" loading=\"lazy\" decoding=\"async\" class=\"size-medium wp-image-19585\" title=\"maria jo\" src=\"https:\/\/i0.wp.com\/www.eltrabajo.cl\/portal\/wp-content\/uploads\/2012\/06\/maria-jo-300x225.jpg?resize=300%2C225\" alt=\"\" width=\"300\" height=\"225\" srcset=\"https:\/\/i0.wp.com\/eltrabajo.cl\/portal\/wp-content\/uploads\/2012\/06\/maria-jo.jpg?resize=300%2C225&amp;ssl=1 300w, https:\/\/i0.wp.com\/eltrabajo.cl\/portal\/wp-content\/uploads\/2012\/06\/maria-jo.jpg?resize=200%2C150&amp;ssl=1 200w, https:\/\/i0.wp.com\/eltrabajo.cl\/portal\/wp-content\/uploads\/2012\/06\/maria-jo.jpg?resize=150%2C112&amp;ssl=1 150w, https:\/\/i0.wp.com\/eltrabajo.cl\/portal\/wp-content\/uploads\/2012\/06\/maria-jo.jpg?resize=400%2C300&amp;ssl=1 400w, https:\/\/i0.wp.com\/eltrabajo.cl\/portal\/wp-content\/uploads\/2012\/06\/maria-jo.jpg?w=600&amp;ssl=1 600w\" sizes=\"auto, (max-width: 300px) 100vw, 300px\" \/><\/a><figcaption id=\"caption-attachment-19585\" class=\"wp-caption-text\">La carrera de Medicina es la organizadora de la actividad, que busca mejorar los estilos de vida de la comunidad.<\/figcaption><\/figure>\n<p>Con el objetivo de acercarse a la comunidad de San Felipe e incentivarlos a tener estilos de vida m\u00e1s saludables, los alumnos de la Universidad de Valpara\u00edso est\u00e1n organizando para este s\u00e1bado una cicletada a la que est\u00e1n invitando a todos los vecinos de la ciudad.<\/p>\n<p>La actividad est\u00e1 organizada por la Facultad de Medicina de la Universidad, una iniciativa que busca mejorar la calidad de vida de los habitantes de la comuna. Los estudiantes viendo que a\u00f1os atr\u00e1s se realiz\u00f3 esta actividad con muy buenos resultados, quisieron replicar la experiencia y este s\u00e1bado esperan que llegue una importante cantidad de personas.<\/p>\n<p>La cicletada partir\u00e1 en la plaza c\u00edvica y el recorrido ser\u00e1 avenida O\u00b4Higgins, Yungay, Miraflores, la rotonda Almendral, lugar donde se dan la vuelta y bajan por Miraflores hasta la cancha de tenis, plazoleta Los Dinosaurios, vuelven nuevamente hasta la cancha de tenis, avenida Chacabuco. Maip\u00fa, O\u00b4Higgins, Coimas, Prat, Salinas y la plaza c\u00edvica, recorrido que comprende 10 kil\u00f3metros en su totalidad.<\/p>\n<p>Ese d\u00eda los participantes pueden comenzar a llegar desde las 9:30 de la ma\u00f1ana y hasta las 10:30 ser\u00e1 el per\u00edodo de inscripci\u00f3n, para luego pasar a un tiempo de calentamiento con baile entretenido, para luego subirse a las bicicletas para realizar el recorrido recreativo.<\/p>\n<p>Adem\u00e1s al terminar el recorrido se entregar\u00e1n algunos premios que han conseguido los estudiantes.<\/p>\n<p>La cicletada fue en un principio organizada por la carrera de Medicina, pero con los d\u00edas se fueron integrando m\u00e1s carreras, las que instalar\u00e1n stands en la plaza de armas, principalmente enfocados en la buena salud.<\/p>\n<p>\u201cTodo lo que es los h\u00e1bitos alimenticios, el cuidado de los ni\u00f1os, promoci\u00f3n de estilos saludables, todo en el contexto de la actividad f\u00edsica, la alimentaci\u00f3n sana, el contacto con la naturaleza y promover m\u00e1s bien el estilo de vida saludable\u201d, se\u00f1al\u00f3 Mar\u00eda Jos\u00e9 Bernal, alumna de Medicina de cuarto a\u00f1o e integrante de la organizaci\u00f3n de la actividad.<\/p>\n","protected":false},"excerpt":{"rendered":"<p>Con el objetivo de acercarse a la comunidad de San Felipe e incentivarlos a tener estilos de vida m\u00e1s saludables, los alumnos de la Universidad de Valpara\u00edso est\u00e1n organizando para este s\u00e1bado&#8230;<\/p>\n","protected":false},"author":482,"featured_media":19585,"comment_status":"open","ping_status":"closed","sticky":false,"template":"","format":"standard","meta":{"advanced_seo_description":"","jetpack_seo_html_title":"","jetpack_seo_noindex":false,"_jetpack_memberships_contains_paid_content":false,"footnotes":""},"categories":[15],"tags":[],"class_list":["post-19584","post","type-post","status-publish","format-standard","has-post-thumbnail","hentry","category-comunidad"],"jetpack_featured_media_url":"https:\/\/i0.wp.com\/eltrabajo.cl\/portal\/wp-content\/uploads\/2012\/06\/maria-jo.jpg?fit=600%2C451&ssl=1","jetpack_sharing_enabled":true,"jetpack_likes_enabled":true,"jetpack-related-posts":[],"_links":{"self":[{"href":"https:\/\/eltrabajo.cl\/portal\/wp-json\/wp\/v2\/posts\/19584","targetHints":{"allow":["GET"]}}],"collection":[{"href":"https:\/\/eltrabajo.cl\/portal\/wp-json\/wp\/v2\/posts"}],"about":[{"href":"https:\/\/eltrabajo.cl\/portal\/wp-json\/wp\/v2\/types\/post"}],"author":[{"embeddable":true,"href":"https:\/\/eltrabajo.cl\/portal\/wp-json\/wp\/v2\/users\/482"}],"replies":[{"embeddable":true,"href":"https:\/\/eltrabajo.cl\/portal\/wp-json\/wp\/v2\/comments?post=19584"}],"version-history":[{"count":0,"href":"https:\/\/eltrabajo.cl\/portal\/wp-json\/wp\/v2\/posts\/19584\/revisions"}],"wp:featuredmedia":[{"embeddable":true,"href":"https:\/\/eltrabajo.cl\/portal\/wp-json\/wp\/v2\/media\/19585"}],"wp:attachment":[{"href":"https:\/\/eltrabajo.cl\/portal\/wp-json\/wp\/v2\/media?parent=19584"}],"wp:term":[{"taxonomy":"category","embeddable":true,"href":"https:\/\/eltrabajo.cl\/portal\/wp-json\/wp\/v2\/categories?post=19584"},{"taxonomy":"post_tag","embeddable":true,"href":"https:\/\/eltrabajo.cl\/portal\/wp-json\/wp\/v2\/tags?post=19584"}],"curies":[{"name":"wp","href":"https:\/\/api.w.org\/{rel}","templated":true}]}}