{"id":19592,"date":"2012-06-19T10:08:16","date_gmt":"2012-06-19T14:08:16","guid":{"rendered":"http:\/\/www.eltrabajo.cl\/portal\/?p=19592"},"modified":"2012-06-19T10:08:16","modified_gmt":"2012-06-19T14:08:16","slug":"alcalde-guillermo-reyes-%e2%80%9cel-gobierno-no-debe-entregar-el-agua-de-los-putaendinos-a-colbun%e2%80%9d","status":"publish","type":"post","link":"https:\/\/eltrabajo.cl\/portal\/alcalde-guillermo-reyes-%e2%80%9cel-gobierno-no-debe-entregar-el-agua-de-los-putaendinos-a-colbun%e2%80%9d\/","title":{"rendered":"Alcalde Guillermo Reyes: \u201cEl Gobierno no debe entregar el agua de los putaendinos a Colb\u00fan\u201d"},"content":{"rendered":"<figure id=\"attachment_19593\" aria-describedby=\"caption-attachment-19593\" style=\"width: 300px\" class=\"wp-caption alignleft\"><a href=\"http:\/\/www.eltrabajo.cl\/portal\/2012\/06\/alcalde-guillermo-reyes-%e2%80%9cel-gobierno-no-debe-entregar-el-agua-de-los-putaendinos-a-colbun%e2%80%9d\/guillermo-reyes-2-2\/\" rel=\"attachment wp-att-19593\"><img data-recalc-dims=\"1\" loading=\"lazy\" decoding=\"async\" class=\"size-medium wp-image-19593\" title=\"guillermo reyes (2)\" src=\"https:\/\/i0.wp.com\/www.eltrabajo.cl\/portal\/wp-content\/uploads\/2012\/06\/guillermo-reyes-2-300x225.jpg?resize=300%2C225\" alt=\"\" width=\"300\" height=\"225\" srcset=\"https:\/\/i0.wp.com\/eltrabajo.cl\/portal\/wp-content\/uploads\/2012\/06\/guillermo-reyes-2.jpg?resize=300%2C225&amp;ssl=1 300w, https:\/\/i0.wp.com\/eltrabajo.cl\/portal\/wp-content\/uploads\/2012\/06\/guillermo-reyes-2.jpg?resize=200%2C150&amp;ssl=1 200w, https:\/\/i0.wp.com\/eltrabajo.cl\/portal\/wp-content\/uploads\/2012\/06\/guillermo-reyes-2.jpg?resize=150%2C112&amp;ssl=1 150w, https:\/\/i0.wp.com\/eltrabajo.cl\/portal\/wp-content\/uploads\/2012\/06\/guillermo-reyes-2.jpg?resize=400%2C300&amp;ssl=1 400w, https:\/\/i0.wp.com\/eltrabajo.cl\/portal\/wp-content\/uploads\/2012\/06\/guillermo-reyes-2.jpg?w=600&amp;ssl=1 600w\" sizes=\"auto, (max-width: 300px) 100vw, 300px\" \/><\/a><figcaption id=\"caption-attachment-19593\" class=\"wp-caption-text\">El Alcalde Guillermo Reyes dijo que las declaraciones del Intendente eran una falta de respeto a toda la comunidad, acus\u00e1ndolo de no dar la cara y no decir las cosas de frente.<\/figcaption><\/figure>\n<p><strong>\u00a0PUTAENDO.-<\/strong> El Alcalde Guillermo Reyes sali\u00f3 al paso de las declaraciones del Intendente Ra\u00fal Celis, asegurando que no correspond\u00eda al Gobierno entregar las aguas de todos los putaendinos a la empresa Colb\u00fan.<\/p>\n<p>Estas declaraciones las entreg\u00f3 en respuesta a lo se\u00f1alado por la primera autoridad regional, quien dijo que no existe riesgo para llenar el embalse, seg\u00fan lo se\u00f1alado por los expertos, donde tambi\u00e9n dej\u00f3 entrever que la preocupaci\u00f3n de los regantes pasaba mayoritariamente porque no podr\u00e1n tener las centrales hidroel\u00e9ctricas para generar recursos. El Intendente acus\u00f3 al Alcalde Reyes de querer sacar provecho pol\u00edtico sobre este tema, tal cual lo hizo con el tema de los corrales, llam\u00e1ndole la atenci\u00f3n que siempre Putaendo se opon\u00eda a todas las obras de adelanto.<\/p>\n<p>Guillermo Reyes dijo que las declaraciones del Intendente eran una falta de respeto a toda la comunidad, acus\u00e1ndolo de no dar la cara y no decir las cosas de frente, asegurando que constantemente est\u00e1 desinformado de lo que ocurre en su regi\u00f3n y que lamentablemente es su caracter\u00edstica m\u00e1s conocida, como estar ausente en la regi\u00f3n. Agreg\u00f3 que solo se re\u00fane con las autoridades o candidatos que a \u00e9l le interesan, por lo cual no es representativo de la regi\u00f3n y que era \u00e9l quien politizaba las cosas, pues si reclamar por la falta de manejo en el tema de la sequ\u00eda, el p\u00e9simo estado de la carretera o por el agua era politizar las cosas, entonces lo seguir\u00e1 haciendo tal cual, pues dijo que no buscaba favorecerse con los temas que son de toda la comuna, donde tambi\u00e9n la gobernaci\u00f3n y algunos concejales quieren hacer ver que aqu\u00ed no hay ning\u00fan problema y que est\u00e1 todo s\u00faper bien.<\/p>\n<p>\u201cMe gustar\u00eda que el se\u00f1or Intendente nos dijera mejor como se botaron $500 millones en un terreno que hoy no sirve para sacar \u00e1ridos, y no faltarle el respeto a la comuna con los corrales donde al final ten\u00edamos la raz\u00f3n y nunca lo vimos interiorizarse del tema, seguramente guardar\u00e1 silencio pues la soberbia y el atropello a una comuna peque\u00f1a como la nuestra es lo que le importa a este Intendente y no estar junto a la gente\u201d, se\u00f1al\u00f3 Guillermo Reyes.<\/p>\n<p><strong>&#8211; El Intendente se\u00f1ala que no habr\u00e1 problemas para llenar el embalse.<\/strong><\/p>\n<p>&#8211; \u201cDecir que aqu\u00ed sobra el agua es estar desinformado, m\u00e1s a\u00fan cuando esos estudios son de 30 a\u00f1os atr\u00e1s y no con lo que hoy ocurre en nuestra comuna, porque no llaman a la Junta de Vigilancia y piden su opini\u00f3n y se abren a la posibilidad que aqu\u00ed las cosas est\u00e1n mal hechas, pues lo digo con todas sus letras, el Gobierno no debe entregar las aguas a Colb\u00fan. Durante 17 a\u00f1os se les dijo que no y hoy este gobierno se las entrega en bandeja. Y eso pasa porque la l\u00f3gica del gobierno ha sido contratar a profesionales del Instituto Libertad y Desarrollo, que han trabajado m\u00e1s de 17 a\u00f1os en las empresas privadas y que su fundamento se basa en la depredaci\u00f3n de los recursos naturales para que el rico sea m\u00e1s rico. Es m\u00e1s, el intendente quiere trasladar la discusi\u00f3n a si los putaendinos somos complicados o si el alcalde quiere sacar partido pol\u00edtico de una situaci\u00f3n donde nuevamente todos los putaendinos estamos unidos y rechazaremos hasta el final\u201d.<\/p>\n<p><strong>&#8211; Usted est\u00e1 sacando dividendo pol\u00edticos, asegur\u00f3 el Intendente.<\/strong><\/p>\n<p>&#8211; \u201cLa verdad es que no es conocer nuestra comuna ni menos mi trayectoria, yo vengo defendiendo los intereses de la comuna desde el primer d\u00eda en que fui electo alcalde y no hoy con c\u00e1lculos electorales, no me interesa el poder o sacar provecho pol\u00edtico de este y otros temas. Lo que diga el intendente es su opini\u00f3n, pero preg\u00fantele a nuestros vecinos y ver\u00e1 que est\u00e1 equivocado. Quiero se\u00f1alar que nosotros (municipio) m\u00e1s los regantes y todo el pueblo tiene derecho a rechazar que se le entreguen las aguas a una empresa privada. \u00bfQui\u00e9n asegura que luego no operar\u00e1n restricciones o simplemente decidan no entregar el agua comprometida, porque debemos quedar al arbitrio de una empresa que su \u00fanico inter\u00e9s es generar utilidades para s\u00ed misma\u201d.<\/p>\n<p>Finalmente Reyes dijo que \u201ccreemos que es tendencioso se\u00f1alar que la dificultad se genera por una eventual central hidroel\u00e9ctrica despu\u00e9s de la cortina del embalse, pues es no entender que son nuestros agricultores los que con esos recursos pueden pagar la parte no subsidiaba del embalse y no un antojo de los regantes\u201d.<\/p>\n<p><strong>Patricio Gallardo M.<\/strong><\/p>\n","protected":false},"excerpt":{"rendered":"<p>\u00a0PUTAENDO.- El Alcalde Guillermo Reyes sali\u00f3 al paso de las declaraciones del Intendente Ra\u00fal Celis, asegurando que no correspond\u00eda al Gobierno entregar las aguas de todos los putaendinos a la empresa Colb\u00fan&#8230;.<\/p>\n","protected":false},"author":482,"featured_media":19593,"comment_status":"open","ping_status":"closed","sticky":false,"template":"","format":"standard","meta":{"advanced_seo_description":"","jetpack_seo_html_title":"","jetpack_seo_noindex":false,"_jetpack_memberships_contains_paid_content":false,"footnotes":""},"categories":[1],"tags":[],"class_list":["post-19592","post","type-post","status-publish","format-standard","has-post-thumbnail","hentry","category-cronica"],"jetpack_featured_media_url":"https:\/\/i0.wp.com\/eltrabajo.cl\/portal\/wp-content\/uploads\/2012\/06\/guillermo-reyes-2.jpg?fit=600%2C451&ssl=1","jetpack_sharing_enabled":true,"jetpack_likes_enabled":true,"jetpack-related-posts":[],"_links":{"self":[{"href":"https:\/\/eltrabajo.cl\/portal\/wp-json\/wp\/v2\/posts\/19592","targetHints":{"allow":["GET"]}}],"collection":[{"href":"https:\/\/eltrabajo.cl\/portal\/wp-json\/wp\/v2\/posts"}],"about":[{"href":"https:\/\/eltrabajo.cl\/portal\/wp-json\/wp\/v2\/types\/post"}],"author":[{"embeddable":true,"href":"https:\/\/eltrabajo.cl\/portal\/wp-json\/wp\/v2\/users\/482"}],"replies":[{"embeddable":true,"href":"https:\/\/eltrabajo.cl\/portal\/wp-json\/wp\/v2\/comments?post=19592"}],"version-history":[{"count":0,"href":"https:\/\/eltrabajo.cl\/portal\/wp-json\/wp\/v2\/posts\/19592\/revisions"}],"wp:featuredmedia":[{"embeddable":true,"href":"https:\/\/eltrabajo.cl\/portal\/wp-json\/wp\/v2\/media\/19593"}],"wp:attachment":[{"href":"https:\/\/eltrabajo.cl\/portal\/wp-json\/wp\/v2\/media?parent=19592"}],"wp:term":[{"taxonomy":"category","embeddable":true,"href":"https:\/\/eltrabajo.cl\/portal\/wp-json\/wp\/v2\/categories?post=19592"},{"taxonomy":"post_tag","embeddable":true,"href":"https:\/\/eltrabajo.cl\/portal\/wp-json\/wp\/v2\/tags?post=19592"}],"curies":[{"name":"wp","href":"https:\/\/api.w.org\/{rel}","templated":true}]}}