{"id":19596,"date":"2012-06-19T10:10:55","date_gmt":"2012-06-19T14:10:55","guid":{"rendered":"http:\/\/www.eltrabajo.cl\/portal\/?p=19596"},"modified":"2012-06-19T10:10:55","modified_gmt":"2012-06-19T14:10:55","slug":"urgencia-hsc-llama-a-usar-servicio-de-manera-responsable-e-inteligente","status":"publish","type":"post","link":"https:\/\/eltrabajo.cl\/portal\/urgencia-hsc-llama-a-usar-servicio-de-manera-responsable-e-inteligente\/","title":{"rendered":"Urgencia HSC llama a usar servicio de manera responsable e inteligente"},"content":{"rendered":"<figure id=\"attachment_19597\" aria-describedby=\"caption-attachment-19597\" style=\"width: 300px\" class=\"wp-caption alignleft\"><a href=\"http:\/\/www.eltrabajo.cl\/portal\/2012\/06\/urgencia-hsc-llama-a-usar-servicio-de-manera-responsable-e-inteligente\/marcelo-yanez-leyton-jefe-urgencias-hsc-2\/\" rel=\"attachment wp-att-19597\"><img data-recalc-dims=\"1\" loading=\"lazy\" decoding=\"async\" class=\"size-medium wp-image-19597\" title=\"Marcelo Yanez Leyton Jefe Urgencias hsc (2)\" src=\"https:\/\/i0.wp.com\/www.eltrabajo.cl\/portal\/wp-content\/uploads\/2012\/06\/Marcelo-Yanez-Leyton-Jefe-Urgencias-hsc-2-300x225.jpg?resize=300%2C225\" alt=\"\" width=\"300\" height=\"225\" srcset=\"https:\/\/i0.wp.com\/eltrabajo.cl\/portal\/wp-content\/uploads\/2012\/06\/Marcelo-Yanez-Leyton-Jefe-Urgencias-hsc-2.jpg?resize=300%2C225&amp;ssl=1 300w, https:\/\/i0.wp.com\/eltrabajo.cl\/portal\/wp-content\/uploads\/2012\/06\/Marcelo-Yanez-Leyton-Jefe-Urgencias-hsc-2.jpg?resize=200%2C150&amp;ssl=1 200w, https:\/\/i0.wp.com\/eltrabajo.cl\/portal\/wp-content\/uploads\/2012\/06\/Marcelo-Yanez-Leyton-Jefe-Urgencias-hsc-2.jpg?resize=150%2C112&amp;ssl=1 150w, https:\/\/i0.wp.com\/eltrabajo.cl\/portal\/wp-content\/uploads\/2012\/06\/Marcelo-Yanez-Leyton-Jefe-Urgencias-hsc-2.jpg?resize=400%2C300&amp;ssl=1 400w, https:\/\/i0.wp.com\/eltrabajo.cl\/portal\/wp-content\/uploads\/2012\/06\/Marcelo-Yanez-Leyton-Jefe-Urgencias-hsc-2.jpg?w=600&amp;ssl=1 600w\" sizes=\"auto, (max-width: 300px) 100vw, 300px\" \/><\/a><figcaption id=\"caption-attachment-19597\" class=\"wp-caption-text\">El Jefe del Servicio de Urgencias, Dr. Marcelo Y\u00e1\u00f1ez Leyton, recomend\u00f3 a la poblaci\u00f3n preferir la atenci\u00f3n primaria para no sobrecargar los equipos de trabajo y a la vez no exponerse a contagios con personas afectadas en las salas de espera.<\/figcaption><\/figure>\n<ul>\n<li><strong>Esperando para las pr\u00f3ximas semanas el peak de atenciones respiratorias, el llamado es a no concurrir en casos menos graves y adem\u00e1s a venir s\u00f3lo las personas necesarias para no contagiar al resto de la familia en las salas de espera.<\/strong><\/li>\n<\/ul>\n<p>Un llamado a utilizar de manera responsable e inteligente los servicios del Hospital San Camilo realiz\u00f3 el Jefe del Servicio de Urgencias, Dr. Marcelo Y\u00e1\u00f1ez Leyton, quien recomend\u00f3 a la poblaci\u00f3n no concurrir en los casos que pueden ser atendidos en la atenci\u00f3n primaria, de manera de no sobrecargar a los equipos de trabajo y a la vez, para no exponerse a contagios propios de la \u00e9poca al relacionarse con personas contagiadas en las salas de espera.<\/p>\n<p>Si bien a la fecha todav\u00eda no se registran mayores alzas en el n\u00famero de consultas por enfermedades respiratorias, ya se est\u00e1n comenzando a ver casos m\u00e1s complicados, aunque en n\u00fameros la cantidad de usuarios que consulta normalmente se ha mantenido cercano a lo estimado para esta fecha, con un promedio superior a las 200 personas en consulta diaria.<\/p>\n<p>\u201cSi bien ya estamos en la campa\u00f1a de invierno, todav\u00eda no llegamos al peak de las atenciones en lo que a enfermedades respiratorias se refiere, por lo que estamos dando respuesta a nuestros usuarios y afrontando el desaf\u00edo gracias al esfuerzo de todos nuestros funcionarios\u201d, asegur\u00f3 el jefe de Urgencias.<\/p>\n<p>De todas maneras, el cirujano reforz\u00f3 el llamado a toda la comunidad a ser responsables y cooperar con el Hospital, evitando concurrir al recinto si no es estrictamente necesario, recordando que el establecimiento es un lugar donde se concentran las enfermedades.<\/p>\n<p>\u201cHacemos un llamado a toda la comunidad a que no concurra de no ser necesario, lo que quiere decir por ejemplo, que evite venir toda la familia acompa\u00f1ando a un menor a Urgencia o que eviten visitar a los hospitalizados si no son familiares directos, lo que ser\u00eda de gran ayuda para todos, pues as\u00ed no se contagian m\u00e1s personas innecesariamente\u201d, aconsej\u00f3.<\/p>\n","protected":false},"excerpt":{"rendered":"<p>Esperando para las pr\u00f3ximas semanas el peak de atenciones respiratorias, el llamado es a no concurrir en casos menos graves y adem\u00e1s a venir s\u00f3lo las personas necesarias para no contagiar al&#8230;<\/p>\n","protected":false},"author":482,"featured_media":19597,"comment_status":"open","ping_status":"closed","sticky":false,"template":"","format":"standard","meta":{"advanced_seo_description":"","jetpack_seo_html_title":"","jetpack_seo_noindex":false,"_jetpack_memberships_contains_paid_content":false,"footnotes":""},"categories":[1],"tags":[],"class_list":["post-19596","post","type-post","status-publish","format-standard","has-post-thumbnail","hentry","category-cronica"],"jetpack_featured_media_url":"https:\/\/i0.wp.com\/eltrabajo.cl\/portal\/wp-content\/uploads\/2012\/06\/Marcelo-Yanez-Leyton-Jefe-Urgencias-hsc-2.jpg?fit=600%2C450&ssl=1","jetpack_sharing_enabled":true,"jetpack_likes_enabled":true,"jetpack-related-posts":[],"_links":{"self":[{"href":"https:\/\/eltrabajo.cl\/portal\/wp-json\/wp\/v2\/posts\/19596","targetHints":{"allow":["GET"]}}],"collection":[{"href":"https:\/\/eltrabajo.cl\/portal\/wp-json\/wp\/v2\/posts"}],"about":[{"href":"https:\/\/eltrabajo.cl\/portal\/wp-json\/wp\/v2\/types\/post"}],"author":[{"embeddable":true,"href":"https:\/\/eltrabajo.cl\/portal\/wp-json\/wp\/v2\/users\/482"}],"replies":[{"embeddable":true,"href":"https:\/\/eltrabajo.cl\/portal\/wp-json\/wp\/v2\/comments?post=19596"}],"version-history":[{"count":0,"href":"https:\/\/eltrabajo.cl\/portal\/wp-json\/wp\/v2\/posts\/19596\/revisions"}],"wp:featuredmedia":[{"embeddable":true,"href":"https:\/\/eltrabajo.cl\/portal\/wp-json\/wp\/v2\/media\/19597"}],"wp:attachment":[{"href":"https:\/\/eltrabajo.cl\/portal\/wp-json\/wp\/v2\/media?parent=19596"}],"wp:term":[{"taxonomy":"category","embeddable":true,"href":"https:\/\/eltrabajo.cl\/portal\/wp-json\/wp\/v2\/categories?post=19596"},{"taxonomy":"post_tag","embeddable":true,"href":"https:\/\/eltrabajo.cl\/portal\/wp-json\/wp\/v2\/tags?post=19596"}],"curies":[{"name":"wp","href":"https:\/\/api.w.org\/{rel}","templated":true}]}}