{"id":19600,"date":"2012-06-19T10:12:39","date_gmt":"2012-06-19T14:12:39","guid":{"rendered":"http:\/\/www.eltrabajo.cl\/portal\/?p=19600"},"modified":"2012-06-19T10:12:39","modified_gmt":"2012-06-19T14:12:39","slug":"millonaria-inversion-para-recuperar-bandejon-central-de-la-avenida-yungay","status":"publish","type":"post","link":"https:\/\/eltrabajo.cl\/portal\/millonaria-inversion-para-recuperar-bandejon-central-de-la-avenida-yungay\/","title":{"rendered":"Millonaria inversi\u00f3n para recuperar bandej\u00f3n central de la avenida Yungay"},"content":{"rendered":"<figure id=\"attachment_19601\" aria-describedby=\"caption-attachment-19601\" style=\"width: 600px\" class=\"wp-caption alignnone\"><a href=\"http:\/\/www.eltrabajo.cl\/portal\/2012\/06\/millonaria-inversion-para-recuperar-bandejon-central-de-la-avenida-yungay\/bandejon-central\/\" rel=\"attachment wp-att-19601\"><img data-recalc-dims=\"1\" loading=\"lazy\" decoding=\"async\" class=\"size-full wp-image-19601\" title=\"bandejon central\" src=\"https:\/\/i0.wp.com\/www.eltrabajo.cl\/portal\/wp-content\/uploads\/2012\/06\/bandejon-central.jpg?resize=600%2C450\" alt=\"\" width=\"600\" height=\"450\" srcset=\"https:\/\/i0.wp.com\/eltrabajo.cl\/portal\/wp-content\/uploads\/2012\/06\/bandejon-central.jpg?w=600&amp;ssl=1 600w, https:\/\/i0.wp.com\/eltrabajo.cl\/portal\/wp-content\/uploads\/2012\/06\/bandejon-central.jpg?resize=200%2C150&amp;ssl=1 200w, https:\/\/i0.wp.com\/eltrabajo.cl\/portal\/wp-content\/uploads\/2012\/06\/bandejon-central.jpg?resize=300%2C225&amp;ssl=1 300w, https:\/\/i0.wp.com\/eltrabajo.cl\/portal\/wp-content\/uploads\/2012\/06\/bandejon-central.jpg?resize=150%2C112&amp;ssl=1 150w, https:\/\/i0.wp.com\/eltrabajo.cl\/portal\/wp-content\/uploads\/2012\/06\/bandejon-central.jpg?resize=400%2C300&amp;ssl=1 400w\" sizes=\"auto, (max-width: 600px) 100vw, 600px\" \/><\/a><figcaption id=\"caption-attachment-19601\" class=\"wp-caption-text\">En el sector entre Merced y Freire se construir\u00e1n \u00e1reas verdes, mobiliario y luminarias, con el objetivo de recuperar un sector que es bastante usado por los vecinos que utilizan el terminal de buses.<\/figcaption><\/figure>\n<p>Un nuevo proyecto de mejoramiento de \u00e1reas verdes se empezar\u00e1 a ejecutar en los pr\u00f3ximos 30 d\u00edas en el bandej\u00f3n central de la avenida Yungay, entre Merced y Freire y entre San Mart\u00edn y O\u00b4Higgins.<\/p>\n<p>Este lunes visitaron el sector las empresas interesadas en desarrollar el proyecto, que busca mejorar el sector con la instalaci\u00f3n de m\u00e1s \u00e1reas verdes, luminaria de \u00faltima generaci\u00f3n, bancas y sectores pavimentados, para que la comunidad tenga m\u00e1s facilidad para transitar por el sector.<\/p>\n<p>La iniciativa tiene una inversi\u00f3n que alcanza los sesenta millones de pesos y corresponde a la licitaci\u00f3n que realiz\u00f3 el municipio de la isla que se ubica a un costado de la tienda Falabella.<\/p>\n<figure id=\"attachment_19602\" aria-describedby=\"caption-attachment-19602\" style=\"width: 300px\" class=\"wp-caption alignright\"><a href=\"http:\/\/www.eltrabajo.cl\/portal\/2012\/06\/millonaria-inversion-para-recuperar-bandejon-central-de-la-avenida-yungay\/proyecto-1\/\" rel=\"attachment wp-att-19602\"><img data-recalc-dims=\"1\" loading=\"lazy\" decoding=\"async\" class=\"size-medium wp-image-19602\" title=\"proyecto (1)\" src=\"https:\/\/i0.wp.com\/www.eltrabajo.cl\/portal\/wp-content\/uploads\/2012\/06\/proyecto-1-300x225.jpg?resize=300%2C225\" alt=\"\" width=\"300\" height=\"225\" srcset=\"https:\/\/i0.wp.com\/eltrabajo.cl\/portal\/wp-content\/uploads\/2012\/06\/proyecto-1.jpg?resize=300%2C225&amp;ssl=1 300w, https:\/\/i0.wp.com\/eltrabajo.cl\/portal\/wp-content\/uploads\/2012\/06\/proyecto-1.jpg?resize=200%2C150&amp;ssl=1 200w, https:\/\/i0.wp.com\/eltrabajo.cl\/portal\/wp-content\/uploads\/2012\/06\/proyecto-1.jpg?resize=150%2C112&amp;ssl=1 150w, https:\/\/i0.wp.com\/eltrabajo.cl\/portal\/wp-content\/uploads\/2012\/06\/proyecto-1.jpg?resize=400%2C300&amp;ssl=1 400w, https:\/\/i0.wp.com\/eltrabajo.cl\/portal\/wp-content\/uploads\/2012\/06\/proyecto-1.jpg?w=600&amp;ssl=1 600w\" sizes=\"auto, (max-width: 300px) 100vw, 300px\" \/><\/a><figcaption id=\"caption-attachment-19602\" class=\"wp-caption-text\">Este es el proyecto que existe para la recuperaci\u00f3n de la avenida, la que ser\u00e1 pavimentada en algunas \u00e1reas para el mejor desplazamiento de los vecinos.<\/figcaption><\/figure>\n<p>En la ejecuci\u00f3n de este proyecto se va a probar un mecanismo distinto de ejecuci\u00f3n de obras, en el que parte de este proyecto lo va a desarrollar el municipio, a trav\u00e9s de la compra del mobiliario, la instalaci\u00f3n del alumbrado interno y la siembra de las semillas, elementos que ser\u00e1n entregados directamente a las empresas, las que se abocar\u00e1n a la instalaci\u00f3n del riego tecnificado y a la siembra del pasto.<\/p>\n<p>Adem\u00e1s en el sector del bandej\u00f3n, entre Merced y Freire, se determin\u00f3 la construcci\u00f3n de una p\u00e9rgola central, que ser\u00e1 una v\u00eda de conexi\u00f3n hacia el terminal de buses, un sector que contar\u00e1 con asientos especialmente destinados a las personas que tengan que hacer uso del terminal para esperar pasajeros.<\/p>\n<p>\u201cAparte de los faroles que tenemos, se van a incorporar seis m\u00e1s por bandej\u00f3n, basureros de \u00faltima generaci\u00f3n, en el bandej\u00f3n de Merced a Freire se va a hacer una especie de glorieta para la gente que transita en el terminal y veredas con cemento, para que la gente transite c\u00f3modamente por las veredas\u201d, se\u00f1al\u00f3 Jorge Herrera, t\u00e9cnico agr\u00edcola de la Municipalidad de San Felipe.<\/p>\n<p>Se estima que dentro de la pr\u00f3xima semana se podr\u00eda estar adjudicando una de las empresas el desarrollo de las obras, la que tiene 40 d\u00edas de corrido para entregar los trabajos al municipio, de acuerdo a las bases.<\/p>\n<p><strong>BANDEJONES<\/strong><\/p>\n<p>En tanto el otro bandej\u00f3n que se ubica entre San Mart\u00edn y O\u00b4Higgins tendr\u00e1 un \u00e9nfasis escolar, donde la idea es que sean los alumnos de la escuela y del instituto del sector quienes lo utilicen.<\/p>\n<p>El bandej\u00f3n de la avenida Yungay, frente a la feria, se est\u00e1 dejando para un an\u00e1lisis posterior, porque la situaci\u00f3n se est\u00e1 reestudiando para determinar que aspectos ser\u00e1n mejorados.<\/p>\n<p>Una situaci\u00f3n similar se produce con el bandej\u00f3n frente al supermercado Santa Isabel, ya que seg\u00fan se\u00f1al\u00f3 el Alcalde Jaime Amar, en ese sector se est\u00e1 analizando la construcci\u00f3n de estacionamientos subterr\u00e1neos, pensando en la realidad de autom\u00f3viles dentro de los pr\u00f3ximos a\u00f1os.<\/p>\n<p>Mientras que el bandej\u00f3n entre Prat y Merced, podr\u00eda ser entregado a un microempresario del \u00e1rea del juguete, el que estar\u00eda pensando en la implementaci\u00f3n de un proyecto para el uso cotidiano de actividades.<\/p>\n","protected":false},"excerpt":{"rendered":"<p>Un nuevo proyecto de mejoramiento de \u00e1reas verdes se empezar\u00e1 a ejecutar en los pr\u00f3ximos 30 d\u00edas en el bandej\u00f3n central de la avenida Yungay, entre Merced y Freire y entre San&#8230;<\/p>\n","protected":false},"author":482,"featured_media":19601,"comment_status":"open","ping_status":"closed","sticky":false,"template":"","format":"standard","meta":{"advanced_seo_description":"","jetpack_seo_html_title":"","jetpack_seo_noindex":false,"_jetpack_memberships_contains_paid_content":false,"footnotes":""},"categories":[1],"tags":[],"class_list":["post-19600","post","type-post","status-publish","format-standard","has-post-thumbnail","hentry","category-cronica"],"jetpack_featured_media_url":"https:\/\/i0.wp.com\/eltrabajo.cl\/portal\/wp-content\/uploads\/2012\/06\/bandejon-central.jpg?fit=600%2C450&ssl=1","jetpack_sharing_enabled":true,"jetpack_likes_enabled":true,"jetpack-related-posts":[],"_links":{"self":[{"href":"https:\/\/eltrabajo.cl\/portal\/wp-json\/wp\/v2\/posts\/19600","targetHints":{"allow":["GET"]}}],"collection":[{"href":"https:\/\/eltrabajo.cl\/portal\/wp-json\/wp\/v2\/posts"}],"about":[{"href":"https:\/\/eltrabajo.cl\/portal\/wp-json\/wp\/v2\/types\/post"}],"author":[{"embeddable":true,"href":"https:\/\/eltrabajo.cl\/portal\/wp-json\/wp\/v2\/users\/482"}],"replies":[{"embeddable":true,"href":"https:\/\/eltrabajo.cl\/portal\/wp-json\/wp\/v2\/comments?post=19600"}],"version-history":[{"count":0,"href":"https:\/\/eltrabajo.cl\/portal\/wp-json\/wp\/v2\/posts\/19600\/revisions"}],"wp:featuredmedia":[{"embeddable":true,"href":"https:\/\/eltrabajo.cl\/portal\/wp-json\/wp\/v2\/media\/19601"}],"wp:attachment":[{"href":"https:\/\/eltrabajo.cl\/portal\/wp-json\/wp\/v2\/media?parent=19600"}],"wp:term":[{"taxonomy":"category","embeddable":true,"href":"https:\/\/eltrabajo.cl\/portal\/wp-json\/wp\/v2\/categories?post=19600"},{"taxonomy":"post_tag","embeddable":true,"href":"https:\/\/eltrabajo.cl\/portal\/wp-json\/wp\/v2\/tags?post=19600"}],"curies":[{"name":"wp","href":"https:\/\/api.w.org\/{rel}","templated":true}]}}