{"id":19605,"date":"2012-06-19T10:13:59","date_gmt":"2012-06-19T14:13:59","guid":{"rendered":"http:\/\/www.eltrabajo.cl\/portal\/?p=19605"},"modified":"2012-06-19T10:13:59","modified_gmt":"2012-06-19T14:13:59","slug":"en-30-dias-mas-deberian-entregar-obras-del-terminal-de-buses","status":"publish","type":"post","link":"https:\/\/eltrabajo.cl\/portal\/en-30-dias-mas-deberian-entregar-obras-del-terminal-de-buses\/","title":{"rendered":"En 30 d\u00edas m\u00e1s deber\u00edan entregar obras del terminal de buses"},"content":{"rendered":"<figure id=\"attachment_19606\" aria-describedby=\"caption-attachment-19606\" style=\"width: 600px\" class=\"wp-caption alignnone\"><a href=\"http:\/\/www.eltrabajo.cl\/portal\/2012\/06\/en-30-dias-mas-deberian-entregar-obras-del-terminal-de-buses\/terminal-de-buses-4\/\" rel=\"attachment wp-att-19606\"><img data-recalc-dims=\"1\" loading=\"lazy\" decoding=\"async\" class=\"size-full wp-image-19606\" title=\"terminal de buses (4)\" src=\"https:\/\/i0.wp.com\/www.eltrabajo.cl\/portal\/wp-content\/uploads\/2012\/06\/terminal-de-buses-4.jpg?resize=600%2C450\" alt=\"\" width=\"600\" height=\"450\" srcset=\"https:\/\/i0.wp.com\/eltrabajo.cl\/portal\/wp-content\/uploads\/2012\/06\/terminal-de-buses-4.jpg?w=600&amp;ssl=1 600w, https:\/\/i0.wp.com\/eltrabajo.cl\/portal\/wp-content\/uploads\/2012\/06\/terminal-de-buses-4.jpg?resize=200%2C150&amp;ssl=1 200w, https:\/\/i0.wp.com\/eltrabajo.cl\/portal\/wp-content\/uploads\/2012\/06\/terminal-de-buses-4.jpg?resize=300%2C225&amp;ssl=1 300w, https:\/\/i0.wp.com\/eltrabajo.cl\/portal\/wp-content\/uploads\/2012\/06\/terminal-de-buses-4.jpg?resize=150%2C112&amp;ssl=1 150w, https:\/\/i0.wp.com\/eltrabajo.cl\/portal\/wp-content\/uploads\/2012\/06\/terminal-de-buses-4.jpg?resize=400%2C300&amp;ssl=1 400w\" sizes=\"auto, (max-width: 600px) 100vw, 600px\" \/><\/a><figcaption id=\"caption-attachment-19606\" class=\"wp-caption-text\">En unos 30 d\u00edas m\u00e1s deber\u00edan estar entregadas las obras que se realizan en el terminal de buses, un proyecto que ha tenido bastantes problemas en su ejecuci\u00f3n.<\/figcaption><\/figure>\n<p>Treinta d\u00edas m\u00e1s ser\u00eda el plazo de entrega del terminal rodoviario, un proyecto que sufri\u00f3 varios contratiempos y que en estos momentos tiene un 50% de la obra gruesa construida.<\/p>\n<p>La estructura met\u00e1lica se encuentra en proceso de desarrollo, la que podr\u00eda quedar finalizada en los pr\u00f3ximos d\u00edas. En tanto en el sector exterior ya est\u00e1 instalado el sistema de alcantarillado y de agua para los kioskos que est\u00e1n ubicados en este lugar.<\/p>\n<p>Asimismo se espera que esta semana comience a trabajar la empresa encargada de la instalaci\u00f3n de las baldosas en el interior del edificio, lo que podr\u00eda quedar concluido en unos 30 d\u00edas m\u00e1s.<\/p>\n<p>Seg\u00fan explic\u00f3 el Alcalde Jaime Amar, a diferencia de lo que ocurr\u00eda anteriormente donde operaban cinco andenes, desde ahora se podr\u00e1 contar con ocho y con la posibilidad de aumentar dos m\u00e1s, es decir tener diez andenes para el uso de los buses.<\/p>\n<p>En la parte interior en tanto, quedan las empresas que han estado funcionando hasta esta fecha, aunque existe la posibilidad de que cualquier empresa que solicite instalarse, pueda hacerlo y contar con las comodidades para funcionar.<\/p>\n<p>Adem\u00e1s al municipio han ingresado tres proyectos, en lo que es la zona de entrada del terminal, a cargo de Buses Ahumada, JM y de un privado, el que dice relaci\u00f3n con una cafeter\u00eda, a lo que se suma un kiosko de artesan\u00eda local.<\/p>\n<p>\u201cHoy d\u00eda eso tambi\u00e9n va a ser revisado por el Concejo, tenemos una propuesta, estamos ajustando todos los detalles, de tal manera que se pueda tambi\u00e9n tener un terminal que ofrezca otros servicios adicionales, pero pensando en el funcionamiento\u201d, dijo el Alcalde.<\/p>\n<p>El terminal va a contar, adem\u00e1s, con un ingreso distinto, estructura que en la noche quedar\u00e1 absolutamente cerrada para entregar las condiciones de seguridad a sus usuarios.<\/p>\n<p>El desarrollo del proyecto ha tenido bastantes problemas, entre los que se cuentan que las instalaciones el\u00e9ctricas estaban sujetas a la estructura del terminal y a la Fiscal\u00eda, una situaci\u00f3n que al tratar de solucionarse, tom\u00f3 alrededor de 15 d\u00edas, lo que retras\u00f3 el desarrollo de las obras.<\/p>\n","protected":false},"excerpt":{"rendered":"<p>Treinta d\u00edas m\u00e1s ser\u00eda el plazo de entrega del terminal rodoviario, un proyecto que sufri\u00f3 varios contratiempos y que en estos momentos tiene un 50% de la obra gruesa construida. La estructura&#8230;<\/p>\n","protected":false},"author":482,"featured_media":19606,"comment_status":"open","ping_status":"closed","sticky":false,"template":"","format":"standard","meta":{"advanced_seo_description":"","jetpack_seo_html_title":"","jetpack_seo_noindex":false,"_jetpack_memberships_contains_paid_content":false,"footnotes":""},"categories":[1],"tags":[],"class_list":["post-19605","post","type-post","status-publish","format-standard","has-post-thumbnail","hentry","category-cronica"],"jetpack_featured_media_url":"https:\/\/i0.wp.com\/eltrabajo.cl\/portal\/wp-content\/uploads\/2012\/06\/terminal-de-buses-4.jpg?fit=600%2C450&ssl=1","jetpack_sharing_enabled":true,"jetpack_likes_enabled":true,"jetpack-related-posts":[],"_links":{"self":[{"href":"https:\/\/eltrabajo.cl\/portal\/wp-json\/wp\/v2\/posts\/19605","targetHints":{"allow":["GET"]}}],"collection":[{"href":"https:\/\/eltrabajo.cl\/portal\/wp-json\/wp\/v2\/posts"}],"about":[{"href":"https:\/\/eltrabajo.cl\/portal\/wp-json\/wp\/v2\/types\/post"}],"author":[{"embeddable":true,"href":"https:\/\/eltrabajo.cl\/portal\/wp-json\/wp\/v2\/users\/482"}],"replies":[{"embeddable":true,"href":"https:\/\/eltrabajo.cl\/portal\/wp-json\/wp\/v2\/comments?post=19605"}],"version-history":[{"count":0,"href":"https:\/\/eltrabajo.cl\/portal\/wp-json\/wp\/v2\/posts\/19605\/revisions"}],"wp:featuredmedia":[{"embeddable":true,"href":"https:\/\/eltrabajo.cl\/portal\/wp-json\/wp\/v2\/media\/19606"}],"wp:attachment":[{"href":"https:\/\/eltrabajo.cl\/portal\/wp-json\/wp\/v2\/media?parent=19605"}],"wp:term":[{"taxonomy":"category","embeddable":true,"href":"https:\/\/eltrabajo.cl\/portal\/wp-json\/wp\/v2\/categories?post=19605"},{"taxonomy":"post_tag","embeddable":true,"href":"https:\/\/eltrabajo.cl\/portal\/wp-json\/wp\/v2\/tags?post=19605"}],"curies":[{"name":"wp","href":"https:\/\/api.w.org\/{rel}","templated":true}]}}