{"id":19609,"date":"2012-06-19T10:17:45","date_gmt":"2012-06-19T14:17:45","guid":{"rendered":"http:\/\/www.eltrabajo.cl\/portal\/?p=19609"},"modified":"2012-06-19T10:27:24","modified_gmt":"2012-06-19T14:27:24","slug":"a-10-anos-fue-condenado-ultimo-integrante-de-la-peligrosa-banda-del-%e2%80%98tiki-tiki%e2%80%99","status":"publish","type":"post","link":"https:\/\/eltrabajo.cl\/portal\/a-10-anos-fue-condenado-ultimo-integrante-de-la-peligrosa-banda-del-%e2%80%98tiki-tiki%e2%80%99\/","title":{"rendered":"A 10 a\u00f1os fue condenado \u00faltimo integrante de la peligrosa banda del \u2018Tiki Tiki\u2019"},"content":{"rendered":"<figure id=\"attachment_19610\" aria-describedby=\"caption-attachment-19610\" style=\"width: 600px\" class=\"wp-caption alignnone\"><a href=\"http:\/\/www.eltrabajo.cl\/portal\/2012\/06\/a-10-anos-fue-condenado-ultimo-integrante-de-la-peligrosa-banda-del-%e2%80%98tiki-tiki%e2%80%99\/banda-tiki-tiki\/\" rel=\"attachment wp-att-19610\"><img data-recalc-dims=\"1\" loading=\"lazy\" decoding=\"async\" class=\"size-full wp-image-19610\" title=\"Banda Tiki Tiki\" src=\"https:\/\/i0.wp.com\/www.eltrabajo.cl\/portal\/wp-content\/uploads\/2012\/06\/Banda-Tiki-Tiki.jpg?resize=600%2C455\" alt=\"\" width=\"600\" height=\"455\" srcset=\"https:\/\/i0.wp.com\/eltrabajo.cl\/portal\/wp-content\/uploads\/2012\/06\/Banda-Tiki-Tiki.jpg?w=600&amp;ssl=1 600w, https:\/\/i0.wp.com\/eltrabajo.cl\/portal\/wp-content\/uploads\/2012\/06\/Banda-Tiki-Tiki.jpg?resize=197%2C150&amp;ssl=1 197w, https:\/\/i0.wp.com\/eltrabajo.cl\/portal\/wp-content\/uploads\/2012\/06\/Banda-Tiki-Tiki.jpg?resize=300%2C227&amp;ssl=1 300w, https:\/\/i0.wp.com\/eltrabajo.cl\/portal\/wp-content\/uploads\/2012\/06\/Banda-Tiki-Tiki.jpg?resize=150%2C113&amp;ssl=1 150w, https:\/\/i0.wp.com\/eltrabajo.cl\/portal\/wp-content\/uploads\/2012\/06\/Banda-Tiki-Tiki.jpg?resize=400%2C303&amp;ssl=1 400w\" sizes=\"auto, (max-width: 600px) 100vw, 600px\" \/><\/a><figcaption id=\"caption-attachment-19610\" class=\"wp-caption-text\">La banda delictual encabezada por Cristi\u00e1n Casta\u00f1eda, al\u00edas el \u2018Tiki Tiki\u2019, fue desbaratada y sus cinco integrantes condenados.<\/figcaption><\/figure>\n<p>Pablo Salinas Sald\u00edas &#8211; <a href=\"mailto:psalinas@eltrabajo.cl\">psalinas@eltrabajo.cl<\/a><\/p>\n<p>Tras la lectura de sentencia emitida el pasado viernes por el Tribunal Oral en Lo Penal de San Felipe, Alexis Alfredo Fuentes Gonz\u00e1lez, sindicado como el \u00faltimo integrante de la peligrosa banda delictual liderada por el \u2018Tiki Tiki\u2019, fue sentenciado a cumplir una condena efectiva de diez a\u00f1os y un d\u00eda por su participaci\u00f3n en el delito de robo con violencia ocurrido el a\u00f1o 2009.<\/p>\n<p>Seg\u00fan la tesis del Ministerio P\u00fablico, el imputado Alexis Fuentes fue protagonista de un robo con violencia e intimidaci\u00f3n que afect\u00f3 a una familia compuesta por una madre y su hijo domiciliados en el sector Santa Rosa de Catemu, hechos ocurrido en el mes de diciembre del a\u00f1o 2009, cuando tres sujetos armados ingresaron hasta el inmueble maniatando a los moradores para robar diversos electrodom\u00e9sticos y dos millones de pesos en efectivo para posteriormente huir del lugar.<\/p>\n<p>Durante los hechos, una de las v\u00edctimas logr\u00f3 reconocer a uno de los delincuentes identificado como Cristi\u00e1n Casta\u00f1eda, apodado el \u2018Tiki Tiki\u2019, acredit\u00e1ndose adem\u00e1s la participaci\u00f3n de Fuentes Gonz\u00e1lez en este delito y que tras encontrarse pr\u00f3fugo de la justicia, fue condenado por el Tribunal Oral.<\/p>\n<p>Cabe recordar que dicha banda particip\u00f3 en diferentes delitos de robos caracterizados por la violencia extrema desde el a\u00f1o 2009 en diferentes comunas de la provincia. Los delincuentes premunidos de armas de fuego y cortopunzantes, golpeaban y maniataban a sus v\u00edctimas quienes recibieron amenazas de muerte en los momentos que ingresaban a las viviendas, sustrayendo joyas, diversas especies de alto valor y dinero en efectivo. A lo anterior se le suma el asalto a mano armada a un taxista adem\u00e1s del robo a un cajero autom\u00e1tico ubicado al interior del Terminal Rodoviario de San Felipe.<\/p>\n<p>Sin embargo gracias al Ministerio P\u00fablico de San Felipe encabezado por el Fiscal Jefe Osvaldo Basso Cerda, el l\u00edder de la banda criminal Cristi\u00e1n Casta\u00f1eda, obtuvo la mayor condena por cinco delitos, debiendo cumplir la pena de 20 a\u00f1os de presidio; en el caso de Francisco Gonz\u00e1lez Corral, por tres delitos cumple condena de 17 a\u00f1os; Cristi\u00e1n Mu\u00f1oz Meneses, por dos delitos cumplir\u00e1 15 a\u00f1os en su grado medio, mientras que Michael Pinto Pinto fue condenado a 10 a\u00f1os y un d\u00eda por su participaci\u00f3n en el robo al cajero autom\u00e1tico.<\/p>\n<p>No obstante, para el Ministerio P\u00fablico estas condenas representan gran satisfacci\u00f3n tras lograr desbaratar esta banda delictual, culminando con la condena de 10 a\u00f1os para el \u00faltimo integrante Alexis Fuentes Gonz\u00e1lez, la que deber\u00eda ser ejecutoriada en los pr\u00f3ximos d\u00edas.<\/p>\n","protected":false},"excerpt":{"rendered":"<p>Pablo Salinas Sald\u00edas &#8211; psalinas@eltrabajo.cl Tras la lectura de sentencia emitida el pasado viernes por el Tribunal Oral en Lo Penal de San Felipe, Alexis Alfredo Fuentes Gonz\u00e1lez, sindicado como el \u00faltimo&#8230;<\/p>\n","protected":false},"author":482,"featured_media":19610,"comment_status":"open","ping_status":"closed","sticky":false,"template":"","format":"standard","meta":{"advanced_seo_description":"","jetpack_seo_html_title":"","jetpack_seo_noindex":false,"_jetpack_memberships_contains_paid_content":false,"footnotes":""},"categories":[21],"tags":[],"class_list":["post-19609","post","type-post","status-publish","format-standard","has-post-thumbnail","hentry","category-policial"],"jetpack_featured_media_url":"https:\/\/i0.wp.com\/eltrabajo.cl\/portal\/wp-content\/uploads\/2012\/06\/Banda-Tiki-Tiki.jpg?fit=600%2C455&ssl=1","jetpack_sharing_enabled":true,"jetpack_likes_enabled":true,"jetpack-related-posts":[],"_links":{"self":[{"href":"https:\/\/eltrabajo.cl\/portal\/wp-json\/wp\/v2\/posts\/19609","targetHints":{"allow":["GET"]}}],"collection":[{"href":"https:\/\/eltrabajo.cl\/portal\/wp-json\/wp\/v2\/posts"}],"about":[{"href":"https:\/\/eltrabajo.cl\/portal\/wp-json\/wp\/v2\/types\/post"}],"author":[{"embeddable":true,"href":"https:\/\/eltrabajo.cl\/portal\/wp-json\/wp\/v2\/users\/482"}],"replies":[{"embeddable":true,"href":"https:\/\/eltrabajo.cl\/portal\/wp-json\/wp\/v2\/comments?post=19609"}],"version-history":[{"count":0,"href":"https:\/\/eltrabajo.cl\/portal\/wp-json\/wp\/v2\/posts\/19609\/revisions"}],"wp:featuredmedia":[{"embeddable":true,"href":"https:\/\/eltrabajo.cl\/portal\/wp-json\/wp\/v2\/media\/19610"}],"wp:attachment":[{"href":"https:\/\/eltrabajo.cl\/portal\/wp-json\/wp\/v2\/media?parent=19609"}],"wp:term":[{"taxonomy":"category","embeddable":true,"href":"https:\/\/eltrabajo.cl\/portal\/wp-json\/wp\/v2\/categories?post=19609"},{"taxonomy":"post_tag","embeddable":true,"href":"https:\/\/eltrabajo.cl\/portal\/wp-json\/wp\/v2\/tags?post=19609"}],"curies":[{"name":"wp","href":"https:\/\/api.w.org\/{rel}","templated":true}]}}