{"id":19613,"date":"2012-06-19T10:29:16","date_gmt":"2012-06-19T14:29:16","guid":{"rendered":"http:\/\/www.eltrabajo.cl\/portal\/?p=19613"},"modified":"2012-06-19T10:29:16","modified_gmt":"2012-06-19T14:29:16","slug":"por-estafar-con-%e2%80%98autos-fantasmas%e2%80%99-pasara-los-siguientes-cuatro-anos-en-prision","status":"publish","type":"post","link":"https:\/\/eltrabajo.cl\/portal\/por-estafar-con-%e2%80%98autos-fantasmas%e2%80%99-pasara-los-siguientes-cuatro-anos-en-prision\/","title":{"rendered":"Por estafar con \u2018autos fantasmas\u2019, pasar\u00e1 los siguientes cuatro a\u00f1os en prisi\u00f3n"},"content":{"rendered":"<figure id=\"attachment_19617\" aria-describedby=\"caption-attachment-19617\" style=\"width: 300px\" class=\"wp-caption alignleft\"><a href=\"http:\/\/www.eltrabajo.cl\/portal\/2012\/06\/por-estafar-con-%e2%80%98autos-fantasmas%e2%80%99-pasara-los-siguientes-cuatro-anos-en-prision\/fiscal-eduardo-fajardo-3\/\" rel=\"attachment wp-att-19617\"><img data-recalc-dims=\"1\" loading=\"lazy\" decoding=\"async\" class=\"size-medium wp-image-19617\" title=\"Fiscal Eduardo Fajardo\" src=\"https:\/\/i0.wp.com\/www.eltrabajo.cl\/portal\/wp-content\/uploads\/2012\/06\/Fiscal-Eduardo-Fajardo-300x258.jpg?resize=300%2C258\" alt=\"\" width=\"300\" height=\"258\" srcset=\"https:\/\/i0.wp.com\/eltrabajo.cl\/portal\/wp-content\/uploads\/2012\/06\/Fiscal-Eduardo-Fajardo.jpg?resize=300%2C258&amp;ssl=1 300w, https:\/\/i0.wp.com\/eltrabajo.cl\/portal\/wp-content\/uploads\/2012\/06\/Fiscal-Eduardo-Fajardo.jpg?resize=174%2C150&amp;ssl=1 174w, https:\/\/i0.wp.com\/eltrabajo.cl\/portal\/wp-content\/uploads\/2012\/06\/Fiscal-Eduardo-Fajardo.jpg?resize=150%2C129&amp;ssl=1 150w, https:\/\/i0.wp.com\/eltrabajo.cl\/portal\/wp-content\/uploads\/2012\/06\/Fiscal-Eduardo-Fajardo.jpg?resize=400%2C344&amp;ssl=1 400w, https:\/\/i0.wp.com\/eltrabajo.cl\/portal\/wp-content\/uploads\/2012\/06\/Fiscal-Eduardo-Fajardo.jpg?w=600&amp;ssl=1 600w\" sizes=\"auto, (max-width: 300px) 100vw, 300px\" \/><\/a><figcaption id=\"caption-attachment-19617\" class=\"wp-caption-text\">El Fiscal Eduardo Fajardo logr\u00f3 demostrar al Tribunal Oral el delito de Estafa.<\/figcaption><\/figure>\n<p>Pablo Salinas Sald\u00edas &#8211; <a href=\"mailto:psalinas@eltrabajo.cl\">psalinas@eltrabajo.cl<\/a><\/p>\n<p>Condenado a cumplir una pena de cuatro a\u00f1os de presidio efectivo fue sentenciado un sujeto domiciliado en la comuna de Llay Llay, identificado como Emilio Germ\u00e1n Orme\u00f1o Moya, tras acreditarse tres de cuatros delitos de estafa a cuatro personas que anhelaban el sue\u00f1o de poseer un veh\u00edculo a bajo costo.<\/p>\n<p>Seg\u00fan las pruebas rendidas por el Ministerio P\u00fablico, los hechos se produjeron entre el a\u00f1o 2006 y 2007, cuando el imputado contact\u00f3 a cuatro personas domiciliadas en San Felipe, Catemu y Llay Llay, utilizando el mismo modus operandi de tener facultades para adquirir veh\u00edculos a un buen precio, supuestamente gracias a un contacto con un martillero p\u00fablico. De esta forma recib\u00eda los dineros que van desde los $300.000 a $1.500.000 de las ilusionadas personas que se endeudaron en cr\u00e9ditos y que nunca recibieron sus veh\u00edculos.<\/p>\n<p>Tras recibir los pagos, el sujeto tramitaba a las v\u00edctimas por meses hasta que finalmente no contestaba el tel\u00e9fono, quedando inubicable, raz\u00f3n por lo cual tras la investigaci\u00f3n realizada por la Fiscal\u00eda Local representada por Eduardo Fajardo, se pudo llevar a Emilio Orme\u00f1o a Juicio Oral, logrando convencer a la terna de jueces del Tribunal Oral en Lo Penal de San Felipe, conden\u00e1ndolo a cuatro a\u00f1os de presidio efectivo y al pago de diez Unidades Tributarias Mensuales.<\/p>\n<p>Por su parte, la Defensor\u00eda podr\u00eda interponer un Recurso de Nulidad frente al fallo emitido dentro de los pr\u00f3ximos d\u00edas, antes de ser ejecutada la sentencia.<\/p>\n","protected":false},"excerpt":{"rendered":"<p>Pablo Salinas Sald\u00edas &#8211; psalinas@eltrabajo.cl Condenado a cumplir una pena de cuatro a\u00f1os de presidio efectivo fue sentenciado un sujeto domiciliado en la comuna de Llay Llay, identificado como Emilio Germ\u00e1n Orme\u00f1o&#8230;<\/p>\n","protected":false},"author":482,"featured_media":19617,"comment_status":"open","ping_status":"closed","sticky":false,"template":"","format":"standard","meta":{"advanced_seo_description":"","jetpack_seo_html_title":"","jetpack_seo_noindex":false,"_jetpack_memberships_contains_paid_content":false,"footnotes":""},"categories":[21],"tags":[],"class_list":["post-19613","post","type-post","status-publish","format-standard","has-post-thumbnail","hentry","category-policial"],"jetpack_featured_media_url":"https:\/\/i0.wp.com\/eltrabajo.cl\/portal\/wp-content\/uploads\/2012\/06\/Fiscal-Eduardo-Fajardo.jpg?fit=600%2C517&ssl=1","jetpack_sharing_enabled":true,"jetpack_likes_enabled":true,"jetpack-related-posts":[],"_links":{"self":[{"href":"https:\/\/eltrabajo.cl\/portal\/wp-json\/wp\/v2\/posts\/19613","targetHints":{"allow":["GET"]}}],"collection":[{"href":"https:\/\/eltrabajo.cl\/portal\/wp-json\/wp\/v2\/posts"}],"about":[{"href":"https:\/\/eltrabajo.cl\/portal\/wp-json\/wp\/v2\/types\/post"}],"author":[{"embeddable":true,"href":"https:\/\/eltrabajo.cl\/portal\/wp-json\/wp\/v2\/users\/482"}],"replies":[{"embeddable":true,"href":"https:\/\/eltrabajo.cl\/portal\/wp-json\/wp\/v2\/comments?post=19613"}],"version-history":[{"count":0,"href":"https:\/\/eltrabajo.cl\/portal\/wp-json\/wp\/v2\/posts\/19613\/revisions"}],"wp:featuredmedia":[{"embeddable":true,"href":"https:\/\/eltrabajo.cl\/portal\/wp-json\/wp\/v2\/media\/19617"}],"wp:attachment":[{"href":"https:\/\/eltrabajo.cl\/portal\/wp-json\/wp\/v2\/media?parent=19613"}],"wp:term":[{"taxonomy":"category","embeddable":true,"href":"https:\/\/eltrabajo.cl\/portal\/wp-json\/wp\/v2\/categories?post=19613"},{"taxonomy":"post_tag","embeddable":true,"href":"https:\/\/eltrabajo.cl\/portal\/wp-json\/wp\/v2\/tags?post=19613"}],"curies":[{"name":"wp","href":"https:\/\/api.w.org\/{rel}","templated":true}]}}