{"id":19620,"date":"2012-06-19T10:31:32","date_gmt":"2012-06-19T14:31:32","guid":{"rendered":"http:\/\/www.eltrabajo.cl\/portal\/?p=19620"},"modified":"2012-06-19T10:31:33","modified_gmt":"2012-06-19T14:31:33","slug":"excursionista-perdido-en-laguna-el-copin-andres-andresen-%e2%80%9cpense-que-iba-a-morir-pero-dije-tengo-que-salir-adelante-y-morire-en-el-intento%e2%80%9d","status":"publish","type":"post","link":"https:\/\/eltrabajo.cl\/portal\/excursionista-perdido-en-laguna-el-copin-andres-andresen-%e2%80%9cpense-que-iba-a-morir-pero-dije-tengo-que-salir-adelante-y-morire-en-el-intento%e2%80%9d\/","title":{"rendered":"Excursionista perdido en laguna El Cop\u00edn, Andr\u00e9s Andresen: \u201cPens\u00e9 que iba a morir, pero dije tengo que salir adelante y morir\u00e9 en el intento\u201d"},"content":{"rendered":"<figure id=\"attachment_19621\" aria-describedby=\"caption-attachment-19621\" style=\"width: 600px\" class=\"wp-caption alignnone\"><a href=\"http:\/\/www.eltrabajo.cl\/portal\/2012\/06\/excursionista-perdido-en-laguna-el-copin-andres-andresen-%e2%80%9cpense-que-iba-a-morir-pero-dije-tengo-que-salir-adelante-y-morire-en-el-intento%e2%80%9d\/carabineros-2\/\" rel=\"attachment wp-att-19621\"><img data-recalc-dims=\"1\" loading=\"lazy\" decoding=\"async\" class=\"size-full wp-image-19621\" title=\"carabineros 2\" src=\"https:\/\/i0.wp.com\/www.eltrabajo.cl\/portal\/wp-content\/uploads\/2012\/06\/carabineros-2.jpg?resize=600%2C450\" alt=\"\" width=\"600\" height=\"450\" srcset=\"https:\/\/i0.wp.com\/eltrabajo.cl\/portal\/wp-content\/uploads\/2012\/06\/carabineros-2.jpg?w=600&amp;ssl=1 600w, https:\/\/i0.wp.com\/eltrabajo.cl\/portal\/wp-content\/uploads\/2012\/06\/carabineros-2.jpg?resize=200%2C150&amp;ssl=1 200w, https:\/\/i0.wp.com\/eltrabajo.cl\/portal\/wp-content\/uploads\/2012\/06\/carabineros-2.jpg?resize=300%2C225&amp;ssl=1 300w, https:\/\/i0.wp.com\/eltrabajo.cl\/portal\/wp-content\/uploads\/2012\/06\/carabineros-2.jpg?resize=150%2C112&amp;ssl=1 150w, https:\/\/i0.wp.com\/eltrabajo.cl\/portal\/wp-content\/uploads\/2012\/06\/carabineros-2.jpg?resize=400%2C300&amp;ssl=1 400w\" sizes=\"auto, (max-width: 600px) 100vw, 600px\" \/><\/a><figcaption id=\"caption-attachment-19621\" class=\"wp-caption-text\">En horas de la ma\u00f1ana de este lunes, el helic\u00f3ptero de Carabineros dio con el paradero del excursionista, quien tuvo que soportar baj\u00edsimas temperaturas.<\/figcaption><\/figure>\n<p>Estable, aunque con signos de deshidrataci\u00f3n, ingres\u00f3 este lunes Andr\u00e9s Andresen Romero, de 29 a\u00f1os de edad, quien estuvo extraviado a m\u00e1s de dos mil metros de altura en el sector de la laguna El Cop\u00edn, desde la tarde del s\u00e1bado y hasta las primeras horas de este lunes.<\/p>\n<p>La primera alarma la dio un llamado telef\u00f3nico al nivel de emergencia 133 de Carabineros, efectuado alrededor de las 18:50 horas del domingo por el propio Andr\u00e9s Andresen, quien hab\u00eda logrado descender hasta obtener se\u00f1al en su celular y se\u00f1alaba encontrarse extraviado en el sector de la laguna El Cop\u00edn. De inmediato se activ\u00f3 un plan de b\u00fasqueda y rescate para dar con el paradero del sujeto, el que comenz\u00f3 a las 19:30 horas y donde particip\u00f3 personal de la Escuela de Fronteras de Carabineros y de la Segunda Comisar\u00eda de San Felipe.<\/p>\n<figure id=\"attachment_19622\" aria-describedby=\"caption-attachment-19622\" style=\"width: 300px\" class=\"wp-caption alignleft\"><a href=\"http:\/\/www.eltrabajo.cl\/portal\/2012\/06\/excursionista-perdido-en-laguna-el-copin-andres-andresen-%e2%80%9cpense-que-iba-a-morir-pero-dije-tengo-que-salir-adelante-y-morire-en-el-intento%e2%80%9d\/andres-2\/\" rel=\"attachment wp-att-19622\"><img data-recalc-dims=\"1\" loading=\"lazy\" decoding=\"async\" class=\"size-medium wp-image-19622\" title=\"andres 2\" src=\"https:\/\/i0.wp.com\/www.eltrabajo.cl\/portal\/wp-content\/uploads\/2012\/06\/andres-2-300x225.jpg?resize=300%2C225\" alt=\"\" width=\"300\" height=\"225\" srcset=\"https:\/\/i0.wp.com\/eltrabajo.cl\/portal\/wp-content\/uploads\/2012\/06\/andres-2.jpg?resize=300%2C225&amp;ssl=1 300w, https:\/\/i0.wp.com\/eltrabajo.cl\/portal\/wp-content\/uploads\/2012\/06\/andres-2.jpg?resize=200%2C150&amp;ssl=1 200w, https:\/\/i0.wp.com\/eltrabajo.cl\/portal\/wp-content\/uploads\/2012\/06\/andres-2.jpg?resize=150%2C112&amp;ssl=1 150w, https:\/\/i0.wp.com\/eltrabajo.cl\/portal\/wp-content\/uploads\/2012\/06\/andres-2.jpg?resize=400%2C300&amp;ssl=1 400w, https:\/\/i0.wp.com\/eltrabajo.cl\/portal\/wp-content\/uploads\/2012\/06\/andres-2.jpg?w=600&amp;ssl=1 600w\" sizes=\"auto, (max-width: 300px) 100vw, 300px\" \/><\/a><figcaption id=\"caption-attachment-19622\" class=\"wp-caption-text\">Andr\u00e9s Andresen estuvo extraviado desde el s\u00e1bado en la tarde y hasta este lunes cuando fue encontrado por Carabineros.<\/figcaption><\/figure>\n<p>Sin embargo la llegada de la noche y las malas condiciones clim\u00e1ticas impidieron dar con el paradero de Andresen, quien tuvo que pasar la noche y soportar las bajas temperaturas en el sector precordillerano, ya que el operativo de b\u00fasqueda fue suspendido a las 21 horas.<\/p>\n<p><strong>B\u00daSQUEDA<\/strong><\/p>\n<p>La b\u00fasqueda comenz\u00f3 nuevamente este lunes, alrededor de las 6 de la ma\u00f1ana, con el apoyo de un helic\u00f3ptero de la Prefectura Aeropolicial, dando con Andresen pasadas las 11de la ma\u00f1ana, quien se encontraba caminando por un sendero en el sector de la laguna El Cop\u00edn, ya que el joven hab\u00eda decidido comenzar a bajar en horas de la tarde. Andresen fue rescatado y trasladado de inmediato al hospital San Camilo, donde ingres\u00f3 con signos de deshidrataci\u00f3n, pero no afectado por las bajas temperaturas, por lo que durante la ma\u00f1ana se le realizaron distintos ex\u00e1menes para establecer alg\u00fan tipo de consecuencia f\u00edsica por la experiencia vivida.<\/p>\n<p><strong>EXTRAVIADO<\/strong><\/p>\n<p>Seg\u00fan pudo establecer m\u00e1s tarde Carabineros, Andr\u00e9s Andresen, quien es oriundo de la comuna de Hualp\u00e9n, se traslad\u00f3 junto a un conocido y gu\u00eda hasta el sector precordillerano, pero en un momento en que las condiciones clim\u00e1ticas empeoraron, el gu\u00eda de Andresen decidi\u00f3 volver por el sendero que hab\u00edan recorrido, dej\u00e1ndolo s\u00f3lo, siguiendo su caminata y alrededor de las 11 de la noche, al ver que las condiciones clim\u00e1ticas empeoraron, que comenz\u00f3 a nevar copiosamente y ver que era imposible abandonar el lugar, busc\u00f3 refugio por el sector.<\/p>\n<p>Alrededor de las 5 de la ma\u00f1ana despert\u00f3 y se percat\u00f3 que el lugar se encontraba con varios cent\u00edmetros de nieve, por lo que intent\u00f3 devolverse por el sector donde hab\u00eda subido, situaci\u00f3n que fue imposible, refugi\u00e1ndose nuevamente donde estaba.<\/p>\n<p>\u201cEl domingo, como a las 5 de la tarde, salgo nuevamente, me di las fuerzas, estuve caminando aproximadamente unas dos horas con la nieve m\u00e1s arriba de la rodilla y no ve\u00eda nada, as\u00ed que hasta donde pude llegar ve\u00eda la ciudad de San Felipe y se oscureci\u00f3 y no ve\u00eda nada y me qued\u00e9 en una roca pasando la noche\u201d.<\/p>\n<p>En las primeras horas de este lunes nuevamente intent\u00f3 bajar, pero desvi\u00f3 el camino, por lo que tuvo que devolverse, subi\u00f3 nuevamente por el cerro donde se encontraba. En su recorrido se cay\u00f3 y se dio un golpe en la cabeza.<\/p>\n<p>\u201cComo a las 9 de la ma\u00f1ana encontr\u00e9 el camino que me llev\u00f3 a Campos de Ahumada, con la poca bater\u00eda que me quedaba intent\u00e9 comunicarme con ellos (Carabineros) y me los encontr\u00e9 en el helic\u00f3ptero. Fue terrible, pens\u00e9 que me iba a morir, pero me dije tengo que salir adelante y si voy a morir, voy a morir en el intento. Para nunca m\u00e1s\u201d, se\u00f1al\u00f3 Andr\u00e9s, quien en horas de la ma\u00f1ana se recuperaba en el hospital San Camilo.<\/p>\n","protected":false},"excerpt":{"rendered":"<p>Estable, aunque con signos de deshidrataci\u00f3n, ingres\u00f3 este lunes Andr\u00e9s Andresen Romero, de 29 a\u00f1os de edad, quien estuvo extraviado a m\u00e1s de dos mil metros de altura en el sector de&#8230;<\/p>\n","protected":false},"author":482,"featured_media":19621,"comment_status":"open","ping_status":"closed","sticky":false,"template":"","format":"standard","meta":{"advanced_seo_description":"","jetpack_seo_html_title":"","jetpack_seo_noindex":false,"_jetpack_memberships_contains_paid_content":false,"footnotes":""},"categories":[21],"tags":[],"class_list":["post-19620","post","type-post","status-publish","format-standard","has-post-thumbnail","hentry","category-policial"],"jetpack_featured_media_url":"https:\/\/i0.wp.com\/eltrabajo.cl\/portal\/wp-content\/uploads\/2012\/06\/carabineros-2.jpg?fit=600%2C450&ssl=1","jetpack_sharing_enabled":true,"jetpack_likes_enabled":true,"jetpack-related-posts":[],"_links":{"self":[{"href":"https:\/\/eltrabajo.cl\/portal\/wp-json\/wp\/v2\/posts\/19620","targetHints":{"allow":["GET"]}}],"collection":[{"href":"https:\/\/eltrabajo.cl\/portal\/wp-json\/wp\/v2\/posts"}],"about":[{"href":"https:\/\/eltrabajo.cl\/portal\/wp-json\/wp\/v2\/types\/post"}],"author":[{"embeddable":true,"href":"https:\/\/eltrabajo.cl\/portal\/wp-json\/wp\/v2\/users\/482"}],"replies":[{"embeddable":true,"href":"https:\/\/eltrabajo.cl\/portal\/wp-json\/wp\/v2\/comments?post=19620"}],"version-history":[{"count":0,"href":"https:\/\/eltrabajo.cl\/portal\/wp-json\/wp\/v2\/posts\/19620\/revisions"}],"wp:featuredmedia":[{"embeddable":true,"href":"https:\/\/eltrabajo.cl\/portal\/wp-json\/wp\/v2\/media\/19621"}],"wp:attachment":[{"href":"https:\/\/eltrabajo.cl\/portal\/wp-json\/wp\/v2\/media?parent=19620"}],"wp:term":[{"taxonomy":"category","embeddable":true,"href":"https:\/\/eltrabajo.cl\/portal\/wp-json\/wp\/v2\/categories?post=19620"},{"taxonomy":"post_tag","embeddable":true,"href":"https:\/\/eltrabajo.cl\/portal\/wp-json\/wp\/v2\/tags?post=19620"}],"curies":[{"name":"wp","href":"https:\/\/api.w.org\/{rel}","templated":true}]}}