{"id":19626,"date":"2012-06-19T10:42:54","date_gmt":"2012-06-19T14:42:54","guid":{"rendered":"http:\/\/www.eltrabajo.cl\/portal\/?p=19626"},"modified":"2012-06-19T10:42:54","modified_gmt":"2012-06-19T14:42:54","slug":"piden-cadena-perpetua-para-pareja-que-dio-muerte-a-katalina","status":"publish","type":"post","link":"https:\/\/eltrabajo.cl\/portal\/piden-cadena-perpetua-para-pareja-que-dio-muerte-a-katalina\/","title":{"rendered":"Piden cadena perpetua para pareja que dio muerte a Katalina"},"content":{"rendered":"<figure id=\"attachment_19627\" aria-describedby=\"caption-attachment-19627\" style=\"width: 600px\" class=\"wp-caption alignnone\"><a href=\"http:\/\/www.eltrabajo.cl\/portal\/2012\/06\/piden-cadena-perpetua-para-pareja-que-dio-muerte-a-katalina\/nicole_leiva3\/\" rel=\"attachment wp-att-19627\"><img data-recalc-dims=\"1\" loading=\"lazy\" decoding=\"async\" class=\"size-full wp-image-19627\" title=\"nicole_leiva3\" src=\"https:\/\/i0.wp.com\/www.eltrabajo.cl\/portal\/wp-content\/uploads\/2012\/06\/nicole_leiva3.jpg?resize=600%2C400\" alt=\"\" width=\"600\" height=\"400\" srcset=\"https:\/\/i0.wp.com\/eltrabajo.cl\/portal\/wp-content\/uploads\/2012\/06\/nicole_leiva3.jpg?w=600&amp;ssl=1 600w, https:\/\/i0.wp.com\/eltrabajo.cl\/portal\/wp-content\/uploads\/2012\/06\/nicole_leiva3.jpg?resize=200%2C133&amp;ssl=1 200w, https:\/\/i0.wp.com\/eltrabajo.cl\/portal\/wp-content\/uploads\/2012\/06\/nicole_leiva3.jpg?resize=300%2C200&amp;ssl=1 300w, https:\/\/i0.wp.com\/eltrabajo.cl\/portal\/wp-content\/uploads\/2012\/06\/nicole_leiva3.jpg?resize=150%2C100&amp;ssl=1 150w, https:\/\/i0.wp.com\/eltrabajo.cl\/portal\/wp-content\/uploads\/2012\/06\/nicole_leiva3.jpg?resize=400%2C266&amp;ssl=1 400w\" sizes=\"auto, (max-width: 600px) 100vw, 600px\" \/><\/a><figcaption id=\"caption-attachment-19627\" class=\"wp-caption-text\">Nicole Leiva, la mujer que habr\u00eda dado muerte a la muchacha a golpes de pu\u00f1os en la cabeza.<\/figcaption><\/figure>\n<ul>\n<li><strong>El cuerpo de la menor fue quemado e inhumado para ocultar el crimen. El viernes comienza el juicio oral.<\/strong><\/li>\n<\/ul>\n<p><strong>LOS ANDES<\/strong>.- El pr\u00f3ximo viernes en el Tribunal Oral en lo Penal de Los Andes, se dar\u00e1 inici\u00f3 al juicio en contra de Nicole Leiva Sol\u00eds y su pareja R\u00f3binson Zamora por el brutal crimen de la peque\u00f1a Katalina Cerda Alcorce, hecho ocurrido el 24 de junio de 2009 en Los Andes.<\/p>\n<p>De acuerdo con los antecedentes reunidos durante la investigaci\u00f3n por el fiscal jefe de Los Andes, Ricardo Reinoso, en abril de 2009 la madre de la v\u00edctima lleg\u00f3 a vivir a los Andes y dej\u00f3 a la peque\u00f1a Katalina al cuidado de R\u00f3binson Zamora Gonz\u00e1lez y Nicol Tamara Leiva.<\/p>\n<figure id=\"attachment_19628\" aria-describedby=\"caption-attachment-19628\" style=\"width: 300px\" class=\"wp-caption alignright\"><a href=\"http:\/\/www.eltrabajo.cl\/portal\/2012\/06\/piden-cadena-perpetua-para-pareja-que-dio-muerte-a-katalina\/robinson_zamora\/\" rel=\"attachment wp-att-19628\"><img data-recalc-dims=\"1\" loading=\"lazy\" decoding=\"async\" class=\"size-medium wp-image-19628\" title=\"robinson_zamora\" src=\"https:\/\/i0.wp.com\/www.eltrabajo.cl\/portal\/wp-content\/uploads\/2012\/06\/robinson_zamora-300x241.jpg?resize=300%2C241\" alt=\"\" width=\"300\" height=\"241\" srcset=\"https:\/\/i0.wp.com\/eltrabajo.cl\/portal\/wp-content\/uploads\/2012\/06\/robinson_zamora.jpg?resize=300%2C241&amp;ssl=1 300w, https:\/\/i0.wp.com\/eltrabajo.cl\/portal\/wp-content\/uploads\/2012\/06\/robinson_zamora.jpg?resize=186%2C150&amp;ssl=1 186w, https:\/\/i0.wp.com\/eltrabajo.cl\/portal\/wp-content\/uploads\/2012\/06\/robinson_zamora.jpg?resize=150%2C120&amp;ssl=1 150w, https:\/\/i0.wp.com\/eltrabajo.cl\/portal\/wp-content\/uploads\/2012\/06\/robinson_zamora.jpg?resize=400%2C322&amp;ssl=1 400w, https:\/\/i0.wp.com\/eltrabajo.cl\/portal\/wp-content\/uploads\/2012\/06\/robinson_zamora.jpg?w=600&amp;ssl=1 600w\" sizes=\"auto, (max-width: 300px) 100vw, 300px\" \/><\/a><figcaption id=\"caption-attachment-19628\" class=\"wp-caption-text\">R\u00f3binson Zamora, ex empleador de la madre de Katalina, ayud\u00f3 a su mujer. Nicole Leiva, a deshacerse del cuerpo.<\/figcaption><\/figure>\n<p>R\u00f3binson Zamora era administrador de un night club andino y la madre de Katalina hab\u00eda trabajado un par de meses antes en su local, raz\u00f3n por la cual le confi\u00f3 a \u00e9l y a su c\u00f3nyuge -a cambio de una suma de dinero- el cuidado de su hija, pues ella no pod\u00eda hacerlo por razones laborales.<\/p>\n<p>La infante estuvo en manos de Zamora y Leiva entre abril y junio, hasta que el 24 de ese mes, alrededor de las 22 horas, luego de llegar de su trabajo, la madre de Katalina se percat\u00f3 de moretones que \u00e9sta presentaba en la parte anterior de sus muslos, gl\u00fateos y vagina.<\/p>\n<p>Frente a esta situaci\u00f3n, la mujer encar\u00f3 al matrimonio y ambos le reconocieron que las lesiones fueron provocadas por Tamara Leiva con una correa y con pellizcos en la vagina y gl\u00fateos porque se hab\u00eda orinado en la cama.<\/p>\n<p>Al d\u00eda siguiente y advertidos de que la madre de Katalina efectuar\u00eda una denuncia por maltrato, Leiva agredi\u00f3 nuevamente a la ni\u00f1a que segu\u00eda bajo su cuidado, pero esta vez fue con golpes de pu\u00f1os en la cabeza, los cuales le produjeron a la v\u00edctima un traumatismo enc\u00e9falo craneano que le cost\u00f3 la vida a las pocas horas.<\/p>\n<p>Los acusados, con el objeto de intentar ocultar el homicidio, le aseguraron a la madre que la menor se les hab\u00eda perdido cuando la llevaban de paseo a Santiago e incluso presentaron una denuncia por presunta desgracia en la PDI, pero lo que realmente hab\u00edan hecho -seg\u00fan los antecedentes que arroj\u00f3 la investigaci\u00f3n- fue que envolvieron el cad\u00e1ver de la menor en una frazada y se lo llevaron hasta un sector eriazo de la poblaci\u00f3n Ambrosio O\u2019Higgins, donde le vertieron bencina y le prendieron fuego.<\/p>\n<figure id=\"attachment_19630\" aria-describedby=\"caption-attachment-19630\" style=\"width: 210px\" class=\"wp-caption alignleft\"><a href=\"http:\/\/www.eltrabajo.cl\/portal\/2012\/06\/piden-cadena-perpetua-para-pareja-que-dio-muerte-a-katalina\/katalina-cerda-2\/\" rel=\"attachment wp-att-19630\"><img data-recalc-dims=\"1\" loading=\"lazy\" decoding=\"async\" class=\"size-medium wp-image-19630 \" title=\"katalina-cerda\" src=\"https:\/\/i0.wp.com\/www.eltrabajo.cl\/portal\/wp-content\/uploads\/2012\/06\/katalina-cerda1-300x265.jpg?resize=210%2C186\" alt=\"\" width=\"210\" height=\"186\" srcset=\"https:\/\/i0.wp.com\/eltrabajo.cl\/portal\/wp-content\/uploads\/2012\/06\/katalina-cerda1.jpg?resize=300%2C265&amp;ssl=1 300w, https:\/\/i0.wp.com\/eltrabajo.cl\/portal\/wp-content\/uploads\/2012\/06\/katalina-cerda1.jpg?resize=169%2C150&amp;ssl=1 169w, https:\/\/i0.wp.com\/eltrabajo.cl\/portal\/wp-content\/uploads\/2012\/06\/katalina-cerda1.jpg?resize=150%2C132&amp;ssl=1 150w, https:\/\/i0.wp.com\/eltrabajo.cl\/portal\/wp-content\/uploads\/2012\/06\/katalina-cerda1.jpg?resize=400%2C353&amp;ssl=1 400w, https:\/\/i0.wp.com\/eltrabajo.cl\/portal\/wp-content\/uploads\/2012\/06\/katalina-cerda1.jpg?w=600&amp;ssl=1 600w\" sizes=\"auto, (max-width: 210px) 100vw, 210px\" \/><\/a><figcaption id=\"caption-attachment-19630\" class=\"wp-caption-text\">La peque\u00f1a Katalina Cerda fue quemada en varias ocasiones y luego enterrada para ocultar el crimen.<\/figcaption><\/figure>\n<p>En m\u00e1s de una ocasi\u00f3n volvieron a incendiar el cuerpo para reducir sus restos al m\u00e1ximo, y lo que qued\u00f3 lo echaron en bolsas de basura y los enterraron para asegurarse de que ning\u00fan perro dejara al descubierto el crimen.<\/p>\n<p>La Fiscal\u00eda acusa al matrimonio por homicidio calificado, y llevar\u00e1 ante estrados a unos diez peritos y quince testigos que depondr\u00e1n sobre las circunstancias y medios de prueba para acreditar el il\u00edcito y la participaci\u00f3n de los imputados.<\/p>\n<p>Por este horrendo crimen el Ministerio P\u00fablico est\u00e1 pidiendo presidio perpetuo calificado, lo que equivale a un m\u00ednimo de 40 a\u00f1os de c\u00e1rcel sin optar a beneficios.<\/p>\n","protected":false},"excerpt":{"rendered":"<p>El cuerpo de la menor fue quemado e inhumado para ocultar el crimen. El viernes comienza el juicio oral. LOS ANDES.- El pr\u00f3ximo viernes en el Tribunal Oral en lo Penal de&#8230;<\/p>\n","protected":false},"author":482,"featured_media":19627,"comment_status":"open","ping_status":"closed","sticky":false,"template":"","format":"standard","meta":{"advanced_seo_description":"","jetpack_seo_html_title":"","jetpack_seo_noindex":false,"_jetpack_memberships_contains_paid_content":false,"footnotes":""},"categories":[21],"tags":[],"class_list":["post-19626","post","type-post","status-publish","format-standard","has-post-thumbnail","hentry","category-policial"],"jetpack_featured_media_url":"https:\/\/i0.wp.com\/eltrabajo.cl\/portal\/wp-content\/uploads\/2012\/06\/nicole_leiva3.jpg?fit=600%2C400&ssl=1","jetpack_sharing_enabled":true,"jetpack_likes_enabled":true,"jetpack-related-posts":[],"_links":{"self":[{"href":"https:\/\/eltrabajo.cl\/portal\/wp-json\/wp\/v2\/posts\/19626","targetHints":{"allow":["GET"]}}],"collection":[{"href":"https:\/\/eltrabajo.cl\/portal\/wp-json\/wp\/v2\/posts"}],"about":[{"href":"https:\/\/eltrabajo.cl\/portal\/wp-json\/wp\/v2\/types\/post"}],"author":[{"embeddable":true,"href":"https:\/\/eltrabajo.cl\/portal\/wp-json\/wp\/v2\/users\/482"}],"replies":[{"embeddable":true,"href":"https:\/\/eltrabajo.cl\/portal\/wp-json\/wp\/v2\/comments?post=19626"}],"version-history":[{"count":0,"href":"https:\/\/eltrabajo.cl\/portal\/wp-json\/wp\/v2\/posts\/19626\/revisions"}],"wp:featuredmedia":[{"embeddable":true,"href":"https:\/\/eltrabajo.cl\/portal\/wp-json\/wp\/v2\/media\/19627"}],"wp:attachment":[{"href":"https:\/\/eltrabajo.cl\/portal\/wp-json\/wp\/v2\/media?parent=19626"}],"wp:term":[{"taxonomy":"category","embeddable":true,"href":"https:\/\/eltrabajo.cl\/portal\/wp-json\/wp\/v2\/categories?post=19626"},{"taxonomy":"post_tag","embeddable":true,"href":"https:\/\/eltrabajo.cl\/portal\/wp-json\/wp\/v2\/tags?post=19626"}],"curies":[{"name":"wp","href":"https:\/\/api.w.org\/{rel}","templated":true}]}}