{"id":19634,"date":"2012-06-20T09:38:08","date_gmt":"2012-06-20T13:38:08","guid":{"rendered":"http:\/\/www.eltrabajo.cl\/portal\/?p=19634"},"modified":"2012-06-20T09:38:08","modified_gmt":"2012-06-20T13:38:08","slug":"destaco-alcalde-guillermo-reyes-parlamentarios-defienden-agua-de-putaendo-en-reunion-de-ayer-en-valparaiso","status":"publish","type":"post","link":"https:\/\/eltrabajo.cl\/portal\/destaco-alcalde-guillermo-reyes-parlamentarios-defienden-agua-de-putaendo-en-reunion-de-ayer-en-valparaiso\/","title":{"rendered":"Destac\u00f3 Alcalde Guillermo Reyes: Parlamentarios defienden agua de Putaendo en reuni\u00f3n de ayer en Valpara\u00edso"},"content":{"rendered":"<figure id=\"attachment_19635\" aria-describedby=\"caption-attachment-19635\" style=\"width: 300px\" class=\"wp-caption alignleft\"><a href=\"http:\/\/www.eltrabajo.cl\/portal\/2012\/06\/destaco-alcalde-guillermo-reyes-parlamentarios-defienden-agua-de-putaendo-en-reunion-de-ayer-en-valparaiso\/guillermo-reyes-4\/\" rel=\"attachment wp-att-19635\"><img data-recalc-dims=\"1\" loading=\"lazy\" decoding=\"async\" class=\"size-medium wp-image-19635\" title=\"guillermo reyes\" src=\"https:\/\/i0.wp.com\/www.eltrabajo.cl\/portal\/wp-content\/uploads\/2012\/06\/guillermo-reyes-300x235.jpg?resize=300%2C235\" alt=\"\" width=\"300\" height=\"235\" srcset=\"https:\/\/i0.wp.com\/eltrabajo.cl\/portal\/wp-content\/uploads\/2012\/06\/guillermo-reyes.jpg?resize=300%2C235&amp;ssl=1 300w, https:\/\/i0.wp.com\/eltrabajo.cl\/portal\/wp-content\/uploads\/2012\/06\/guillermo-reyes.jpg?resize=191%2C150&amp;ssl=1 191w, https:\/\/i0.wp.com\/eltrabajo.cl\/portal\/wp-content\/uploads\/2012\/06\/guillermo-reyes.jpg?resize=150%2C117&amp;ssl=1 150w, https:\/\/i0.wp.com\/eltrabajo.cl\/portal\/wp-content\/uploads\/2012\/06\/guillermo-reyes.jpg?resize=400%2C314&amp;ssl=1 400w, https:\/\/i0.wp.com\/eltrabajo.cl\/portal\/wp-content\/uploads\/2012\/06\/guillermo-reyes.jpg?w=600&amp;ssl=1 600w\" sizes=\"auto, (max-width: 300px) 100vw, 300px\" \/><\/a><figcaption id=\"caption-attachment-19635\" class=\"wp-caption-text\">El Alcalde Guillermo Reyes destac\u00f3 el apoyo dado por los diferentes parlamentarios de la zona.<\/figcaption><\/figure>\n<p>La reuni\u00f3n que se desarroll\u00f3 la tarde de este martes en la Intendencia Regional estuvo marcada por el irrestricto apoyo de los parlamentarios asistentes a dicha reuni\u00f3n que entregaron su p\u00fablico respaldo a las demandas encabezadas por la Junta de Vigilancia del R\u00edo Putaendo y la municipalidad sobre el tema de los derechos de aguas entregados la empresa Colb\u00fan.<\/p>\n<p>La cita estuvo encabezada por el Director General de Aguas, Mat\u00edas Desmadril, y cont\u00f3 adem\u00e1s con la presencia del Intendente Ra\u00fal Celis, el Seremi de Obras P\u00fablicas, Pedro Sariego; la senadora Lily P\u00e9rez y los diputados Marco Antonio N\u00fa\u00f1ez y Gaspar Rivas, adem\u00e1s del Alcalde Guillermo Reyes y la directiva de la Junta de Vigilancia del R\u00edo Putaendo encabezada por su presidente Miguel Vega.<\/p>\n<p>El encuentro comenz\u00f3 a eso de las 12.30 horas y se extendi\u00f3 por casi dos horas, donde seg\u00fan lo explicado por el Alcalde Reyes, en todo momento las autoridades de la DGA trataron de imponer sus t\u00e9rminos en cuanto a que el agua sobraba y alcanzaba para el regad\u00edo y el llenado del embalse, lo que fue rebatido por Miguel Vega y por el propio alcalde.<\/p>\n<p>La primera autoridad se\u00f1al\u00f3 adem\u00e1s que se fij\u00f3 un plazo de 15 d\u00edas para volver a reunirse, pero que dicha reuni\u00f3n estar\u00e1 condicionada a que efectivamente haya anuncios concretos, lo que de no ocurrir llevar\u00eda a realizar gestiones con el ministro de Obras P\u00fablicas o el mismo Presidente Sebasti\u00e1n Pi\u00f1era.<\/p>\n<p>Reyes adem\u00e1s se\u00f1al\u00f3 que le dijo con respeto, pero en su cara al Director nacional de la DGA, Mat\u00edas Desmadril, que debiera renunciar despu\u00e9s de haber entregado los derechos de agua a Colb\u00fan, agregando Reyes que dicho funcionario ni siquiera le preocup\u00f3 el emplazamiento realizado, destacando las palabras del Diputado Rivas, quien con mucha energ\u00eda dijo que la entrega de derechos de agua a Colb\u00fan \u201chab\u00eda sido una \u2018chambonada\u2019\u201d, y las palabras de la senadora P\u00e9rez, quien hab\u00eda se\u00f1alado que \u201cten\u00eda la convicci\u00f3n que se hab\u00eda cometido un error\u201d, lo que a su juicio demostraba que los regantes, la comunidad y las autoridades hab\u00edan tenido la raz\u00f3n al se\u00f1alar que esto era algo inaceptable y que perfectamente el Director Nacional de Aguas podr\u00eda haber rechazado y evitar todo este problema que hoy afecta a los regantes y a la comunidad de Putaendo.<\/p>\n<p>Finalmente Reyes dijo que el pr\u00f3ximo s\u00e1bado 30 de junio se realizar\u00e1 un gran acto c\u00edvico art\u00edstico cultural en la plaza de la comuna, donde ya recibi\u00f3 el apoyo de los parlamentarios y donde espera que toda la comunidad replete la plaza para decir con toda la fuerza del mundo: \u201cNo nos roben el agua de Putaendo\u201d.<\/p>\n<p><strong>Patricio Gallardo M.<\/strong><\/p>\n","protected":false},"excerpt":{"rendered":"<p>La reuni\u00f3n que se desarroll\u00f3 la tarde de este martes en la Intendencia Regional estuvo marcada por el irrestricto apoyo de los parlamentarios asistentes a dicha reuni\u00f3n que entregaron su p\u00fablico respaldo&#8230;<\/p>\n","protected":false},"author":482,"featured_media":19635,"comment_status":"open","ping_status":"closed","sticky":false,"template":"","format":"standard","meta":{"advanced_seo_description":"","jetpack_seo_html_title":"","jetpack_seo_noindex":false,"_jetpack_memberships_contains_paid_content":false,"footnotes":""},"categories":[1],"tags":[],"class_list":["post-19634","post","type-post","status-publish","format-standard","has-post-thumbnail","hentry","category-cronica"],"jetpack_featured_media_url":"https:\/\/i0.wp.com\/eltrabajo.cl\/portal\/wp-content\/uploads\/2012\/06\/guillermo-reyes.jpg?fit=600%2C471&ssl=1","jetpack_sharing_enabled":true,"jetpack_likes_enabled":true,"jetpack-related-posts":[],"_links":{"self":[{"href":"https:\/\/eltrabajo.cl\/portal\/wp-json\/wp\/v2\/posts\/19634","targetHints":{"allow":["GET"]}}],"collection":[{"href":"https:\/\/eltrabajo.cl\/portal\/wp-json\/wp\/v2\/posts"}],"about":[{"href":"https:\/\/eltrabajo.cl\/portal\/wp-json\/wp\/v2\/types\/post"}],"author":[{"embeddable":true,"href":"https:\/\/eltrabajo.cl\/portal\/wp-json\/wp\/v2\/users\/482"}],"replies":[{"embeddable":true,"href":"https:\/\/eltrabajo.cl\/portal\/wp-json\/wp\/v2\/comments?post=19634"}],"version-history":[{"count":0,"href":"https:\/\/eltrabajo.cl\/portal\/wp-json\/wp\/v2\/posts\/19634\/revisions"}],"wp:featuredmedia":[{"embeddable":true,"href":"https:\/\/eltrabajo.cl\/portal\/wp-json\/wp\/v2\/media\/19635"}],"wp:attachment":[{"href":"https:\/\/eltrabajo.cl\/portal\/wp-json\/wp\/v2\/media?parent=19634"}],"wp:term":[{"taxonomy":"category","embeddable":true,"href":"https:\/\/eltrabajo.cl\/portal\/wp-json\/wp\/v2\/categories?post=19634"},{"taxonomy":"post_tag","embeddable":true,"href":"https:\/\/eltrabajo.cl\/portal\/wp-json\/wp\/v2\/tags?post=19634"}],"curies":[{"name":"wp","href":"https:\/\/api.w.org\/{rel}","templated":true}]}}