{"id":19638,"date":"2012-06-20T09:39:31","date_gmt":"2012-06-20T13:39:31","guid":{"rendered":"http:\/\/www.eltrabajo.cl\/portal\/?p=19638"},"modified":"2012-06-20T09:39:31","modified_gmt":"2012-06-20T13:39:31","slug":"categorica-defensa-de-diputado-rivas-a-los-regantes-%e2%80%9cla-solucion-mas-clara-y-categorica-es-buscar-la-nulidad-de-derechos-de-agua%e2%80%9d","status":"publish","type":"post","link":"https:\/\/eltrabajo.cl\/portal\/categorica-defensa-de-diputado-rivas-a-los-regantes-%e2%80%9cla-solucion-mas-clara-y-categorica-es-buscar-la-nulidad-de-derechos-de-agua%e2%80%9d\/","title":{"rendered":"Categ\u00f3rica defensa de Diputado Rivas a los regantes: \u201cLa soluci\u00f3n m\u00e1s clara y categ\u00f3rica es buscar la nulidad de derechos de agua\u201d"},"content":{"rendered":"<figure id=\"attachment_19639\" aria-describedby=\"caption-attachment-19639\" style=\"width: 300px\" class=\"wp-caption alignleft\"><a href=\"http:\/\/www.eltrabajo.cl\/portal\/2012\/06\/categorica-defensa-de-diputado-rivas-a-los-regantes-%e2%80%9cla-solucion-mas-clara-y-categorica-es-buscar-la-nulidad-de-derechos-de-agua%e2%80%9d\/gaspar-rivas-2\/\" rel=\"attachment wp-att-19639\"><img data-recalc-dims=\"1\" loading=\"lazy\" decoding=\"async\" class=\"size-medium wp-image-19639\" title=\"gaspar rivas\" src=\"https:\/\/i0.wp.com\/www.eltrabajo.cl\/portal\/wp-content\/uploads\/2012\/06\/gaspar-rivas-300x225.jpg?resize=300%2C225\" alt=\"\" width=\"300\" height=\"225\" srcset=\"https:\/\/i0.wp.com\/eltrabajo.cl\/portal\/wp-content\/uploads\/2012\/06\/gaspar-rivas.jpg?resize=300%2C225&amp;ssl=1 300w, https:\/\/i0.wp.com\/eltrabajo.cl\/portal\/wp-content\/uploads\/2012\/06\/gaspar-rivas.jpg?resize=200%2C150&amp;ssl=1 200w, https:\/\/i0.wp.com\/eltrabajo.cl\/portal\/wp-content\/uploads\/2012\/06\/gaspar-rivas.jpg?resize=150%2C112&amp;ssl=1 150w, https:\/\/i0.wp.com\/eltrabajo.cl\/portal\/wp-content\/uploads\/2012\/06\/gaspar-rivas.jpg?resize=400%2C300&amp;ssl=1 400w, https:\/\/i0.wp.com\/eltrabajo.cl\/portal\/wp-content\/uploads\/2012\/06\/gaspar-rivas.jpg?w=600&amp;ssl=1 600w\" sizes=\"auto, (max-width: 300px) 100vw, 300px\" \/><\/a><figcaption id=\"caption-attachment-19639\" class=\"wp-caption-text\">El Diputado Gaspar Rivas emplaz\u00f3 al Gobierno a declarar nulo el otorgamiento de aguas a Colb\u00fan.<\/figcaption><\/figure>\n<p>\u201cLa entrega de derechos de agua a la hidroel\u00e9ctrica Guardia Vieja es un error que el Gobierno debe solucionar\u201d, as\u00ed de categ\u00f3rico fue el Diputado Gaspar Rivas al referirse al tema luego que la Mesa de Trabajo que sesion\u00f3 en Valpara\u00edso no entregara una salida concreta a la situaci\u00f3n.<\/p>\n<p>El parlamentario enf\u00e1ticamente se\u00f1al\u00f3 que el resultado de la reuni\u00f3n no fue para nada satisfactorio; \u201cporque creo que las respuestas por parte de los directores nacionales de la DOH y DGA no fueron lo suficientemente profundas, no fueron totalmente claras y las dudas persisten\u201d.<\/p>\n<p>Para el legislador es inaceptable que frente a un tema tan grave como es el que enfrenta el proyecto Chacrillas con la entrega de estos derechos de agua, exista tanta discrepancias sobre la existencia de agua para llenar el embalse; \u201clas diferencias son muy fuertes entre lo que plantean la DOH y la DGA con lo que sostienen los regantes de Putaendo, de que no se sabe si el embalse va a tener agua para llenarlo\u201d.<\/p>\n<p>Que las autoridades de Gobierno manifiesten que s\u00ed y la Junta de Vigilancia que no, para el diputado Rivas deja abierta la duda m\u00e1s que razonable de que la entrega de los derechos de agua a Guardia Vieja \u201cpone en peligro el llenado del embalse y no estamos para esperar cuatro, cinco a\u00f1os para ver, para hacer un experimento para saber si se llena o no se llena\u201d.<\/p>\n<p>Frente a la falta de respuestas categ\u00f3ricas de la DGA y la DOH, el parlamentario p\u00fablicamente emplaz\u00f3 al Ministerio de Obras P\u00fablicas a tomar el tema en sus manos, \u201ciniciando las acciones legales para dejar sin efecto, anular este acto jur\u00eddico administrativo que se llev\u00f3 a cabo por parte del Director Nacional General de Aguas Mat\u00edas Desmadryl, porque de no hacerlo no me voy a estar prestando para nuevas mesas de trabajo o cosas por el estilo\u201d.<\/p>\n<p>En ese contexto, el Diputado Gaspar Rivas puntualiz\u00f3 que si a nivel de Gobierno no dan una respuesta como los vecinos de Putaendo est\u00e1n esperando, estar\u00e1 junto a ellos hasta el final; \u201cparticipando en todas manifestaciones pac\u00edficas y democr\u00e1ticas que lleven a cabo en la comuna para manifestar su descontento y exigiendo respuestas de fondo, porque creo que hasta ahora a la comunidad no se le ha dado una respuesta a la cara, frontal y satisfactoria (&#8230;) Porque hasta ahora no veo voluntad de algunas autoridades, solamente se est\u00e1 tratando de justificar un acto que a mi juicio es un error tremendo, al cual debemos buscarle una soluci\u00f3n y para m\u00ed la m\u00e1s clara y categ\u00f3rica es buscar la nulidad de los derechos de agua\u201d.<\/p>\n<p>En ese contexto el parlamentario de Aconcagua se mostr\u00f3 contrario a que el Gobierno negocie con Colb\u00fan: \u201cCreo que no es lo que corresponder\u00eda, no soy partidario de estar negociando con una gran empresa, que en este minuto siente que tiene la sart\u00e9n por el mango y por lo tanto puede obtener alg\u00fan beneficio de alguna u otra manera con la situaci\u00f3n, y la verdad es que a m\u00ed no me interesa velar por los interese de Colb\u00fan, sino que de la comunidad de Putaendo\u201d.<\/p>\n<p>Aunque los directores nacionales de la DGA y DOH se comprometieron a tener una respuesta en quince d\u00edas m\u00e1s, el Diputado Gaspar Rivas no descart\u00f3 llegar al Ministro de Obras P\u00fablicas, Laurence Golborne; \u201csi no hay una soluci\u00f3n satisfactoria en 15 d\u00edas, l\u00f3gicamente tenemos que tomar otros cursos de acci\u00f3n m\u00e1s arriba\u201d.<\/p>\n","protected":false},"excerpt":{"rendered":"<p>\u201cLa entrega de derechos de agua a la hidroel\u00e9ctrica Guardia Vieja es un error que el Gobierno debe solucionar\u201d, as\u00ed de categ\u00f3rico fue el Diputado Gaspar Rivas al referirse al tema luego&#8230;<\/p>\n","protected":false},"author":482,"featured_media":19639,"comment_status":"open","ping_status":"closed","sticky":false,"template":"","format":"standard","meta":{"advanced_seo_description":"","jetpack_seo_html_title":"","jetpack_seo_noindex":false,"_jetpack_memberships_contains_paid_content":false,"footnotes":""},"categories":[1],"tags":[],"class_list":["post-19638","post","type-post","status-publish","format-standard","has-post-thumbnail","hentry","category-cronica"],"jetpack_featured_media_url":"https:\/\/i0.wp.com\/eltrabajo.cl\/portal\/wp-content\/uploads\/2012\/06\/gaspar-rivas.jpg?fit=600%2C451&ssl=1","jetpack_sharing_enabled":true,"jetpack_likes_enabled":true,"jetpack-related-posts":[],"_links":{"self":[{"href":"https:\/\/eltrabajo.cl\/portal\/wp-json\/wp\/v2\/posts\/19638","targetHints":{"allow":["GET"]}}],"collection":[{"href":"https:\/\/eltrabajo.cl\/portal\/wp-json\/wp\/v2\/posts"}],"about":[{"href":"https:\/\/eltrabajo.cl\/portal\/wp-json\/wp\/v2\/types\/post"}],"author":[{"embeddable":true,"href":"https:\/\/eltrabajo.cl\/portal\/wp-json\/wp\/v2\/users\/482"}],"replies":[{"embeddable":true,"href":"https:\/\/eltrabajo.cl\/portal\/wp-json\/wp\/v2\/comments?post=19638"}],"version-history":[{"count":0,"href":"https:\/\/eltrabajo.cl\/portal\/wp-json\/wp\/v2\/posts\/19638\/revisions"}],"wp:featuredmedia":[{"embeddable":true,"href":"https:\/\/eltrabajo.cl\/portal\/wp-json\/wp\/v2\/media\/19639"}],"wp:attachment":[{"href":"https:\/\/eltrabajo.cl\/portal\/wp-json\/wp\/v2\/media?parent=19638"}],"wp:term":[{"taxonomy":"category","embeddable":true,"href":"https:\/\/eltrabajo.cl\/portal\/wp-json\/wp\/v2\/categories?post=19638"},{"taxonomy":"post_tag","embeddable":true,"href":"https:\/\/eltrabajo.cl\/portal\/wp-json\/wp\/v2\/tags?post=19638"}],"curies":[{"name":"wp","href":"https:\/\/api.w.org\/{rel}","templated":true}]}}