{"id":19642,"date":"2012-06-20T09:40:51","date_gmt":"2012-06-20T13:40:51","guid":{"rendered":"http:\/\/www.eltrabajo.cl\/portal\/?p=19642"},"modified":"2012-06-20T09:40:51","modified_gmt":"2012-06-20T13:40:51","slug":"en-recinto-de-la-ex-aduana-se-dio-inicio-al-programa-%e2%80%98noche-digna%e2%80%99","status":"publish","type":"post","link":"https:\/\/eltrabajo.cl\/portal\/en-recinto-de-la-ex-aduana-se-dio-inicio-al-programa-%e2%80%98noche-digna%e2%80%99\/","title":{"rendered":"En recinto de la ex Aduana se dio inicio al programa \u2018Noche Digna\u2019"},"content":{"rendered":"<figure id=\"attachment_19643\" aria-describedby=\"caption-attachment-19643\" style=\"width: 600px\" class=\"wp-caption alignnone\"><a href=\"http:\/\/www.eltrabajo.cl\/portal\/2012\/06\/en-recinto-de-la-ex-aduana-se-dio-inicio-al-programa-%e2%80%98noche-digna%e2%80%99\/ruta-calle1\/\" rel=\"attachment wp-att-19643\"><img data-recalc-dims=\"1\" loading=\"lazy\" decoding=\"async\" class=\"size-full wp-image-19643\" title=\"ruta-calle1\" src=\"https:\/\/i0.wp.com\/www.eltrabajo.cl\/portal\/wp-content\/uploads\/2012\/06\/ruta-calle1.jpg?resize=600%2C400\" alt=\"\" width=\"600\" height=\"400\" srcset=\"https:\/\/i0.wp.com\/eltrabajo.cl\/portal\/wp-content\/uploads\/2012\/06\/ruta-calle1.jpg?w=600&amp;ssl=1 600w, https:\/\/i0.wp.com\/eltrabajo.cl\/portal\/wp-content\/uploads\/2012\/06\/ruta-calle1.jpg?resize=200%2C133&amp;ssl=1 200w, https:\/\/i0.wp.com\/eltrabajo.cl\/portal\/wp-content\/uploads\/2012\/06\/ruta-calle1.jpg?resize=300%2C200&amp;ssl=1 300w, https:\/\/i0.wp.com\/eltrabajo.cl\/portal\/wp-content\/uploads\/2012\/06\/ruta-calle1.jpg?resize=150%2C100&amp;ssl=1 150w, https:\/\/i0.wp.com\/eltrabajo.cl\/portal\/wp-content\/uploads\/2012\/06\/ruta-calle1.jpg?resize=400%2C266&amp;ssl=1 400w\" sizes=\"auto, (max-width: 600px) 100vw, 600px\" \/><\/a><figcaption id=\"caption-attachment-19643\" class=\"wp-caption-text\">Equipos de la gobernaci\u00f3n, municipio y voluntarios de iglesias evang\u00e9licas llevaron ropa de abrigo y alimentos a los indigentes que pernoctan en la ex aduana de Hermanos Clark.<\/figcaption><\/figure>\n<p><strong>LOS ANDES<\/strong>.- Con una visita al recinto de la ex aduana de Hermanos Clark se dio inicio al programa \u2018Ruta de Calle\u2019, que busca entregar apoyo y alimentaci\u00f3n a los indigentes que pernoctan en diversos lugares de la ciudad.<\/p>\n<p>Sobre esta jornada, la Directora de Dideco de la Municipalidad de Los Andes, Romina D\u00edaz, se\u00f1al\u00f3 que esta cruzada bautizada tambi\u00e9n como \u2018Noche Digna\u2019, consisti\u00f3 en la entrega de ropa de abrigo y alimentos a los indigentes que pernoctan en ese lugar.<\/p>\n<p>La profesional puntualiz\u00f3 que en ese lugar duermen diez personas entre j\u00f3venes, adultos mayores y dos mujeres embarazadas a quienes se les entreg\u00f3 un kit de alimentaci\u00f3n con comida caliente.<\/p>\n<p>\u201cSe trata de gente que vive en situaci\u00f3n de calle y que lo que hacen es pernoctar en estos lugares, pero durante el d\u00eda se movilizan por la ciudad pidiendo dinero\u201d, afirm\u00f3.<\/p>\n<p>Romina D\u00edaz record\u00f3 que este programa es financiado por el Gobierno y ejecutado por la Municipalidad con un aporte global de 15 millones de pesos, que implica la entrega de alimentos y ropa de abrigo durante 102 d\u00edas, \u201cvale decir todo lo que dura el invierno\u201d.<\/p>\n<p>Manifest\u00f3 que tienen un m\u00e1ximo de 25 personas para atender durante cada jornada, los cuales reciben en la ma\u00f1ana un desayuno y en la noche una cena, \u201cpor lo tanto tenemos dos turnos de trabajo y adem\u00e1s estamos mejorando la alimentaci\u00f3n y un kit de abrigo especial\u201d.<\/p>\n<p>Asimismo valor\u00f3 el apoyo que han prestado los voluntarios de las iglesias evang\u00e9licas, ya que son ellos los que m\u00e1s conocen los lugares donde pernoctan las personas en situaci\u00f3n de calle en la ciudad.<\/p>\n<p>La directora de Dideco destac\u00f3 la buena recepci\u00f3n que han tenido por parte de los beneficiarios, \u201cy si bien ten\u00edamos alguna aprehensi\u00f3n debido a que la mayor\u00eda de las que participamos en el programa somos mujeres y hab\u00eda un tema de g\u00e9nero, la respuesta ha sido excelente y esperamos seguirlos ayudando todo el invierno\u201d.<\/p>\n<p>La profesional dijo que dentro del grupo de personas atendidas existe una buena parte de ellas que tienen problemas de tipo siqui\u00e1tricos.<\/p>\n","protected":false},"excerpt":{"rendered":"<p>LOS ANDES.- Con una visita al recinto de la ex aduana de Hermanos Clark se dio inicio al programa \u2018Ruta de Calle\u2019, que busca entregar apoyo y alimentaci\u00f3n a los indigentes que&#8230;<\/p>\n","protected":false},"author":482,"featured_media":19643,"comment_status":"open","ping_status":"closed","sticky":false,"template":"","format":"standard","meta":{"advanced_seo_description":"","jetpack_seo_html_title":"","jetpack_seo_noindex":false,"_jetpack_memberships_contains_paid_content":false,"footnotes":""},"categories":[1],"tags":[],"class_list":["post-19642","post","type-post","status-publish","format-standard","has-post-thumbnail","hentry","category-cronica"],"jetpack_featured_media_url":"https:\/\/i0.wp.com\/eltrabajo.cl\/portal\/wp-content\/uploads\/2012\/06\/ruta-calle1.jpg?fit=600%2C400&ssl=1","jetpack_sharing_enabled":true,"jetpack_likes_enabled":true,"jetpack-related-posts":[],"_links":{"self":[{"href":"https:\/\/eltrabajo.cl\/portal\/wp-json\/wp\/v2\/posts\/19642","targetHints":{"allow":["GET"]}}],"collection":[{"href":"https:\/\/eltrabajo.cl\/portal\/wp-json\/wp\/v2\/posts"}],"about":[{"href":"https:\/\/eltrabajo.cl\/portal\/wp-json\/wp\/v2\/types\/post"}],"author":[{"embeddable":true,"href":"https:\/\/eltrabajo.cl\/portal\/wp-json\/wp\/v2\/users\/482"}],"replies":[{"embeddable":true,"href":"https:\/\/eltrabajo.cl\/portal\/wp-json\/wp\/v2\/comments?post=19642"}],"version-history":[{"count":0,"href":"https:\/\/eltrabajo.cl\/portal\/wp-json\/wp\/v2\/posts\/19642\/revisions"}],"wp:featuredmedia":[{"embeddable":true,"href":"https:\/\/eltrabajo.cl\/portal\/wp-json\/wp\/v2\/media\/19643"}],"wp:attachment":[{"href":"https:\/\/eltrabajo.cl\/portal\/wp-json\/wp\/v2\/media?parent=19642"}],"wp:term":[{"taxonomy":"category","embeddable":true,"href":"https:\/\/eltrabajo.cl\/portal\/wp-json\/wp\/v2\/categories?post=19642"},{"taxonomy":"post_tag","embeddable":true,"href":"https:\/\/eltrabajo.cl\/portal\/wp-json\/wp\/v2\/tags?post=19642"}],"curies":[{"name":"wp","href":"https:\/\/api.w.org\/{rel}","templated":true}]}}