{"id":19646,"date":"2012-06-20T09:43:13","date_gmt":"2012-06-20T13:43:13","guid":{"rendered":"http:\/\/www.eltrabajo.cl\/portal\/?p=19646"},"modified":"2012-06-20T09:43:13","modified_gmt":"2012-06-20T13:43:13","slug":"asesores-de-escuelas-agricola-e-industrial-recibieron-medalla-sna","status":"publish","type":"post","link":"https:\/\/eltrabajo.cl\/portal\/asesores-de-escuelas-agricola-e-industrial-recibieron-medalla-sna\/","title":{"rendered":"Asesores de Escuelas Agr\u00edcola e Industrial recibieron Medalla SNA"},"content":{"rendered":"<p>&nbsp;<\/p>\n<figure id=\"attachment_19647\" aria-describedby=\"caption-attachment-19647\" style=\"width: 600px\" class=\"wp-caption alignnone\"><a href=\"http:\/\/www.eltrabajo.cl\/portal\/2012\/06\/asesores-de-escuelas-agricola-e-industrial-recibieron-medalla-sna\/medalla1\/\" rel=\"attachment wp-att-19647\"><img data-recalc-dims=\"1\" loading=\"lazy\" decoding=\"async\" class=\"size-full wp-image-19647\" title=\"Medalla1\" src=\"https:\/\/i0.wp.com\/www.eltrabajo.cl\/portal\/wp-content\/uploads\/2012\/06\/Medalla1.jpg?resize=600%2C409\" alt=\"\" width=\"600\" height=\"409\" srcset=\"https:\/\/i0.wp.com\/eltrabajo.cl\/portal\/wp-content\/uploads\/2012\/06\/Medalla1.jpg?w=600&amp;ssl=1 600w, https:\/\/i0.wp.com\/eltrabajo.cl\/portal\/wp-content\/uploads\/2012\/06\/Medalla1.jpg?resize=200%2C136&amp;ssl=1 200w, https:\/\/i0.wp.com\/eltrabajo.cl\/portal\/wp-content\/uploads\/2012\/06\/Medalla1.jpg?resize=300%2C204&amp;ssl=1 300w, https:\/\/i0.wp.com\/eltrabajo.cl\/portal\/wp-content\/uploads\/2012\/06\/Medalla1.jpg?resize=150%2C102&amp;ssl=1 150w, https:\/\/i0.wp.com\/eltrabajo.cl\/portal\/wp-content\/uploads\/2012\/06\/Medalla1.jpg?resize=400%2C272&amp;ssl=1 400w\" sizes=\"auto, (max-width: 600px) 100vw, 600px\" \/><\/a><figcaption id=\"caption-attachment-19647\" class=\"wp-caption-text\">La Sociedad Nacional de Agricultura reconocieron a los consejeros empresariales de las escuelas Agr\u00edcola e Industrial, \u2018Guillermo Richards Cuevas\u2019, toda su trayectoria a favor de dichas instituciones.<\/figcaption><\/figure>\n<p>Roberto Gonz\u00e1lez Short &#8211; <a href=\"mailto:rgonzalez@eltrabajo.cl\">rgonzalez@eltrabajo.cl<\/a><\/p>\n<p>La Sociedad Nacional de Agricultura, a trav\u00e9s de su Presidente, Patricio Crespo Ureta; el Gerente de la SNA Educa, Arsenio Fern\u00e1ndez Calatayud, y Miguel Allamand Zavala, han querido realizar un reconocimiento a los integrantes de los consejos empresariales de la Escuela Agr\u00edcola de San Felipe y la Escuela Industrial \u2018Guillermo Richards Cuevas\u2019, por la trayectoria y compromiso con su labor dentro de cada escuela, otorg\u00e1ndoles la Medalla SNA.<\/p>\n<p>La Red SNA Educa administra y asesora 22 establecimientos desde Iquique hasta Coyhaique, incluyendo Isla de Pascua, y alcanzando una matr\u00edcula de 8.500 alumnos. Cada establecimiento Educacional cuenta con su respectivo Consejo Empresarial, el cual le ayuda a revisar y actualizar la forma y el fondo de la ense\u00f1anza que imparte. El acto de reconocimiento se realiz\u00f3 en un restaurante de San Felipe.<\/p>\n<p><strong>Los Consejeros distinguidos de la Escuela Agr\u00edcola son:<\/strong><\/p>\n<p>Fernando Vargas Jara.<\/p>\n<p>Ricardo Bonilla Bonilla.<\/p>\n<p>Carlos Rosende Alba.<\/p>\n<p>Miguel Santelices P\u00e9rez De Arce.<\/p>\n<p>Carlos Winkelmann Simonetti.<\/p>\n<p>Roberto Pinto\u00a0 Irarr\u00e1zabal.<\/p>\n<p><strong>Consejeros galardonados de la Escuela Industrial:<\/strong><\/p>\n<p>Roberto Barraza Moreno.<\/p>\n<p>Jaime Amar Amar.<\/p>\n<p>Patricio Fern\u00e1ndez Ureta.<\/p>\n<p>Claudio Rodr\u00edguez Cataldo.<\/p>\n<p>Ram\u00f3n Pinto.<\/p>\n<p>Giovanni De Paoli Uribe.<\/p>\n<p>Roberto Parada Araya.<\/p>\n","protected":false},"excerpt":{"rendered":"<p>&nbsp; Roberto Gonz\u00e1lez Short &#8211; rgonzalez@eltrabajo.cl La Sociedad Nacional de Agricultura, a trav\u00e9s de su Presidente, Patricio Crespo Ureta; el Gerente de la SNA Educa, Arsenio Fern\u00e1ndez Calatayud, y Miguel Allamand Zavala,&#8230;<\/p>\n","protected":false},"author":482,"featured_media":19647,"comment_status":"open","ping_status":"closed","sticky":false,"template":"","format":"standard","meta":{"advanced_seo_description":"","jetpack_seo_html_title":"","jetpack_seo_noindex":false,"_jetpack_memberships_contains_paid_content":false,"footnotes":""},"categories":[1],"tags":[],"class_list":["post-19646","post","type-post","status-publish","format-standard","has-post-thumbnail","hentry","category-cronica"],"jetpack_featured_media_url":"https:\/\/i0.wp.com\/eltrabajo.cl\/portal\/wp-content\/uploads\/2012\/06\/Medalla1.jpg?fit=600%2C409&ssl=1","jetpack_sharing_enabled":true,"jetpack_likes_enabled":true,"jetpack-related-posts":[],"_links":{"self":[{"href":"https:\/\/eltrabajo.cl\/portal\/wp-json\/wp\/v2\/posts\/19646","targetHints":{"allow":["GET"]}}],"collection":[{"href":"https:\/\/eltrabajo.cl\/portal\/wp-json\/wp\/v2\/posts"}],"about":[{"href":"https:\/\/eltrabajo.cl\/portal\/wp-json\/wp\/v2\/types\/post"}],"author":[{"embeddable":true,"href":"https:\/\/eltrabajo.cl\/portal\/wp-json\/wp\/v2\/users\/482"}],"replies":[{"embeddable":true,"href":"https:\/\/eltrabajo.cl\/portal\/wp-json\/wp\/v2\/comments?post=19646"}],"version-history":[{"count":0,"href":"https:\/\/eltrabajo.cl\/portal\/wp-json\/wp\/v2\/posts\/19646\/revisions"}],"wp:featuredmedia":[{"embeddable":true,"href":"https:\/\/eltrabajo.cl\/portal\/wp-json\/wp\/v2\/media\/19647"}],"wp:attachment":[{"href":"https:\/\/eltrabajo.cl\/portal\/wp-json\/wp\/v2\/media?parent=19646"}],"wp:term":[{"taxonomy":"category","embeddable":true,"href":"https:\/\/eltrabajo.cl\/portal\/wp-json\/wp\/v2\/categories?post=19646"},{"taxonomy":"post_tag","embeddable":true,"href":"https:\/\/eltrabajo.cl\/portal\/wp-json\/wp\/v2\/tags?post=19646"}],"curies":[{"name":"wp","href":"https:\/\/api.w.org\/{rel}","templated":true}]}}